{"id":1608,"date":"2026-04-20T08:30:00","date_gmt":"2026-04-20T08:30:00","guid":{"rendered":"https:\/\/bonsaiarquitetura.com.br\/?p=1608"},"modified":"2026-04-25T15:55:19","modified_gmt":"2026-04-25T15:55:19","slug":"materialidade-e-iluminacao-para-espacos-pequenos","status":"publish","type":"post","link":"https:\/\/bonsaiarquitetura.com.br\/en\/materialidade-e-iluminacao-para-espacos-pequenos\/","title":{"rendered":"Materialidade e ilumina\u00e7\u00e3o para espa\u00e7os pequenos"},"content":{"rendered":"<div style=\"height:100px\" aria-hidden=\"true\" class=\"wp-block-spacer is-style-dots\"><\/div>\n\n\n\n<p class=\"has-text-color has-link-color wp-elements-4a18b45c25a82025086d2d28d8d11121\" style=\"color:#425261;font-size:18px;line-height:2\">A <strong>ilumina\u00e7\u00e3o para espa\u00e7os pequenos<\/strong> pode mudar completamente a sensa\u00e7\u00e3o de um ambiente. Muitas vezes o problema n\u00e3o est\u00e1 na metragem do apartamento, mas na forma como os materiais e a luz s\u00e3o organizados.<\/p>\n\n\n\n<p class=\"has-text-color has-link-color wp-elements-6186e4758f7a5fe6ba5ef6fe2b890ad0\" style=\"color:#425261;font-size:18px;line-height:2\">Imagine a cena.<br>Voc\u00ea entra na sala e sente que o espa\u00e7o parece mais cheio do que realmente \u00e9. Uma vez que a estante pesa visualmente, o sof\u00e1 domina o ambiente e a ilumina\u00e7\u00e3o cria sombras duras que fragmentam o espa\u00e7o.<\/p>\n\n\n\n<p class=\"has-text-color has-link-color wp-elements-86106c636d719a299d0cae753d639973\" style=\"color:#425261;font-size:18px;line-height:2\">\u00c9 exatamente isso que acontece com muita frequ\u00eancia em apartamentos pequenos.<\/p>\n\n\n\n<p class=\"has-text-color has-link-color wp-elements-e1fbc72fd39a94a4736ec863b9d24e7f\" style=\"color:#425261;font-size:18px;line-height:2\">Mas a boa not\u00edcia \u00e9 que, com algumas decis\u00f5es simples de materialidade e ilumina\u00e7\u00e3o, \u00e9 poss\u00edvel criar amplitude e leveza sem precisar remover m\u00f3veis ou reformar tudo.<\/p>\n\n\n\n<p class=\"has-text-color has-link-color wp-elements-7a2a5a066f070c44574df675e9924f62\" style=\"color:#425261;font-size:18px;line-height:2\">Por isso, neste artigo, vamos mostrar como pequenos ajustes na escolha dos materiais e na distribui\u00e7\u00e3o da luz podem transformar completamente a sensa\u00e7\u00e3o de um ambiente compacto.<\/p>\n\n\n\n<div style=\"height:50px\" aria-hidden=\"true\" class=\"wp-block-spacer is-style-dots\"><\/div>\n\n\n\n<p class=\"has-text-color has-link-color wp-elements-79874cfab1fa47cbea9ecae2d0af9193\" style=\"color:#8c5737;font-size:25px;font-style:normal;font-weight:700;line-height:2\">\ud83c\udf3fQuando o espa\u00e7o parece menor do que realmente \u00e9<\/p>\n\n\n\n<p class=\"has-text-color has-link-color wp-elements-59087b954ec36c43673df51ce305b53b\" style=\"color:#425261;font-size:18px;line-height:2\">Em muitos apartamentos pequenos, a sensa\u00e7\u00e3o de aperto n\u00e3o vem apenas do tamanho do espa\u00e7o.<\/p>\n\n\n\n<p class=\"has-text-color has-link-color wp-elements-e8631d4613cdef749846addc58a68a96\" style=\"color:#425261;font-size:18px;line-height:2\">Ela vem da <strong>fragmenta\u00e7\u00e3o visual<\/strong>.<\/p>\n\n\n\n<p class=\"has-text-color has-link-color wp-elements-57197f8281d667ecdb84acd00e0f1d25\" style=\"color:#425261;font-size:18px;line-height:2\">Quando cada elemento tem uma cor diferente, um material diferente ou uma textura muito marcante, o olhar encontra muitos pontos de interrup\u00e7\u00e3o. Assim, o resultado \u00e9 um ambiente visualmente pesado.<\/p>\n\n\n\n<p class=\"has-text-color has-link-color wp-elements-71c20debef331e743c76b8f540ad01f5\" style=\"color:#425261;font-size:18px;line-height:2\">Al\u00e9m disso, a ilumina\u00e7\u00e3o mal distribu\u00edda pode acentuar esse problema.<\/p>\n\n\n\n<p class=\"has-text-color has-link-color wp-elements-05d4079d6c37ba64397469922e339544\" style=\"color:#425261;font-size:18px;line-height:2\">Luzes muito pontuais criam \u00e1reas escuras ao redor.<br>Isso faz o espa\u00e7o parecer mais dividido.<\/p>\n\n\n\n<p class=\"has-text-color has-link-color wp-elements-af592ca4f1ccd8c6e1a6e12100462ca6\" style=\"color:#425261;font-size:18px;line-height:2\">Por isso, em ambientes compactos, o ideal \u00e9 justamente o contr\u00e1rio.<\/p>\n\n\n\n<p class=\"has-text-color has-link-color wp-elements-f8e9327389c07ed3a12a9545cf341410\" style=\"color:#425261;font-size:18px;line-height:2\">Logo, quanto mais continuidade visual existir entre materiais, cores e ilumina\u00e7\u00e3o, maior ser\u00e1 a sensa\u00e7\u00e3o de amplitude.<\/p>\n\n\n\n<div style=\"height:50px\" aria-hidden=\"true\" class=\"wp-block-spacer is-style-dots\"><\/div>\n\n\n\n<h2 class=\"wp-block-heading has-text-color has-link-color wp-elements-ddfae39352022bb3b84d8b7fbfd1c331\" style=\"color:#8c5737;font-size:25px;font-style:normal;font-weight:700;line-height:2\">\ud83c\udf3f A causa invis\u00edvel: materiais desconectados e luz mal planejada<\/h2>\n\n\n\n<p class=\"has-text-color has-link-color wp-elements-ab62091215bf76b7770feaf67dcbdac1\" style=\"color:#425261;font-size:18px;line-height:2\">Antes de tudo, \u00e9 importante entender uma coisa.<\/p>\n\n\n\n<p class=\"has-text-color has-link-color wp-elements-3b8af8ee54e6b2bf422609c09246101e\" style=\"color:#425261;font-size:18px;line-height:2\">Ambientes pequenos funcionam melhor quando seguem uma l\u00f3gica simples de materialidade.<\/p>\n\n\n\n<p class=\"has-text-color has-link-color wp-elements-bb80299b67e4d1e9e9ba02c657e0d2d6\" style=\"color:#425261;font-size:18px;line-height:2\">Ou seja, reduzir a quantidade de materiais e criar uma base visual mais unificada.<\/p>\n\n\n\n<p class=\"has-text-color has-link-color wp-elements-55f57e3505e4de42dabb270dd10aa4f6\" style=\"color:#425261;font-size:18px;line-height:2\">Por exemplo, quando o piso, os m\u00f3veis principais e alguns elementos da marcenaria conversam entre si, o ambiente ganha continuidade.<\/p>\n\n\n\n<p class=\"has-text-color has-link-color wp-elements-1f2ffdde3353138bbccab9941de64168\" style=\"color:#425261;font-size:18px;line-height:2\">O olhar percorre o espa\u00e7o com mais fluidez.<\/p>\n\n\n\n<p class=\"has-text-color has-link-color wp-elements-0f409b9dbacefcee6f74749c497b05d2\" style=\"color:#425261;font-size:18px;line-height:2\">Nesse sentido, a ilumina\u00e7\u00e3o tamb\u00e9m exerce um papel fundamental.<\/p>\n\n\n\n<p class=\"has-text-color has-link-color wp-elements-db54b0ffeb3e0260351024a581b040b9\" style=\"color:#425261;font-size:18px;line-height:2\">Uma luz bem distribu\u00edda n\u00e3o serve apenas para iluminar. Dessa forma, ela ajuda a <strong>delimitar fun\u00e7\u00f5es e ampliar a percep\u00e7\u00e3o do espa\u00e7o<\/strong>.<\/p>\n\n\n\n<p class=\"has-text-color has-link-color wp-elements-05a47c5324c195700593413e9c295ca8\" style=\"color:#425261;font-size:18px;line-height:2\">Por exemplo:<\/p>\n\n\n\n<ul class=\"wp-block-list\">\n<li class=\"has-text-color has-link-color wp-elements-9cce66b500295d9696e6bb2888da4f28\" style=\"color:#425261;font-size:18px;line-height:1.8\">luz indireta em prateleiras cria profundidade<\/li>\n\n\n\n<li class=\"has-text-color has-link-color wp-elements-860ed77a5d4320d23d1c85a9722ec297\" style=\"color:#425261;font-size:18px;line-height:1.8\">lumin\u00e1rias de parede liberam \u00e1rea no piso<\/li>\n\n\n\n<li class=\"has-text-color has-link-color wp-elements-42c817ccf4f67b269df115804687d86c\" style=\"color:#425261;font-size:18px;line-height:1.8\">ilumina\u00e7\u00e3o linear pode alongar visualmente o ambiente<\/li>\n<\/ul>\n\n\n\n<p class=\"has-text-color has-link-color wp-elements-c80fd5cb0d9d5f35eaffd149baa6fa5e\" style=\"color:#425261;font-size:18px;line-height:2\">Al\u00e9m disso, quando a luz \u00e9 mais difusa e uniforme, o espa\u00e7o ganha conforto visual.<\/p>\n\n\n\n<p class=\"has-text-color has-link-color wp-elements-d825c4e16dbed179e7d9f4cedc8fab52\" style=\"color:#425261;font-size:18px;line-height:2\">Assim, se voc\u00ea gosta de explorar solu\u00e7\u00f5es inteligentes para ambientes compactos, vale tamb\u00e9m conhecer o artigo <strong><a href=\"https:\/\/bonsaiarquitetura.com.br\/en\/organizacao-de-microespacos\/\">Como a Organiza\u00e7\u00e3o de Microespa\u00e7os Pode Trazer Leveza ao Seu Dia<\/a><\/strong>.<\/p>\n\n\n\n<p class=\"has-text-color has-link-color wp-elements-31828df7186099db4d4a647fbf71181b\" style=\"color:#425261;font-size:18px;line-height:2\">Outro conceito que pode ajudar muito \u00e9 o uso de <strong>m\u00f3veis multifuncionais<\/strong>, especialmente em salas pequenas. J\u00e1 falamos mais sobre isso no artigo <strong><a href=\"https:\/\/bonsaiarquitetura.com.br\/en\/supermobilario\/\">Supermobili\u00e1rio: quando um m\u00f3vel resolve v\u00e1rias fun\u00e7\u00f5es da casa<\/a><\/strong>.<br>Assim, materialidade e ilumina\u00e7\u00e3o passam a trabalhar juntas.<\/p>\n\n\n\n<p class=\"has-text-color has-link-color wp-elements-f406b02bdf8c7b7284b0a4c196d2bec1\" style=\"color:#425261;font-size:18px;line-height:2\">E finalmente o ambiente come\u00e7a a parecer mais leve.<\/p>\n\n\n\n<div style=\"height:50px\" aria-hidden=\"true\" class=\"wp-block-spacer is-style-dots\"><\/div>\n\n\n\n<h3 class=\"wp-block-heading has-text-color has-link-color wp-elements-134ea057771f52e9b2b7ee97dca3b54d\" style=\"color:#8c5737;font-size:25px;font-style:normal;font-weight:700;line-height:2\">\ud83c\udf3f Solu\u00e7\u00f5es pr\u00e1ticas com sof\u00e1s ideais para ambientes compactos<\/h3>\n\n\n\n<p class=\"has-text-color has-link-color wp-elements-f5cea852ccaef10a95e969f4a4930489\" style=\"color:#425261;font-size:18px;line-height:2\">Para ilustrar essas ideias na pr\u00e1tica, selecionamos algumas pe\u00e7as da <strong><a href=\"https:\/\/www.awin1.com\/cread.php?awinmid=122316&amp;awinaffid=2656664&amp;ued=https%3A%2F%2Fwww.westwing.com.br%2F\">Westwing<\/a><\/strong> que costumamos indicar em nossas consultorias e projetos.<\/p>\n\n\n\n<p class=\"has-text-color has-link-color wp-elements-551f6563b28ae2fe737df76c8c83ab01\" style=\"color:#425261;font-size:18px;line-height:2\">S\u00e3o sof\u00e1s que funcionam bem em <strong>apartamentos pequenos<\/strong>, porque equilibram propor\u00e7\u00e3o, conforto e leveza visual.<\/p>\n\n\n\n<p class=\"has-text-color has-link-color wp-elements-ab18c380fd9013e36986e3e052c823c5\" style=\"color:#425261;font-size:18px;line-height:2\"><strong><a href=\"https:\/\/www.awin1.com\/cread.php?awinmid=122316&amp;awinaffid=2656664&amp;ued=https%3A%2F%2Fwww.westwing.com.br%2Fsofa-2-lugares-em-couro-ettore-caramelo-47914.html%3Flanding%3Dtop-100-sofas\">Sof\u00e1 2 lugares em Couro Ettore Caramelo<\/a><\/strong><br>Um sof\u00e1 compacto com presen\u00e7a elegante. Visto que o couro caramelo cria continuidade visual com materiais naturais e ajuda a aquecer ambientes neutros.<\/p>\n\n\n\n<p class=\"has-text-color has-link-color wp-elements-fcb88e8abc84919d217db960d3567bef\" style=\"color:#425261;font-size:18px;line-height:2\"><strong><a href=\"https:\/\/www.awin1.com\/cread.php?awinmid=122316&amp;awinaffid=2656664&amp;ued=https%3A%2F%2Fwww.westwing.com.br%2Fsofa-cama-em-linhao-luma-rosa-284561.html%3Flanding%3Dtop-100-sofas\">Sof\u00e1 Cama em Linh\u00e3o Luma Rosa<\/a><\/strong><br>\u00d3tima solu\u00e7\u00e3o para salas pequenas que tamb\u00e9m precisam receber visitas. O mecanismo de sof\u00e1-cama otimiza o uso do espa\u00e7o.<\/p>\n\n\n\n<p class=\"has-text-color has-link-color wp-elements-6196f83e6ca2a1fae8761e43c29b0ce9\" style=\"color:#425261;font-size:18px;line-height:2\"><strong><a href=\"https:\/\/www.awin1.com\/cread.php?awinmid=122316&amp;awinaffid=2656664&amp;ued=https%3A%2F%2Fwww.westwing.com.br%2Fsofa-em-linhao-nube-terracota-76579.html%3Flanding%3Dtop-100-sofas\">Sof\u00e1 em Linh\u00e3o Nube Terracota<\/a><\/strong><br>A tonalidade terracota adiciona personalidade sem sobrecarregar visualmente o ambiente.<\/p>\n\n\n\n<figure class=\"wp-block-gallery has-nested-images columns-default is-cropped wp-block-gallery-1 is-layout-flex wp-block-gallery-is-layout-flex\">\n<figure class=\"wp-block-image size-large has-custom-border is-style-rounded\"><a href=\"https:\/\/www.westwing.com.br\/sofa-2-lugares-em-couro-ettore-caramelo-47914.html?landing=top-100-sofas&amp;utm_source=awin&amp;utm_medium=afiliados_partner&amp;utm_id=2656664_&amp;utm_campaign=WestwingCollection&amp;sv1=affiliate&amp;sv_campaign_id=2656664&amp;awc=122316_1773057462_0d59e7e453b0a2aac2a6094529f1bfe3\"><img fetchpriority=\"high\" decoding=\"async\" width=\"700\" height=\"700\" data-id=\"1611\" src=\"https:\/\/bonsaiarquitetura.com.br\/wp-content\/uploads\/2026\/03\/westwing-sofa-couro-ettore-caramelo-interiores-online-projeto-consultoria-arquiteto-decorador-designer-de-interiores-remoto-online-bonsai-arquitetura.webp\" alt=\"\" class=\"wp-image-1611\" style=\"border-top-left-radius:10px;border-top-right-radius:10px;border-bottom-left-radius:10px;border-bottom-right-radius:10px\" srcset=\"https:\/\/bonsaiarquitetura.com.br\/wp-content\/uploads\/2026\/03\/westwing-sofa-couro-ettore-caramelo-interiores-online-projeto-consultoria-arquiteto-decorador-designer-de-interiores-remoto-online-bonsai-arquitetura.webp 700w, https:\/\/bonsaiarquitetura.com.br\/wp-content\/uploads\/2026\/03\/westwing-sofa-couro-ettore-caramelo-interiores-online-projeto-consultoria-arquiteto-decorador-designer-de-interiores-remoto-online-bonsai-arquitetura-300x300.webp 300w, https:\/\/bonsaiarquitetura.com.br\/wp-content\/uploads\/2026\/03\/westwing-sofa-couro-ettore-caramelo-interiores-online-projeto-consultoria-arquiteto-decorador-designer-de-interiores-remoto-online-bonsai-arquitetura-150x150.webp 150w\" sizes=\"(max-width: 700px) 100vw, 700px\" \/><\/a><figcaption class=\"wp-element-caption\"> <a href=\"https:\/\/www.awin1.com\/cread.php?awinmid=122316&amp;awinaffid=2656664&amp;ued=https%3A%2F%2Fwww.westwing.com.br%2Fsofa-2-lugares-em-couro-ettore-caramelo-47914.html%3Flanding%3Dtop-100-sofas\"><mark style=\"background-color:rgba(0, 0, 0, 0);color:#425261\" class=\"has-inline-color\">Ettore Couro Caramelo<\/mark><\/a><\/figcaption><\/figure>\n\n\n\n<figure class=\"wp-block-image size-large has-custom-border\"><a href=\"https:\/\/www.westwing.com.br\/sofa-cama-em-linhao-luma-rosa-284561.html?landing=top-100-sofas&amp;utm_source=awin&amp;utm_medium=afiliados_partner&amp;utm_id=2656664_&amp;utm_campaign=WestwingCollection&amp;sv1=affiliate&amp;sv_campaign_id=2656664&amp;awc=122316_1773057494_a5815dc8f476a7a1cba0febce5e10dbd\"><img decoding=\"async\" width=\"700\" height=\"700\" data-id=\"1609\" src=\"https:\/\/bonsaiarquitetura.com.br\/wp-content\/uploads\/2026\/03\/westwing-sofa-cama-linhao-luma-rosa-interiores-online-projeto-consultoria-arquiteto-decorador-designer-de-interiores-remoto-online-bonsai-arquitetura.webp\" alt=\"\" class=\"wp-image-1609\" style=\"border-top-left-radius:10px;border-top-right-radius:10px;border-bottom-left-radius:10px;border-bottom-right-radius:10px\" srcset=\"https:\/\/bonsaiarquitetura.com.br\/wp-content\/uploads\/2026\/03\/westwing-sofa-cama-linhao-luma-rosa-interiores-online-projeto-consultoria-arquiteto-decorador-designer-de-interiores-remoto-online-bonsai-arquitetura.webp 700w, https:\/\/bonsaiarquitetura.com.br\/wp-content\/uploads\/2026\/03\/westwing-sofa-cama-linhao-luma-rosa-interiores-online-projeto-consultoria-arquiteto-decorador-designer-de-interiores-remoto-online-bonsai-arquitetura-300x300.webp 300w, https:\/\/bonsaiarquitetura.com.br\/wp-content\/uploads\/2026\/03\/westwing-sofa-cama-linhao-luma-rosa-interiores-online-projeto-consultoria-arquiteto-decorador-designer-de-interiores-remoto-online-bonsai-arquitetura-150x150.webp 150w\" sizes=\"(max-width: 700px) 100vw, 700px\" \/><\/a><figcaption class=\"wp-element-caption\"><a href=\"https:\/\/www.westwing.com.br\/sofa-cama-em-linhao-luma-rosa-284561.html?landing=top-100-sofas&amp;utm_source=awin&amp;utm_medium=afiliados_partner&amp;utm_id=2656664_&amp;utm_campaign=WestwingCollection&amp;sv1=affiliate&amp;sv_campaign_id=2656664&amp;awc=122316_1773057494_a5815dc8f476a7a1cba0febce5e10dbd\"><mark style=\"background-color:rgba(0, 0, 0, 0);color:#425261\" class=\"has-inline-color\">Sof\u00e1 Cama em Linh\u00e3o Luma Rosa<\/mark><\/a><\/figcaption><\/figure>\n\n\n\n<figure class=\"wp-block-image size-large has-custom-border\"><a href=\"https:\/\/www.westwing.com.br\/sofa-em-linhao-nube-terracota-76579.html?landing=top-100-sofas&amp;utm_source=awin&amp;utm_medium=afiliados_partner&amp;utm_id=2656664_&amp;utm_campaign=WestwingCollection&amp;sv1=affiliate&amp;sv_campaign_id=2656664&amp;awc=122316_1773057586_94a329d46c76532999d945ed821afaed\"><img decoding=\"async\" width=\"700\" height=\"700\" data-id=\"1612\" src=\"https:\/\/bonsaiarquitetura.com.br\/wp-content\/uploads\/2026\/03\/westwing-sofa-linhao-nube-terracota-interiores-online-projeto-consultoria-arquiteto-decorador-designer-de-interiores-remoto-online-bonsai-arquitetura.webp\" alt=\"\" class=\"wp-image-1612\" style=\"border-top-left-radius:10px;border-top-right-radius:10px;border-bottom-left-radius:10px;border-bottom-right-radius:10px\" srcset=\"https:\/\/bonsaiarquitetura.com.br\/wp-content\/uploads\/2026\/03\/westwing-sofa-linhao-nube-terracota-interiores-online-projeto-consultoria-arquiteto-decorador-designer-de-interiores-remoto-online-bonsai-arquitetura.webp 700w, https:\/\/bonsaiarquitetura.com.br\/wp-content\/uploads\/2026\/03\/westwing-sofa-linhao-nube-terracota-interiores-online-projeto-consultoria-arquiteto-decorador-designer-de-interiores-remoto-online-bonsai-arquitetura-300x300.webp 300w, https:\/\/bonsaiarquitetura.com.br\/wp-content\/uploads\/2026\/03\/westwing-sofa-linhao-nube-terracota-interiores-online-projeto-consultoria-arquiteto-decorador-designer-de-interiores-remoto-online-bonsai-arquitetura-150x150.webp 150w\" sizes=\"(max-width: 700px) 100vw, 700px\" \/><\/a><figcaption class=\"wp-element-caption\"><a href=\"https:\/\/www.westwing.com.br\/sofa-em-linhao-nube-terracota-76579.html?landing=top-100-sofas&amp;utm_source=awin&amp;utm_medium=afiliados_partner&amp;utm_id=2656664_&amp;utm_campaign=WestwingCollection&amp;sv1=affiliate&amp;sv_campaign_id=2656664&amp;awc=122316_1773057586_94a329d46c76532999d945ed821afaed\"><mark style=\"background-color:rgba(0, 0, 0, 0);color:#425261\" class=\"has-inline-color\">Linh\u00e3o Nube Terracota<\/mark><\/a><\/figcaption><\/figure>\n<\/figure>\n\n\n\n<div style=\"height:50px\" aria-hidden=\"true\" class=\"wp-block-spacer is-style-dots\"><\/div>\n\n\n\n<p class=\"has-text-color has-link-color wp-elements-e7dc81cf49363cba61a4556c330929fe\" style=\"color:#425261;font-size:18px;line-height:2\"><strong><a href=\"https:\/\/www.awin1.com\/cread.php?awinmid=122316&amp;awinaffid=2656664&amp;ued=https%3A%2F%2Fwww.westwing.com.br%2Fsofa-2-modulos-mensa-em-couro-caramelo-200108.html%3Flanding%3Dtop-100-sofas\">Sof\u00e1 2 M\u00f3dulos Mensa em Couro Caramelo<\/a><\/strong><br>A composi\u00e7\u00e3o modular permite adaptar o layout ao espa\u00e7o dispon\u00edvel, algo muito \u00fatil em ambientes compactos.<\/p>\n\n\n\n<p class=\"has-text-color has-link-color wp-elements-d92018daeaea475b35ae4ef18041fb92\" style=\"color:#425261;font-size:18px;line-height:2\"><strong><a href=\"https:\/\/www.awin1.com\/cread.php?awinmid=122316&amp;awinaffid=2656664&amp;ued=https%3A%2F%2Fwww.westwing.com.br%2Fsofa-retratil-seno-i-em-veludo-cinza-escuro-100906.html%3Flanding%3Dtop-100-sofas\">Sof\u00e1 Retr\u00e1til Seno I em Veludo Cinza Escuro<\/a><\/strong><br>Para quem busca conforto sem abrir m\u00e3o da funcionalidade. O sistema retr\u00e1til amplia o uso do sof\u00e1 sem ocupar espa\u00e7o fixo.<\/p>\n\n\n\n<p class=\"has-text-color has-link-color wp-elements-47887122ad47cb52feb657fef39c1313\" style=\"color:#425261;font-size:18px;line-height:2\"><strong><a href=\"https:\/\/www.awin1.com\/cread.php?awinmid=122316&amp;awinaffid=2656664&amp;ued=https%3A%2F%2Fwww.westwing.com.br%2Fsofa-nirvana-2-lugares-em-tecido-pet-friendly-rosa-303217.html%3Flanding%3Dtop-100-sofas\">Sof\u00e1 Nirvana 2 Lugares em tecido Pet Friendly Rosa<\/a><\/strong><br>Uma \u00f3tima escolha para quem tem pets. O tecido facilita a manuten\u00e7\u00e3o e mant\u00e9m o ambiente organizado.<\/p>\n\n\n\n<figure class=\"wp-block-gallery has-nested-images columns-default is-cropped wp-block-gallery-2 is-layout-flex wp-block-gallery-is-layout-flex\">\n<figure class=\"wp-block-image size-large has-custom-border is-style-rounded\"><a href=\"https:\/\/www.westwing.com.br\/sofa-2-modulos-mensa-em-couro-caramelo-200108.html?landing=top-100-sofas&amp;utm_source=awin&amp;utm_medium=afiliados_partner&amp;utm_id=2656664_&amp;utm_campaign=WestwingCollection&amp;sv1=affiliate&amp;sv_campaign_id=2656664&amp;awc=122316_1773057521_c77d9c4c29075bcacd834f2b85f215dd\"><img loading=\"lazy\" decoding=\"async\" width=\"700\" height=\"700\" data-id=\"1614\" src=\"https:\/\/bonsaiarquitetura.com.br\/wp-content\/uploads\/2026\/03\/westwing-sofa-modulo-mensa-couro-caramelo-interiores-online-projeto-consultoria-arquiteto-decorador-designer-de-interiores-remoto-online-bonsai-arquitetura.webp\" alt=\"\" class=\"wp-image-1614\" style=\"border-top-left-radius:10px;border-top-right-radius:10px;border-bottom-left-radius:10px;border-bottom-right-radius:10px\" srcset=\"https:\/\/bonsaiarquitetura.com.br\/wp-content\/uploads\/2026\/03\/westwing-sofa-modulo-mensa-couro-caramelo-interiores-online-projeto-consultoria-arquiteto-decorador-designer-de-interiores-remoto-online-bonsai-arquitetura.webp 700w, https:\/\/bonsaiarquitetura.com.br\/wp-content\/uploads\/2026\/03\/westwing-sofa-modulo-mensa-couro-caramelo-interiores-online-projeto-consultoria-arquiteto-decorador-designer-de-interiores-remoto-online-bonsai-arquitetura-300x300.webp 300w, https:\/\/bonsaiarquitetura.com.br\/wp-content\/uploads\/2026\/03\/westwing-sofa-modulo-mensa-couro-caramelo-interiores-online-projeto-consultoria-arquiteto-decorador-designer-de-interiores-remoto-online-bonsai-arquitetura-150x150.webp 150w\" sizes=\"(max-width: 700px) 100vw, 700px\" \/><\/a><figcaption class=\"wp-element-caption\"><a href=\"https:\/\/www.westwing.com.br\/sofa-2-modulos-mensa-em-couro-caramelo-200108.html?landing=top-100-sofas&amp;utm_source=awin&amp;utm_medium=afiliados_partner&amp;utm_id=2656664_&amp;utm_campaign=WestwingCollection&amp;sv1=affiliate&amp;sv_campaign_id=2656664&amp;awc=122316_1773057521_c77d9c4c29075bcacd834f2b85f215dd\"><mark style=\"background-color:rgba(0, 0, 0, 0);color:#425261\" class=\"has-inline-color\">M\u00f3dulos Mensa Couro Caramelo<\/mark><\/a><\/figcaption><\/figure>\n\n\n\n<figure class=\"wp-block-image size-large has-custom-border is-style-rounded\"><a href=\"https:\/\/www.westwing.com.br\/sofa-retratil-seno-i-em-veludo-cinza-escuro-100906.html?landing=top-100-sofas&amp;utm_source=awin&amp;utm_medium=afiliados_partner&amp;utm_id=2656664_&amp;utm_campaign=WestwingCollection&amp;sv1=affiliate&amp;sv_campaign_id=2656664&amp;awc=122316_1773057557_6661f68e5c27e17090e40e105e7dca31\"><img loading=\"lazy\" decoding=\"async\" width=\"700\" height=\"700\" data-id=\"1610\" src=\"https:\/\/bonsaiarquitetura.com.br\/wp-content\/uploads\/2026\/03\/westwing-sofa-retratil-seno-veludo-cinza-escuro-interiores-online-projeto-consultoria-arquiteto-decorador-designer-de-interiores-remoto-online-bonsai-arquitetura.webp\" alt=\"\" class=\"wp-image-1610\" style=\"border-top-left-radius:10px;border-top-right-radius:10px;border-bottom-left-radius:10px;border-bottom-right-radius:10px\" srcset=\"https:\/\/bonsaiarquitetura.com.br\/wp-content\/uploads\/2026\/03\/westwing-sofa-retratil-seno-veludo-cinza-escuro-interiores-online-projeto-consultoria-arquiteto-decorador-designer-de-interiores-remoto-online-bonsai-arquitetura.webp 700w, https:\/\/bonsaiarquitetura.com.br\/wp-content\/uploads\/2026\/03\/westwing-sofa-retratil-seno-veludo-cinza-escuro-interiores-online-projeto-consultoria-arquiteto-decorador-designer-de-interiores-remoto-online-bonsai-arquitetura-300x300.webp 300w, https:\/\/bonsaiarquitetura.com.br\/wp-content\/uploads\/2026\/03\/westwing-sofa-retratil-seno-veludo-cinza-escuro-interiores-online-projeto-consultoria-arquiteto-decorador-designer-de-interiores-remoto-online-bonsai-arquitetura-150x150.webp 150w\" sizes=\"(max-width: 700px) 100vw, 700px\" \/><\/a><figcaption class=\"wp-element-caption\"><a href=\"https:\/\/www.westwing.com.br\/sofa-retratil-seno-i-em-veludo-cinza-escuro-100906.html?landing=top-100-sofas&amp;utm_source=awin&amp;utm_medium=afiliados_partner&amp;utm_id=2656664_&amp;utm_campaign=WestwingCollection&amp;sv1=affiliate&amp;sv_campaign_id=2656664&amp;awc=122316_1773057557_6661f68e5c27e17090e40e105e7dca31\"><mark style=\"background-color:rgba(0, 0, 0, 0);color:#425261\" class=\"has-inline-color\">Retr\u00e1til Seno Veludo Cinza Escuro<\/mark><\/a><\/figcaption><\/figure>\n\n\n\n<figure class=\"wp-block-image size-large has-custom-border is-style-rounded\"><a href=\"https:\/\/www.westwing.com.br\/sofa-nirvana-2-lugares-em-tecido-pet-friendly-rosa-303217.html?landing=top-100-sofas&amp;utm_source=awin&amp;utm_medium=afiliados_partner&amp;utm_id=2656664_&amp;utm_campaign=WestwingCollection&amp;sv1=affiliate&amp;sv_campaign_id=2656664&amp;awc=122316_1773057628_3b4de299c02d6dfd3d336e6d3705cc5b\"><img loading=\"lazy\" decoding=\"async\" width=\"700\" height=\"700\" data-id=\"1613\" src=\"https:\/\/bonsaiarquitetura.com.br\/wp-content\/uploads\/2026\/03\/westwing-sofa-nirvana-pet-friendlu-rosa-interiores-online-projeto-consultoria-arquiteto-decorador-designer-de-interiores-remoto-online-bonsai-arquitetura.webp\" alt=\"\" class=\"wp-image-1613\" style=\"border-top-left-radius:10px;border-top-right-radius:10px;border-bottom-left-radius:10px;border-bottom-right-radius:10px\" srcset=\"https:\/\/bonsaiarquitetura.com.br\/wp-content\/uploads\/2026\/03\/westwing-sofa-nirvana-pet-friendlu-rosa-interiores-online-projeto-consultoria-arquiteto-decorador-designer-de-interiores-remoto-online-bonsai-arquitetura.webp 700w, https:\/\/bonsaiarquitetura.com.br\/wp-content\/uploads\/2026\/03\/westwing-sofa-nirvana-pet-friendlu-rosa-interiores-online-projeto-consultoria-arquiteto-decorador-designer-de-interiores-remoto-online-bonsai-arquitetura-300x300.webp 300w, https:\/\/bonsaiarquitetura.com.br\/wp-content\/uploads\/2026\/03\/westwing-sofa-nirvana-pet-friendlu-rosa-interiores-online-projeto-consultoria-arquiteto-decorador-designer-de-interiores-remoto-online-bonsai-arquitetura-150x150.webp 150w\" sizes=\"(max-width: 700px) 100vw, 700px\" \/><\/a><figcaption class=\"wp-element-caption\"><a href=\"https:\/\/www.westwing.com.br\/sofa-nirvana-2-lugares-em-tecido-pet-friendly-rosa-303217.html?landing=top-100-sofas&amp;utm_source=awin&amp;utm_medium=afiliados_partner&amp;utm_id=2656664_&amp;utm_campaign=WestwingCollection&amp;sv1=affiliate&amp;sv_campaign_id=2656664&amp;awc=122316_1773057628_3b4de299c02d6dfd3d336e6d3705cc5b\"><mark style=\"background-color:rgba(0, 0, 0, 0);color:#425261\" class=\"has-inline-color\">Nirvana Pet Friendly Rosa<\/mark><\/a><\/figcaption><\/figure>\n<\/figure>\n\n\n\n<div style=\"height:50px\" aria-hidden=\"true\" class=\"wp-block-spacer is-style-dots\"><\/div>\n\n\n\n<h3 class=\"wp-block-heading has-text-color has-link-color wp-elements-49fb045f3b7998edeedb79f636604b1b\" style=\"color:#8c5737;font-size:25px;font-style:normal;font-weight:700;line-height:2\">\ud83c\udf3f A atmosfera que surge quando o espa\u00e7o respira<\/h3>\n\n\n\n<p class=\"has-text-color has-link-color wp-elements-7ce498cbeeca1af8d01c8f4d23926b8c\" style=\"color:#425261;font-size:18px;line-height:2\">Quando os materiais come\u00e7am a conversar entre si e a ilumina\u00e7\u00e3o \u00e9 distribu\u00edda com inten\u00e7\u00e3o, algo interessante acontece.<\/p>\n\n\n\n<p class=\"has-text-color has-link-color wp-elements-1ca3fd32c3aa69c90042790323884982\" style=\"color:#425261;font-size:18px;line-height:2\">O espa\u00e7o deixa de parecer apertado.<\/p>\n\n\n\n<p class=\"has-text-color has-link-color wp-elements-f62f30a4b0ec2465281172191ffeaf07\" style=\"color:#425261;font-size:18px;line-height:2\">Ele passa a parecer <strong>mais fluido<\/strong>.<\/p>\n\n\n\n<p class=\"has-text-color has-link-color wp-elements-050fd121b332b1fb11f99ed0c6686d3b\" style=\"color:#425261;font-size:18px;line-height:2\">A circula\u00e7\u00e3o fica mais clara.<br>Os m\u00f3veis parecem melhor posicionados.<br>E a sensa\u00e7\u00e3o de organiza\u00e7\u00e3o surge quase naturalmente.<\/p>\n\n\n\n<p class=\"has-text-color has-link-color wp-elements-bc6a8b2c1ac592caa41f05d3d4c616f2\" style=\"color:#425261;font-size:18px;line-height:2\">Em outras palavras, o ambiente n\u00e3o precisa ser grande para parecer confort\u00e1vel.<\/p>\n\n\n\n<p class=\"has-text-color has-link-color wp-elements-d1794399a061cbb5511c77ab6278efba\" style=\"color:#425261;font-size:18px;line-height:2\">Ele precisa apenas ser pensado com l\u00f3gica.<\/p>\n\n\n\n<p class=\"has-text-color has-link-color wp-elements-d0bfeeadeece2ec038736352d4e954cb\" style=\"color:#425261;font-size:18px;line-height:2\">A combina\u00e7\u00e3o entre materialidade simples e ilumina\u00e7\u00e3o bem planejada cria exatamente isso.<\/p>\n\n\n\n<p class=\"has-text-color has-link-color wp-elements-775e7db758343b8cacfd49fae6519a66\" style=\"color:#425261;font-size:18px;line-height:2\">Leveza.<\/p>\n\n\n\n<div style=\"height:50px\" aria-hidden=\"true\" class=\"wp-block-spacer is-style-dots\"><\/div>\n\n\n\n<h3 class=\"wp-block-heading has-text-color has-link-color wp-elements-7bcf0ef94f69f7646e6e5bd7a86fbba7\" style=\"color:#8c5737;font-size:25px;font-style:normal;font-weight:700;line-height:2\">\ud83c\udf3f Materialidade e ilumina\u00e7\u00e3o para espa\u00e7os pequenos<\/h3>\n\n\n\n<p class=\"has-text-color has-link-color wp-elements-5b78e865e424e36fb9db24d7c3a5f06a\" style=\"color:#425261;font-size:18px;font-style:normal;font-weight:400;line-height:2\">Em s\u00edntese, muitos ambientes compactos parecem carregados n\u00e3o por falta de espa\u00e7o, mas por excesso de informa\u00e7\u00e3o visual.<\/p>\n\n\n\n<p class=\"has-text-color has-link-color wp-elements-5569e07bf69574fa63da8d6f83a87545\" style=\"color:#425261;font-size:18px;font-style:normal;font-weight:400;line-height:2\">Quando reduzimos a variedade de materiais e distribu\u00edmos melhor a ilumina\u00e7\u00e3o, o espa\u00e7o ganha continuidade.<\/p>\n\n\n\n<p class=\"has-text-color has-link-color wp-elements-5b0535ffb07783425c6d4745e6107c53\" style=\"color:#425261;font-size:18px;font-style:normal;font-weight:400;line-height:2\">E essa continuidade gera amplitude.<\/p>\n\n\n\n<p class=\"has-text-color has-link-color wp-elements-09d57359fe43d3765a956ee804557d57\" style=\"color:#425261;font-size:18px;font-style:normal;font-weight:400;line-height:2\">Assim, pequenos apartamentos passam a funcionar de forma mais clara, organizada e confort\u00e1vel no dia a dia.<\/p>\n\n\n\n<div style=\"height:50px\" aria-hidden=\"true\" class=\"wp-block-spacer is-style-dots\"><\/div>\n\n\n\n<p class=\"has-text-color has-link-color wp-elements-fd424e0bba5a24a1376aad29d7cba1bb\" style=\"color:#8c5737;font-size:25px;line-height:2\">\ud83c\udf3f <strong>FAQ!<\/strong><\/p>\n\n\n\n<p class=\"has-text-color has-link-color wp-elements-61403de8be34e66fcec296ffd6591c5a\" style=\"color:#425261;font-size:18px;line-height:2\"><strong>Como a ilumina\u00e7\u00e3o pode ampliar espa\u00e7os pequenos?<\/strong><br>A ilumina\u00e7\u00e3o bem distribu\u00edda reduz sombras duras e cria continuidade visual, fazendo o ambiente parecer maior.<\/p>\n\n\n\n<p class=\"has-text-color has-link-color wp-elements-90b4c55a145e01a12ebe8aa15d19d21d\" style=\"color:#425261;font-size:18px;line-height:2\"><strong>Qual tipo de sof\u00e1 \u00e9 melhor para apartamentos pequenos?<\/strong><br>Sof\u00e1s compactos, modulares ou sof\u00e1-cama costumam funcionar melhor porque ocupam menos espa\u00e7o e oferecem m\u00faltiplas fun\u00e7\u00f5es.<\/p>\n\n\n\n<p class=\"has-text-color has-link-color wp-elements-22fd14262bb812ff051332f6d50b2cae\" style=\"color:#425261;font-size:18px;line-height:2\"><strong>Quais materiais ajudam a ampliar visualmente ambientes compactos?<\/strong><br>Materiais neutros e com pouca varia\u00e7\u00e3o criam continuidade visual, aumentando a sensa\u00e7\u00e3o de amplitude no espa\u00e7o.<\/p>\n\n\n\n<div style=\"height:50px\" aria-hidden=\"true\" class=\"wp-block-spacer is-style-dots\"><\/div>\n\n\n\n<p class=\"has-text-color has-link-color wp-elements-43bf2a032da060d1be8e09f896be9dda\" style=\"color:#8c5737;font-size:25px;line-height:2\">\ud83c\udf3f <strong>O seu pr\u00f3ximo passo!<\/strong><\/p>\n\n\n\n<p class=\"has-text-color has-link-color wp-elements-0b5c879d935dd7d1c1814ad1946c4760\" style=\"color:#425261;font-size:18px;line-height:2\">Agora, o seu pr\u00f3ximo passo \u00e9 <a href=\"https:\/\/api.whatsapp.com\/send\/?phone=559899118046&amp;text&amp;type=phone_number&amp;app_absent=0\"><strong>entrar em contato conosco<\/strong><\/a>!&nbsp;<\/p>\n\n\n\n<p class=\"has-text-color has-link-color wp-elements-671682c306cc089d7627b0d16ac2a254\" style=\"color:#425261;font-size:18px;line-height:2\">Receba nosso direcionamento profissional para criar o projeto ideal para a sua casa.<\/p>\n\n\n\n<p class=\"has-text-color has-link-color wp-elements-ce4b36e4a378f44e2c594041f3db134b\" style=\"color:#425261;font-size:18px;line-height:2\">Se gostou deste artigo, veja tamb\u00e9m: <a href=\"https:\/\/bonsaiarquitetura.com.br\/en\/uma-ideia-para-sua-casa\/\"><strong>Uma ideia para sua casa: o poder do planejamento no seu projeto<\/strong><\/a>.<\/p>\n\n\n\n<p class=\"has-text-color has-link-color wp-elements-fa6999f8b4071660458aad96c01b68f8\" style=\"color:#425261;font-size:18px;line-height:2\">E, por fim, siga-nos no <a href=\"https:\/\/www.instagram.com\/bonsaiarquitetura\/\"><strong>Instagram<\/strong><\/a> e <a href=\"https:\/\/br.pinterest.com\/bonsaiarquitetura\/\"><strong>Pinterest<\/strong><\/a> para continuar recebendo nossos conte\u00fados e inspira\u00e7\u00f5es.<\/p>\n\n\n\n<div style=\"height:50px\" aria-hidden=\"true\" class=\"wp-block-spacer is-style-dots\"><\/div>\n\n\n\n<hr class=\"wp-block-separator has-alpha-channel-opacity\"\/>\n\n\n\n<p class=\"has-text-color has-link-color wp-elements-2a4f0de75fe4a45453301938793f827c\" style=\"color:#425261\">\ud83e\udeb4 <em>Este artigo pode conter links de marcas parceiras que amamos. Ao adquirir produtos por meio deles, voc\u00ea apoia o Bonsai Arquitetura e Interiores a continuar criando conte\u00fados inspiradores, sem custo adicional para voc\u00ea.<\/em><\/p>\n\n\n\n<div style=\"height:50px\" aria-hidden=\"true\" class=\"wp-block-spacer is-style-dots\"><\/div>\n\n\n\n<p><\/p>","protected":false},"excerpt":{"rendered":"<p>A ilumina\u00e7\u00e3o para espa\u00e7os pequenos pode mudar completamente a sensa\u00e7\u00e3o de um ambiente. Muitas vezes o problema n\u00e3o est\u00e1 na metragem do apartamento, mas na forma como os materiais e a luz s\u00e3o organizados. Imagine a cena.Voc\u00ea entra na sala e sente que o espa\u00e7o parece mais cheio do que realmente \u00e9. Uma vez que [&hellip;]<\/p>\n","protected":false},"author":1,"featured_media":1622,"comment_status":"closed","ping_status":"closed","sticky":false,"template":"","format":"standard","meta":{"footnotes":""},"categories":[8],"tags":[13,19,24,7],"class_list":["post-1608","post","type-post","status-publish","format-standard","has-post-thumbnail","hentry","category-espacos-pequenos-e-compactos","tag-amplitude-visual","tag-design-inteligente","tag-luz-natural","tag-materiais-naturais"],"yoast_head":"<!-- This site is optimized with the Yoast SEO plugin v27.4 - https:\/\/yoast.com\/product\/yoast-seo-wordpress\/ -->\n<title>Materialidade e ilumina\u00e7\u00e3o para espa\u00e7os pequenos - Bonsai Arquitetura e Interiores<\/title>\n<meta name=\"description\" content=\"Ilumina\u00e7\u00e3o para espa\u00e7os pequenos pode transformar ambientes compactos. Descubra como materiais e luz criam amplitude e conforto visual.\" \/>\n<meta name=\"robots\" content=\"index, follow, max-snippet:-1, max-image-preview:large, max-video-preview:-1\" \/>\n<link rel=\"canonical\" href=\"https:\/\/bonsaiarquitetura.com.br\/en\/materialidade-e-iluminacao-para-espacos-pequenos\/\" \/>\n<meta property=\"og:locale\" content=\"en_US\" \/>\n<meta property=\"og:type\" content=\"article\" \/>\n<meta property=\"og:title\" content=\"Materialidade e ilumina\u00e7\u00e3o para espa\u00e7os pequenos - Bonsai Arquitetura e Interiores\" \/>\n<meta property=\"og:description\" content=\"Ilumina\u00e7\u00e3o para espa\u00e7os pequenos pode transformar ambientes compactos. Descubra como materiais e luz criam amplitude e conforto visual.\" \/>\n<meta property=\"og:url\" content=\"https:\/\/bonsaiarquitetura.com.br\/en\/materialidade-e-iluminacao-para-espacos-pequenos\/\" \/>\n<meta property=\"og:site_name\" content=\"Bonsai Arquitetura e Interiores\" \/>\n<meta property=\"article:published_time\" content=\"2026-04-20T08:30:00+00:00\" \/>\n<meta property=\"article:modified_time\" content=\"2026-04-25T15:55:19+00:00\" \/>\n<meta property=\"og:image\" content=\"https:\/\/bonsaiarquitetura.com.br\/wp-content\/uploads\/2026\/03\/westwing-sala-sofa-couro-ettore-caramelo-interiores-online-projeto-consultoria-arquiteto-decorador-designer-de-interiores-remoto-online-bonsai-arquitetura-blog.webp\" \/>\n\t<meta property=\"og:image:width\" content=\"700\" \/>\n\t<meta property=\"og:image:height\" content=\"700\" \/>\n\t<meta property=\"og:image:type\" content=\"image\/webp\" \/>\n<meta name=\"author\" content=\"Bonsai Arquitetura\" \/>\n<meta name=\"twitter:card\" content=\"summary_large_image\" \/>\n<meta name=\"twitter:label1\" content=\"Written by\" \/>\n\t<meta name=\"twitter:data1\" content=\"Bonsai Arquitetura\" \/>\n\t<meta name=\"twitter:label2\" content=\"Est. reading time\" \/>\n\t<meta name=\"twitter:data2\" content=\"7 minutes\" \/>\n<script type=\"application\/ld+json\" class=\"yoast-schema-graph\">{\"@context\":\"https:\\\/\\\/schema.org\",\"@graph\":[{\"@type\":\"Article\",\"@id\":\"https:\\\/\\\/bonsaiarquitetura.com.br\\\/materialidade-e-iluminacao-para-espacos-pequenos\\\/#article\",\"isPartOf\":{\"@id\":\"https:\\\/\\\/bonsaiarquitetura.com.br\\\/materialidade-e-iluminacao-para-espacos-pequenos\\\/\"},\"author\":{\"name\":\"Bonsai Arquitetura\",\"@id\":\"https:\\\/\\\/bonsaiarquitetura.com.br\\\/#\\\/schema\\\/person\\\/465bc7eea8e418533eb25b8c9d03318a\"},\"headline\":\"Materialidade e ilumina\u00e7\u00e3o para espa\u00e7os pequenos\",\"datePublished\":\"2026-04-20T08:30:00+00:00\",\"dateModified\":\"2026-04-25T15:55:19+00:00\",\"mainEntityOfPage\":{\"@id\":\"https:\\\/\\\/bonsaiarquitetura.com.br\\\/materialidade-e-iluminacao-para-espacos-pequenos\\\/\"},\"wordCount\":1116,\"image\":{\"@id\":\"https:\\\/\\\/bonsaiarquitetura.com.br\\\/materialidade-e-iluminacao-para-espacos-pequenos\\\/#primaryimage\"},\"thumbnailUrl\":\"https:\\\/\\\/bonsaiarquitetura.com.br\\\/wp-content\\\/uploads\\\/2026\\\/03\\\/westwing-sala-sofa-couro-ettore-caramelo-interiores-online-projeto-consultoria-arquiteto-decorador-designer-de-interiores-remoto-online-bonsai-arquitetura-blog.webp\",\"keywords\":[\"amplitude visual\",\"design inteligente\",\"luz natural\",\"materiais naturais\"],\"articleSection\":[\"Espa\u00e7os Pequenos e Compactos\"],\"inLanguage\":\"en-US\"},{\"@type\":\"WebPage\",\"@id\":\"https:\\\/\\\/bonsaiarquitetura.com.br\\\/materialidade-e-iluminacao-para-espacos-pequenos\\\/\",\"url\":\"https:\\\/\\\/bonsaiarquitetura.com.br\\\/materialidade-e-iluminacao-para-espacos-pequenos\\\/\",\"name\":\"Materialidade e ilumina\u00e7\u00e3o para espa\u00e7os pequenos - Bonsai Arquitetura e Interiores\",\"isPartOf\":{\"@id\":\"https:\\\/\\\/bonsaiarquitetura.com.br\\\/#website\"},\"primaryImageOfPage\":{\"@id\":\"https:\\\/\\\/bonsaiarquitetura.com.br\\\/materialidade-e-iluminacao-para-espacos-pequenos\\\/#primaryimage\"},\"image\":{\"@id\":\"https:\\\/\\\/bonsaiarquitetura.com.br\\\/materialidade-e-iluminacao-para-espacos-pequenos\\\/#primaryimage\"},\"thumbnailUrl\":\"https:\\\/\\\/bonsaiarquitetura.com.br\\\/wp-content\\\/uploads\\\/2026\\\/03\\\/westwing-sala-sofa-couro-ettore-caramelo-interiores-online-projeto-consultoria-arquiteto-decorador-designer-de-interiores-remoto-online-bonsai-arquitetura-blog.webp\",\"datePublished\":\"2026-04-20T08:30:00+00:00\",\"dateModified\":\"2026-04-25T15:55:19+00:00\",\"author\":{\"@id\":\"https:\\\/\\\/bonsaiarquitetura.com.br\\\/#\\\/schema\\\/person\\\/465bc7eea8e418533eb25b8c9d03318a\"},\"description\":\"Ilumina\u00e7\u00e3o para espa\u00e7os pequenos pode transformar ambientes compactos. Descubra como materiais e luz criam amplitude e conforto visual.\",\"breadcrumb\":{\"@id\":\"https:\\\/\\\/bonsaiarquitetura.com.br\\\/materialidade-e-iluminacao-para-espacos-pequenos\\\/#breadcrumb\"},\"inLanguage\":\"en-US\",\"potentialAction\":[{\"@type\":\"ReadAction\",\"target\":[\"https:\\\/\\\/bonsaiarquitetura.com.br\\\/materialidade-e-iluminacao-para-espacos-pequenos\\\/\"]}]},{\"@type\":\"ImageObject\",\"inLanguage\":\"en-US\",\"@id\":\"https:\\\/\\\/bonsaiarquitetura.com.br\\\/materialidade-e-iluminacao-para-espacos-pequenos\\\/#primaryimage\",\"url\":\"https:\\\/\\\/bonsaiarquitetura.com.br\\\/wp-content\\\/uploads\\\/2026\\\/03\\\/westwing-sala-sofa-couro-ettore-caramelo-interiores-online-projeto-consultoria-arquiteto-decorador-designer-de-interiores-remoto-online-bonsai-arquitetura-blog.webp\",\"contentUrl\":\"https:\\\/\\\/bonsaiarquitetura.com.br\\\/wp-content\\\/uploads\\\/2026\\\/03\\\/westwing-sala-sofa-couro-ettore-caramelo-interiores-online-projeto-consultoria-arquiteto-decorador-designer-de-interiores-remoto-online-bonsai-arquitetura-blog.webp\",\"width\":700,\"height\":700},{\"@type\":\"BreadcrumbList\",\"@id\":\"https:\\\/\\\/bonsaiarquitetura.com.br\\\/materialidade-e-iluminacao-para-espacos-pequenos\\\/#breadcrumb\",\"itemListElement\":[{\"@type\":\"ListItem\",\"position\":1,\"name\":\"In\u00edcio\",\"item\":\"https:\\\/\\\/bonsaiarquitetura.com.br\\\/\"},{\"@type\":\"ListItem\",\"position\":2,\"name\":\"Materialidade e ilumina\u00e7\u00e3o para espa\u00e7os pequenos\"}]},{\"@type\":\"WebSite\",\"@id\":\"https:\\\/\\\/bonsaiarquitetura.com.br\\\/#website\",\"url\":\"https:\\\/\\\/bonsaiarquitetura.com.br\\\/\",\"name\":\"Bonsai Arquitetura e Interiores\",\"description\":\"Projeto e Consultoria Online para Espa\u00e7os Compactos\",\"potentialAction\":[{\"@type\":\"SearchAction\",\"target\":{\"@type\":\"EntryPoint\",\"urlTemplate\":\"https:\\\/\\\/bonsaiarquitetura.com.br\\\/?s={search_term_string}\"},\"query-input\":{\"@type\":\"PropertyValueSpecification\",\"valueRequired\":true,\"valueName\":\"search_term_string\"}}],\"inLanguage\":\"en-US\"},{\"@type\":\"Person\",\"@id\":\"https:\\\/\\\/bonsaiarquitetura.com.br\\\/#\\\/schema\\\/person\\\/465bc7eea8e418533eb25b8c9d03318a\",\"name\":\"Bonsai Arquitetura\",\"image\":{\"@type\":\"ImageObject\",\"inLanguage\":\"en-US\",\"@id\":\"https:\\\/\\\/secure.gravatar.com\\\/avatar\\\/1ddc926a66842c2b02b2afab2acc7220bb5730ce9cd0c9eb3e91f57f140ebdab?s=96&d=mm&r=g\",\"url\":\"https:\\\/\\\/secure.gravatar.com\\\/avatar\\\/1ddc926a66842c2b02b2afab2acc7220bb5730ce9cd0c9eb3e91f57f140ebdab?s=96&d=mm&r=g\",\"contentUrl\":\"https:\\\/\\\/secure.gravatar.com\\\/avatar\\\/1ddc926a66842c2b02b2afab2acc7220bb5730ce9cd0c9eb3e91f57f140ebdab?s=96&d=mm&r=g\",\"caption\":\"Bonsai Arquitetura\"},\"sameAs\":[\"https:\\\/\\\/bonsaiarquitetura.com.br\"],\"url\":\"https:\\\/\\\/bonsaiarquitetura.com.br\\\/en\\\/author\\\/bonsai\\\/\"}]}<\/script>\n<!-- \/ Yoast SEO plugin. -->","yoast_head_json":{"title":"Materialidade e ilumina\u00e7\u00e3o para espa\u00e7os pequenos - Bonsai Arquitetura e Interiores","description":"Ilumina\u00e7\u00e3o para espa\u00e7os pequenos pode transformar ambientes compactos. Descubra como materiais e luz criam amplitude e conforto visual.","robots":{"index":"index","follow":"follow","max-snippet":"max-snippet:-1","max-image-preview":"max-image-preview:large","max-video-preview":"max-video-preview:-1"},"canonical":"https:\/\/bonsaiarquitetura.com.br\/en\/materialidade-e-iluminacao-para-espacos-pequenos\/","og_locale":"en_US","og_type":"article","og_title":"Materialidade e ilumina\u00e7\u00e3o para espa\u00e7os pequenos - Bonsai Arquitetura e Interiores","og_description":"Ilumina\u00e7\u00e3o para espa\u00e7os pequenos pode transformar ambientes compactos. Descubra como materiais e luz criam amplitude e conforto visual.","og_url":"https:\/\/bonsaiarquitetura.com.br\/en\/materialidade-e-iluminacao-para-espacos-pequenos\/","og_site_name":"Bonsai Arquitetura e Interiores","article_published_time":"2026-04-20T08:30:00+00:00","article_modified_time":"2026-04-25T15:55:19+00:00","og_image":[{"width":700,"height":700,"url":"https:\/\/bonsaiarquitetura.com.br\/wp-content\/uploads\/2026\/03\/westwing-sala-sofa-couro-ettore-caramelo-interiores-online-projeto-consultoria-arquiteto-decorador-designer-de-interiores-remoto-online-bonsai-arquitetura-blog.webp","type":"image\/webp"}],"author":"Bonsai Arquitetura","twitter_card":"summary_large_image","twitter_misc":{"Written by":"Bonsai Arquitetura","Est. reading time":"7 minutes"},"schema":{"@context":"https:\/\/schema.org","@graph":[{"@type":"Article","@id":"https:\/\/bonsaiarquitetura.com.br\/materialidade-e-iluminacao-para-espacos-pequenos\/#article","isPartOf":{"@id":"https:\/\/bonsaiarquitetura.com.br\/materialidade-e-iluminacao-para-espacos-pequenos\/"},"author":{"name":"Bonsai Arquitetura","@id":"https:\/\/bonsaiarquitetura.com.br\/#\/schema\/person\/465bc7eea8e418533eb25b8c9d03318a"},"headline":"Materialidade e ilumina\u00e7\u00e3o para espa\u00e7os pequenos","datePublished":"2026-04-20T08:30:00+00:00","dateModified":"2026-04-25T15:55:19+00:00","mainEntityOfPage":{"@id":"https:\/\/bonsaiarquitetura.com.br\/materialidade-e-iluminacao-para-espacos-pequenos\/"},"wordCount":1116,"image":{"@id":"https:\/\/bonsaiarquitetura.com.br\/materialidade-e-iluminacao-para-espacos-pequenos\/#primaryimage"},"thumbnailUrl":"https:\/\/bonsaiarquitetura.com.br\/wp-content\/uploads\/2026\/03\/westwing-sala-sofa-couro-ettore-caramelo-interiores-online-projeto-consultoria-arquiteto-decorador-designer-de-interiores-remoto-online-bonsai-arquitetura-blog.webp","keywords":["amplitude visual","design inteligente","luz natural","materiais naturais"],"articleSection":["Espa\u00e7os Pequenos e Compactos"],"inLanguage":"en-US"},{"@type":"WebPage","@id":"https:\/\/bonsaiarquitetura.com.br\/materialidade-e-iluminacao-para-espacos-pequenos\/","url":"https:\/\/bonsaiarquitetura.com.br\/materialidade-e-iluminacao-para-espacos-pequenos\/","name":"Materialidade e ilumina\u00e7\u00e3o para espa\u00e7os pequenos - Bonsai Arquitetura e Interiores","isPartOf":{"@id":"https:\/\/bonsaiarquitetura.com.br\/#website"},"primaryImageOfPage":{"@id":"https:\/\/bonsaiarquitetura.com.br\/materialidade-e-iluminacao-para-espacos-pequenos\/#primaryimage"},"image":{"@id":"https:\/\/bonsaiarquitetura.com.br\/materialidade-e-iluminacao-para-espacos-pequenos\/#primaryimage"},"thumbnailUrl":"https:\/\/bonsaiarquitetura.com.br\/wp-content\/uploads\/2026\/03\/westwing-sala-sofa-couro-ettore-caramelo-interiores-online-projeto-consultoria-arquiteto-decorador-designer-de-interiores-remoto-online-bonsai-arquitetura-blog.webp","datePublished":"2026-04-20T08:30:00+00:00","dateModified":"2026-04-25T15:55:19+00:00","author":{"@id":"https:\/\/bonsaiarquitetura.com.br\/#\/schema\/person\/465bc7eea8e418533eb25b8c9d03318a"},"description":"Ilumina\u00e7\u00e3o para espa\u00e7os pequenos pode transformar ambientes compactos. Descubra como materiais e luz criam amplitude e conforto visual.","breadcrumb":{"@id":"https:\/\/bonsaiarquitetura.com.br\/materialidade-e-iluminacao-para-espacos-pequenos\/#breadcrumb"},"inLanguage":"en-US","potentialAction":[{"@type":"ReadAction","target":["https:\/\/bonsaiarquitetura.com.br\/materialidade-e-iluminacao-para-espacos-pequenos\/"]}]},{"@type":"ImageObject","inLanguage":"en-US","@id":"https:\/\/bonsaiarquitetura.com.br\/materialidade-e-iluminacao-para-espacos-pequenos\/#primaryimage","url":"https:\/\/bonsaiarquitetura.com.br\/wp-content\/uploads\/2026\/03\/westwing-sala-sofa-couro-ettore-caramelo-interiores-online-projeto-consultoria-arquiteto-decorador-designer-de-interiores-remoto-online-bonsai-arquitetura-blog.webp","contentUrl":"https:\/\/bonsaiarquitetura.com.br\/wp-content\/uploads\/2026\/03\/westwing-sala-sofa-couro-ettore-caramelo-interiores-online-projeto-consultoria-arquiteto-decorador-designer-de-interiores-remoto-online-bonsai-arquitetura-blog.webp","width":700,"height":700},{"@type":"BreadcrumbList","@id":"https:\/\/bonsaiarquitetura.com.br\/materialidade-e-iluminacao-para-espacos-pequenos\/#breadcrumb","itemListElement":[{"@type":"ListItem","position":1,"name":"In\u00edcio","item":"https:\/\/bonsaiarquitetura.com.br\/"},{"@type":"ListItem","position":2,"name":"Materialidade e ilumina\u00e7\u00e3o para espa\u00e7os pequenos"}]},{"@type":"WebSite","@id":"https:\/\/bonsaiarquitetura.com.br\/#website","url":"https:\/\/bonsaiarquitetura.com.br\/","name":"Bonsai Architecture and Interiors","description":"Projeto e Consultoria Online para Espa\u00e7os Compactos","potentialAction":[{"@type":"SearchAction","target":{"@type":"EntryPoint","urlTemplate":"https:\/\/bonsaiarquitetura.com.br\/?s={search_term_string}"},"query-input":{"@type":"PropertyValueSpecification","valueRequired":true,"valueName":"search_term_string"}}],"inLanguage":"en-US"},{"@type":"Person","@id":"https:\/\/bonsaiarquitetura.com.br\/#\/schema\/person\/465bc7eea8e418533eb25b8c9d03318a","name":"Bonsai Architecture","image":{"@type":"ImageObject","inLanguage":"en-US","@id":"https:\/\/secure.gravatar.com\/avatar\/1ddc926a66842c2b02b2afab2acc7220bb5730ce9cd0c9eb3e91f57f140ebdab?s=96&d=mm&r=g","url":"https:\/\/secure.gravatar.com\/avatar\/1ddc926a66842c2b02b2afab2acc7220bb5730ce9cd0c9eb3e91f57f140ebdab?s=96&d=mm&r=g","contentUrl":"https:\/\/secure.gravatar.com\/avatar\/1ddc926a66842c2b02b2afab2acc7220bb5730ce9cd0c9eb3e91f57f140ebdab?s=96&d=mm&r=g","caption":"Bonsai Arquitetura"},"sameAs":["https:\/\/bonsaiarquitetura.com.br"],"url":"https:\/\/bonsaiarquitetura.com.br\/en\/author\/bonsai\/"}]}},"_links":{"self":[{"href":"https:\/\/bonsaiarquitetura.com.br\/en\/wp-json\/wp\/v2\/posts\/1608","targetHints":{"allow":["GET"]}}],"collection":[{"href":"https:\/\/bonsaiarquitetura.com.br\/en\/wp-json\/wp\/v2\/posts"}],"about":[{"href":"https:\/\/bonsaiarquitetura.com.br\/en\/wp-json\/wp\/v2\/types\/post"}],"author":[{"embeddable":true,"href":"https:\/\/bonsaiarquitetura.com.br\/en\/wp-json\/wp\/v2\/users\/1"}],"replies":[{"embeddable":true,"href":"https:\/\/bonsaiarquitetura.com.br\/en\/wp-json\/wp\/v2\/comments?post=1608"}],"version-history":[{"count":7,"href":"https:\/\/bonsaiarquitetura.com.br\/en\/wp-json\/wp\/v2\/posts\/1608\/revisions"}],"predecessor-version":[{"id":1621,"href":"https:\/\/bonsaiarquitetura.com.br\/en\/wp-json\/wp\/v2\/posts\/1608\/revisions\/1621"}],"wp:featuredmedia":[{"embeddable":true,"href":"https:\/\/bonsaiarquitetura.com.br\/en\/wp-json\/wp\/v2\/media\/1622"}],"wp:attachment":[{"href":"https:\/\/bonsaiarquitetura.com.br\/en\/wp-json\/wp\/v2\/media?parent=1608"}],"wp:term":[{"taxonomy":"category","embeddable":true,"href":"https:\/\/bonsaiarquitetura.com.br\/en\/wp-json\/wp\/v2\/categories?post=1608"},{"taxonomy":"post_tag","embeddable":true,"href":"https:\/\/bonsaiarquitetura.com.br\/en\/wp-json\/wp\/v2\/tags?post=1608"}],"curies":[{"name":"wp","href":"https:\/\/api.w.org\/{rel}","templated":true}]}}