{"id":2512,"date":"2026-05-25T08:30:00","date_gmt":"2026-05-25T08:30:00","guid":{"rendered":"https:\/\/bonsaiarquitetura.com.br\/?p=2512"},"modified":"2026-04-25T15:03:31","modified_gmt":"2026-04-25T15:03:31","slug":"decoracao-identidade-brasileira-morando-exterior","status":"publish","type":"post","link":"https:\/\/bonsaiarquitetura.com.br\/en\/decoracao-identidade-brasileira-morando-exterior\/","title":{"rendered":"Decora\u00e7\u00e3o com identidade brasileira morando no exterior"},"content":{"rendered":"<div style=\"height:100px\" aria-hidden=\"true\" class=\"wp-block-spacer is-style-dots\"><\/div>\n\n\n\n<figure class=\"wp-block-image aligncenter size-full is-resized has-custom-border is-style-rounded\"><img fetchpriority=\"high\" decoding=\"async\" width=\"700\" height=\"700\" src=\"https:\/\/bonsaiarquitetura.com.br\/wp-content\/uploads\/2026\/04\/decoracao-brasileira-exterior-arquitetoa-online.webp\" alt=\"decora\u00e7\u00e3o brasileira no exterior com tapete artesanal e almofadas em linho\" class=\"wp-image-2519\" style=\"border-top-left-radius:10px;border-top-right-radius:10px;border-bottom-left-radius:10px;border-bottom-right-radius:10px;width:500px\" srcset=\"https:\/\/bonsaiarquitetura.com.br\/wp-content\/uploads\/2026\/04\/decoracao-brasileira-exterior-arquitetoa-online.webp 700w, https:\/\/bonsaiarquitetura.com.br\/wp-content\/uploads\/2026\/04\/decoracao-brasileira-exterior-arquitetoa-online-300x300.webp 300w, https:\/\/bonsaiarquitetura.com.br\/wp-content\/uploads\/2026\/04\/decoracao-brasileira-exterior-arquitetoa-online-150x150.webp 150w, https:\/\/bonsaiarquitetura.com.br\/wp-content\/uploads\/2026\/04\/decoracao-brasileira-exterior-arquitetoa-online-12x12.webp 12w\" sizes=\"(max-width: 700px) 100vw, 700px\" \/><\/figure>\n\n\n\n<p class=\"has-text-color has-link-color wp-elements-1 wp-block-paragraph\" style=\"color:#425261;font-size:18px;line-height:2\">Voc\u00ea olha para a sala e ela est\u00e1 bonita. Organizada. Funcional. Mas n\u00e3o parece sua.<\/p>\n\n\n\n<p class=\"has-text-color has-link-color wp-elements-2 wp-block-paragraph\" style=\"color:#425261;font-size:18px;line-height:2\">Tem algo frio. Neutro demais. Uma decora\u00e7\u00e3o que poderia estar em qualquer apartamento de qualquer cidade europeia. E voc\u00ea, que cresceu rodeada de cores, texturas, aquele cheiro de casa com alma, sente que o espa\u00e7o onde vive n\u00e3o te representa.<\/p>\n\n\n\n<p class=\"has-text-color has-link-color wp-elements-3 wp-block-paragraph\" style=\"color:#425261;font-size:18px;line-height:2\">Essa \u00e9 uma das dores mais sutis de quem mora fora. A decora\u00e7\u00e3o com identidade brasileira vai muito al\u00e9m de colocar um objeto t\u00edpico na prateleira. \u00c9 sobre criar um ambiente que carrega a sua hist\u00f3ria, o seu repert\u00f3rio, o seu jeito de habitar.<\/p>\n\n\n\n<p class=\"has-text-color has-link-color wp-elements-4 wp-block-paragraph\" style=\"color:#425261;font-size:18px;line-height:2\">Neste artigo, mostramos como fazer isso com inten\u00e7\u00e3o, sem exageros e sem abrir m\u00e3o do que o seu pa\u00eds de resid\u00eancia tem de melhor.<\/p>\n\n\n\n<div style=\"height:50px\" aria-hidden=\"true\" class=\"wp-block-spacer is-style-dots\"><\/div>\n\n\n\n<p class=\"has-text-color has-link-color wp-elements-5 wp-block-paragraph\" style=\"color:#8c5737;font-size:25px;font-style:normal;font-weight:700;line-height:2\">\ud83c\udf3fQuando o ambiente n\u00e3o conversa com quem voc\u00ea \u00e9<\/p>\n\n\n\n<p class=\"has-text-color has-link-color wp-elements-6 wp-block-paragraph\" style=\"color:#425261;font-size:18px;line-height:2\">Antes de tudo, \u00e9 importante entender por que isso acontece.<\/p>\n\n\n\n<p class=\"has-text-color has-link-color wp-elements-7 wp-block-paragraph\" style=\"color:#425261;font-size:18px;line-height:2\">Quando voc\u00ea se muda para outro pa\u00eds, as refer\u00eancias locais de decora\u00e7\u00e3o dominam o ambiente. As lojas vendem o que funciona para o gosto local. Os apartamentos j\u00e1 v\u00eam formatados em paletas neutras, m\u00f3veis lineares, ilumina\u00e7\u00e3o indireta.<\/p>\n\n\n\n<p class=\"has-text-color has-link-color wp-elements-8 wp-block-paragraph\" style=\"color:#425261;font-size:18px;line-height:2\">Tudo muito correto. Tudo muito sem hist\u00f3ria.<\/p>\n\n\n\n<p class=\"has-text-color has-link-color wp-elements-9 wp-block-paragraph\" style=\"color:#425261;font-size:18px;line-height:2\">Por outro lado, o brasileiro carrega um repert\u00f3rio visual e sensorial muito espec\u00edfico: madeira trabalhada, cer\u00e2mica com textura, palha tran\u00e7ada, cores quentes que remetem \u00e0 terra, \u00e0s feiras, ao litoral, ao interior. Ao cotidiano que ficou para tr\u00e1s.<\/p>\n\n\n\n<p class=\"has-text-color has-link-color wp-elements-10 wp-block-paragraph\" style=\"color:#425261;font-size:18px;line-height:2\">Assim, o problema n\u00e3o \u00e9 o apartamento. \u00c9 a aus\u00eancia de camadas que contam quem voc\u00ea \u00e9.<\/p>\n\n\n\n<div style=\"height:50px\" aria-hidden=\"true\" class=\"wp-block-spacer is-style-dots\"><\/div>\n\n\n\n<h2 class=\"wp-block-heading has-text-color has-link-color wp-elements-11\" style=\"color:#8c5737;font-size:25px;font-style:normal;font-weight:700;line-height:2\">\ud83c\udf3f O que cria identidade num espa\u00e7o<\/h2>\n\n\n\n<p class=\"has-text-color has-link-color wp-elements-12 wp-block-paragraph\" style=\"color:#425261;font-size:18px;line-height:2\">A causa do vazio visual quase sempre \u00e9 a mesma: as pe\u00e7as do ambiente n\u00e3o t\u00eam conex\u00e3o entre si nem com o morador.<\/p>\n\n\n\n<p class=\"has-text-color has-link-color wp-elements-13 wp-block-paragraph\" style=\"color:#425261;font-size:18px;line-height:2\">Contudo, criar identidade n\u00e3o significa encher o espa\u00e7o de refer\u00eancias \u00f3bvias ou criar um ambiente-museu do Brasil. Significa escolher pe\u00e7as que carregam materialidade, hist\u00f3ria e calor.<\/p>\n\n\n\n<p class=\"has-text-color has-link-color wp-elements-14 wp-block-paragraph\" style=\"color:#425261;font-size:18px;line-height:2\">Em outras palavras, a identidade vem de tr\u00eas camadas:<\/p>\n\n\n\n<p class=\"has-text-color has-link-color wp-elements-15 wp-block-paragraph\" style=\"color:#425261;font-size:18px;line-height:2\"><strong><em>Materialidade natural.<\/em><\/strong> Madeira, l\u00e3, linho, rattan, cer\u00e2mica, palha. Materiais que t\u00eam textura real, que mudam com a luz, que envelhecem bem. O brasileiro tem afinidade instintiva com esses materiais, mesmo que nunca tenha nomeado isso.<\/p>\n\n\n\n<p class=\"has-text-color has-link-color wp-elements-16 wp-block-paragraph\" style=\"color:#425261;font-size:18px;line-height:2\"><strong><em>Calor crom\u00e1tico.<\/em><\/strong> Tons de terra, terracota, ocre, verde musgo, areia escura. Cores que remetem \u00e0 natureza brasileira sem precisar ser \u00f3bvias. Uma almofada terracota j\u00e1 muda a temperatura emocional de um ambiente inteiro.<\/p>\n\n\n\n<p class=\"has-text-color has-link-color wp-elements-17 wp-block-paragraph\" style=\"color:#425261;font-size:18px;line-height:2\"><strong><em>Pe\u00e7as com alma.<\/em><\/strong> Objetos artesanais, feitos \u00e0 m\u00e3o, com irregularidade intencional. Um vaso que parece esculpido. Um tapete com pontos que n\u00e3o s\u00e3o perfeitamente iguais. Essa imperfei\u00e7\u00e3o \u00e9 exatamente o que o mercado europeu n\u00e3o entrega com facilidade.<\/p>\n\n\n\n<p class=\"has-text-color has-link-color wp-elements-18 wp-block-paragraph\" style=\"color:#425261;font-size:18px;line-height:2\">Nesse sentido, a combina\u00e7\u00e3o dessas tr\u00eas camadas cria um ambiente que parece seu, mesmo que os m\u00f3veis sejam europeus e as paredes sejam brancas.<\/p>\n\n\n\n<p class=\"has-text-color has-link-color wp-elements-19 wp-block-paragraph\" style=\"color:#425261;font-size:18px;line-height:2\">Se voc\u00ea quer entender como um arquiteto traduz essa identidade em escolhas concretas de projeto, a nossa<a href=\"https:\/\/projetos.bonsaiarquitetura.com.br\/consultoria-online\/\"> <strong>consultoria online<\/strong><\/a> foi criada para exatamente esse processo, independente de onde voc\u00ea mora.<\/p>\n\n\n\n<p class=\"has-text-color has-link-color wp-elements-20 wp-block-paragraph\" style=\"color:#425261;font-size:18px;line-height:2\">Al\u00e9m disso, se estiver pensando em reformar seu apartamento no Brasil enquanto mora fora, veja tamb\u00e9m:<a href=\"https:\/\/bonsaiarquitetura.com.br\/en\/reforma-apartamento-morando-no-exterior\/\"> <strong>Reforma de apartamento morando no exterior: por onde come\u00e7ar<\/strong><\/a><\/p>\n\n\n\n<div style=\"height:50px\" aria-hidden=\"true\" class=\"wp-block-spacer is-style-dots\"><\/div>\n\n\n\n<h3 class=\"wp-block-heading has-text-color has-link-color wp-elements-21\" style=\"color:#8c5737;font-size:25px;font-style:normal;font-weight:700;line-height:2\">\ud83c\udf3f <strong><em>Pe\u00e7as que criam esse ambiente, de onde voc\u00ea estiver<\/em><\/strong><\/h3>\n\n\n\n<p class=\"has-text-color has-link-color wp-elements-22 wp-block-paragraph\" style=\"color:#425261;font-size:18px;line-height:2\">Para ilustrar essa l\u00f3gica na pr\u00e1tica, selecionamos algumas pe\u00e7as que costumamos indicar em nossas consultorias.<\/p>\n\n\n\n<p class=\"has-text-color has-link-color wp-elements-23 wp-block-paragraph\" style=\"color:#425261;font-size:18px;line-height:2\">A curadoria mistura intencionalmente pe\u00e7as dispon\u00edveis na Europa com objetos que voc\u00ea pode pedir do Brasil. Porque a identidade tamb\u00e9m se constr\u00f3i com essa ponte.<\/p>\n\n\n\n<p class=\"has-text-color has-link-color wp-elements-24 wp-block-paragraph\" style=\"color:#425261;font-size:18px;line-height:2\"><strong>Pe\u00e7as que voc\u00ea encontra aqui fora:<\/strong><\/p>\n\n\n\n<p class=\"has-text-color has-link-color wp-elements-25 wp-block-paragraph\" style=\"color:#425261;font-size:18px;line-height:2\"><a href=\"https:\/\/www.awin1.com\/cread.php?awinmid=111164&amp;awinaffid=2656664&amp;ued=https%3A%2F%2Fwww.milola.ch%2Fproducts%2Fliese-felt-ball-rectangular-rugs\"><strong>LIESE Felt Ball Rectangular Rug<\/strong><\/a> Tapete retangular feito \u00e0 m\u00e3o em l\u00e3 pura da Nova Zel\u00e2ndia, com bolinhas de feltro coloridas. Artesanal, vivo, com personalidade. Tem aquela energia de feira, de artesanato brasileiro, de objeto com hist\u00f3ria. Por isso, cada unidade \u00e9 \u00fanica.<\/p>\n\n\n\n<p class=\"has-text-color has-link-color wp-elements-26 wp-block-paragraph\" style=\"color:#425261;font-size:18px;line-height:2\"><a href=\"https:\/\/www.awin1.com\/cread.php?awinmid=111164&amp;awinaffid=2656664&amp;ued=https%3A%2F%2Fwww.milola.ch%2Fproducts%2Ffelt-pebble-pouf-hugo\"><strong>HUGO Felt Pebble Pouf<\/strong><\/a> Puf org\u00e2nico de feltro com forma de seixo. Baixo, informal, descontra\u00eddo. Lembra aquele jeito brasileiro de ocupar o espa\u00e7o: sentar no ch\u00e3o, criar rodas de conversa, viver o ambiente sem formalidade. Adiciona calor e personalidade sem ocupar espa\u00e7o de circula\u00e7\u00e3o.<\/p>\n\n\n\n<p class=\"has-text-color has-link-color wp-elements-27 wp-block-paragraph\" style=\"color:#425261;font-size:18px;line-height:2\"><a href=\"https:\/\/www.awin1.com\/cread.php?awinmid=111164&amp;awinaffid=2656664&amp;ued=https%3A%2F%2Fwww.milola.ch%2Fproducts%2Falmeria-rug\"><strong>ALMERIA Rug<\/strong><\/a> Tapete em ocre, com textura densa e tom quente de terra. Dispon\u00edvel em diferentes tamanhos e tem presen\u00e7a forte no ambiente sem competir com outros elementos. Um tapete assim ancora o espa\u00e7o e aquece visualmente qualquer sala.<\/p>\n\n\n\n<figure class=\"wp-block-gallery has-nested-images columns-default is-cropped wp-block-gallery-1 is-layout-flex wp-block-gallery-is-layout-flex\">\n<figure class=\"wp-block-image size-large has-custom-border is-style-rounded\"><a href=\"https:\/\/www.awin1.com\/cread.php?awinmid=111164&amp;awinaffid=2656664&amp;ued=https%3A%2F%2Fwww.milola.ch%2Fproducts%2Fliese-felt-ball-rectangular-rugs\"><img decoding=\"async\" width=\"700\" height=\"700\" data-id=\"2514\" src=\"https:\/\/bonsaiarquitetura.com.br\/wp-content\/uploads\/2026\/04\/myfelt-liese-rectangle-rug-milola-bonsai-arquitetura.webp\" alt=\"\" class=\"wp-image-2514\" style=\"border-top-left-radius:10px;border-top-right-radius:10px;border-bottom-left-radius:10px;border-bottom-right-radius:10px\" srcset=\"https:\/\/bonsaiarquitetura.com.br\/wp-content\/uploads\/2026\/04\/myfelt-liese-rectangle-rug-milola-bonsai-arquitetura.webp 700w, https:\/\/bonsaiarquitetura.com.br\/wp-content\/uploads\/2026\/04\/myfelt-liese-rectangle-rug-milola-bonsai-arquitetura-300x300.webp 300w, https:\/\/bonsaiarquitetura.com.br\/wp-content\/uploads\/2026\/04\/myfelt-liese-rectangle-rug-milola-bonsai-arquitetura-150x150.webp 150w, https:\/\/bonsaiarquitetura.com.br\/wp-content\/uploads\/2026\/04\/myfelt-liese-rectangle-rug-milola-bonsai-arquitetura-12x12.webp 12w\" sizes=\"(max-width: 700px) 100vw, 700px\" \/><\/a><figcaption class=\"wp-element-caption\"><a href=\"https:\/\/www.awin1.com\/cread.php?awinmid=111164&amp;awinaffid=2656664&amp;ued=https%3A%2F%2Fwww.milola.ch%2Fproducts%2Fliese-felt-ball-rectangular-rugs\"><strong><mark style=\"background-color:rgba(0, 0, 0, 0);color:#eb7163\" class=\"has-inline-color\">LIESE Felt Ball Rectangular Rug<\/mark><\/strong><\/a><\/figcaption><\/figure>\n\n\n\n<figure class=\"wp-block-image size-large is-style-rounded\"><a href=\"https:\/\/www.awin1.com\/cread.php?awinmid=111164&amp;awinaffid=2656664&amp;ued=https%3A%2F%2Fwww.milola.ch%2Fproducts%2Ffelt-pebble-pouf-hugo\"><img decoding=\"async\" width=\"700\" height=\"700\" data-id=\"2513\" src=\"https:\/\/bonsaiarquitetura.com.br\/wp-content\/uploads\/2026\/04\/hugo-felt-pebble-pouf-milola-bonsai-arquitetura.webp\" alt=\"\" class=\"wp-image-2513\" srcset=\"https:\/\/bonsaiarquitetura.com.br\/wp-content\/uploads\/2026\/04\/hugo-felt-pebble-pouf-milola-bonsai-arquitetura.webp 700w, https:\/\/bonsaiarquitetura.com.br\/wp-content\/uploads\/2026\/04\/hugo-felt-pebble-pouf-milola-bonsai-arquitetura-300x300.webp 300w, https:\/\/bonsaiarquitetura.com.br\/wp-content\/uploads\/2026\/04\/hugo-felt-pebble-pouf-milola-bonsai-arquitetura-150x150.webp 150w, https:\/\/bonsaiarquitetura.com.br\/wp-content\/uploads\/2026\/04\/hugo-felt-pebble-pouf-milola-bonsai-arquitetura-12x12.webp 12w\" sizes=\"(max-width: 700px) 100vw, 700px\" \/><\/a><figcaption class=\"wp-element-caption\"><a href=\"https:\/\/www.awin1.com\/cread.php?awinmid=111164&amp;awinaffid=2656664&amp;ued=https%3A%2F%2Fwww.milola.ch%2Fproducts%2Ffelt-pebble-pouf-hugo\"><strong><mark style=\"background-color:rgba(0, 0, 0, 0);color:#eb7163\" class=\"has-inline-color\">HUGO Felt Pebble Pouf<\/mark><\/strong><\/a><\/figcaption><\/figure>\n\n\n\n<figure class=\"wp-block-image size-large has-custom-border is-style-rounded\"><a href=\"https:\/\/www.awin1.com\/cread.php?awinmid=111164&amp;awinaffid=2656664&amp;ued=https%3A%2F%2Fwww.milola.ch%2Fproducts%2Falmeria-rug\"><img loading=\"lazy\" decoding=\"async\" width=\"700\" height=\"700\" data-id=\"2515\" src=\"https:\/\/bonsaiarquitetura.com.br\/wp-content\/uploads\/2026\/04\/almeria-ochre-rug-square-bonsai-arquitetura.webp\" alt=\"\" class=\"wp-image-2515\" style=\"border-top-left-radius:10px;border-top-right-radius:10px;border-bottom-left-radius:10px;border-bottom-right-radius:10px\" srcset=\"https:\/\/bonsaiarquitetura.com.br\/wp-content\/uploads\/2026\/04\/almeria-ochre-rug-square-bonsai-arquitetura.webp 700w, https:\/\/bonsaiarquitetura.com.br\/wp-content\/uploads\/2026\/04\/almeria-ochre-rug-square-bonsai-arquitetura-300x300.webp 300w, https:\/\/bonsaiarquitetura.com.br\/wp-content\/uploads\/2026\/04\/almeria-ochre-rug-square-bonsai-arquitetura-150x150.webp 150w, https:\/\/bonsaiarquitetura.com.br\/wp-content\/uploads\/2026\/04\/almeria-ochre-rug-square-bonsai-arquitetura-12x12.webp 12w\" sizes=\"(max-width: 700px) 100vw, 700px\" \/><\/a><figcaption class=\"wp-element-caption\"><a href=\"https:\/\/www.awin1.com\/cread.php?awinmid=111164&amp;awinaffid=2656664&amp;ued=https%3A%2F%2Fwww.milola.ch%2Fproducts%2Falmeria-rug\"><strong><mark style=\"background-color:rgba(0, 0, 0, 0);color:#eb7163\" class=\"has-inline-color\">ALMERIA Rug<\/mark><\/strong><\/a><\/figcaption><\/figure>\n<\/figure>\n\n\n\n<div style=\"height:50px\" aria-hidden=\"true\" class=\"wp-block-spacer is-style-dots\"><\/div>\n\n\n\n<h2 class=\"wp-block-heading has-text-color has-link-color wp-elements-28\" style=\"color:#425261;font-size:18px\"><strong>Pe\u00e7as que voc\u00ea pede do Brasil:<\/strong><\/h2>\n\n\n\n<p class=\"has-text-color has-link-color wp-elements-29 wp-block-paragraph\" style=\"color:#425261;font-size:18px;line-height:2\"><a href=\"https:\/\/www.awin1.com\/cread.php?awinmid=122316&amp;awinaffid=2656664&amp;ued=https%3A%2F%2Fwww.westwing.com.br%2Falmofada-linho-terra-com-nervura-terra-l-329777.html\"><strong>Almofada Linho Terra Com Nervura<\/strong><\/a> Almofada em linho com textura de nervura, no tom terra que \u00e9 a base da paleta brasileira. Um detalhe que parece simples mas muda a temperatura emocional do sof\u00e1 inteiro. Pois, linho \u00e9 um material que o brasileiro usa naturalmente, e que funciona em qualquer clima.<\/p>\n\n\n\n<p class=\"has-text-color has-link-color wp-elements-30 wp-block-paragraph\" style=\"color:#425261;font-size:18px;line-height:2\"><a href=\"https:\/\/www.awin1.com\/cread.php?awinmid=122316&amp;awinaffid=2656664&amp;ued=https%3A%2F%2Fwww.westwing.com.br%2Fjogo-de-vasos-oca-natural-101282.html\"><strong>Jogo de Vasos Oca Natural<\/strong><\/a> Design autoral brasileiro da Plug Design, com formas que remetem \u00e0 arquitetura ind\u00edgena. O nome, a forma e a materialidade falam de Brasil sem precisar explicar. Pe\u00e7as assim s\u00e3o o oposto do gen\u00e9rico.<\/p>\n\n\n\n<p class=\"has-text-color has-link-color wp-elements-31 wp-block-paragraph\" style=\"color:#425261;font-size:18px;line-height:2\"><a href=\"https:\/\/www.awin1.com\/cread.php?awinmid=122316&amp;awinaffid=2656664&amp;ued=https%3A%2F%2Fwww.westwing.com.br%2Fcapa-de-almofada-bordada-mayta-com-pompoms-327138.html\"><strong>Capa de Almofada Bordada Mayta com Pompoms<\/strong><\/a> Bordado artesanal com pompoms coloridos. Tem alegria, tem festa, tem aquela energia brasileira de celebrar o cotidiano. Logo, oma pe\u00e7a como essa numa sala neutra acorda o ambiente inteiro.<\/p>\n\n\n\n<figure class=\"wp-block-gallery has-nested-images columns-default is-cropped wp-block-gallery-2 is-layout-flex wp-block-gallery-is-layout-flex\">\n<figure class=\"wp-block-image size-large is-style-rounded\"><a href=\"https:\/\/www.awin1.com\/cread.php?awinmid=122316&amp;awinaffid=2656664&amp;ued=https%3A%2F%2Fwww.westwing.com.br%2Falmofada-linho-terra-com-nervura-terra-l-329777.html\"><img loading=\"lazy\" decoding=\"async\" width=\"700\" height=\"700\" data-id=\"2516\" src=\"https:\/\/bonsaiarquitetura.com.br\/wp-content\/uploads\/2026\/04\/westwing-almofada-linho-terra-nervura-bonsai-arquitetura.webp\" alt=\"\" class=\"wp-image-2516\" srcset=\"https:\/\/bonsaiarquitetura.com.br\/wp-content\/uploads\/2026\/04\/westwing-almofada-linho-terra-nervura-bonsai-arquitetura.webp 700w, https:\/\/bonsaiarquitetura.com.br\/wp-content\/uploads\/2026\/04\/westwing-almofada-linho-terra-nervura-bonsai-arquitetura-300x300.webp 300w, https:\/\/bonsaiarquitetura.com.br\/wp-content\/uploads\/2026\/04\/westwing-almofada-linho-terra-nervura-bonsai-arquitetura-150x150.webp 150w, https:\/\/bonsaiarquitetura.com.br\/wp-content\/uploads\/2026\/04\/westwing-almofada-linho-terra-nervura-bonsai-arquitetura-12x12.webp 12w\" sizes=\"(max-width: 700px) 100vw, 700px\" \/><\/a><figcaption class=\"wp-element-caption\"><a href=\"https:\/\/www.awin1.com\/cread.php?awinmid=122316&amp;awinaffid=2656664&amp;ued=https%3A%2F%2Fwww.westwing.com.br%2Falmofada-linho-terra-com-nervura-terra-l-329777.html\"><strong><mark style=\"background-color:rgba(0, 0, 0, 0);color:#eb7163\" class=\"has-inline-color\">Almofada Linho Terra Com Nervura<\/mark><\/strong><\/a><\/figcaption><\/figure>\n\n\n\n<figure class=\"wp-block-image size-large is-style-rounded\"><a href=\"https:\/\/www.awin1.com\/cread.php?awinmid=122316&amp;awinaffid=2656664&amp;ued=https%3A%2F%2Fwww.westwing.com.br%2Fjogo-de-vasos-oca-natural-101282.html\"><img loading=\"lazy\" decoding=\"async\" width=\"700\" height=\"700\" data-id=\"2518\" src=\"https:\/\/bonsaiarquitetura.com.br\/wp-content\/uploads\/2026\/04\/westwing-jogo-vasos-oca-natural-bonsai-arquitetura.webp\" alt=\"\" class=\"wp-image-2518\" srcset=\"https:\/\/bonsaiarquitetura.com.br\/wp-content\/uploads\/2026\/04\/westwing-jogo-vasos-oca-natural-bonsai-arquitetura.webp 700w, https:\/\/bonsaiarquitetura.com.br\/wp-content\/uploads\/2026\/04\/westwing-jogo-vasos-oca-natural-bonsai-arquitetura-300x300.webp 300w, https:\/\/bonsaiarquitetura.com.br\/wp-content\/uploads\/2026\/04\/westwing-jogo-vasos-oca-natural-bonsai-arquitetura-150x150.webp 150w, https:\/\/bonsaiarquitetura.com.br\/wp-content\/uploads\/2026\/04\/westwing-jogo-vasos-oca-natural-bonsai-arquitetura-12x12.webp 12w\" sizes=\"(max-width: 700px) 100vw, 700px\" \/><\/a><figcaption class=\"wp-element-caption\"><mark style=\"background-color:rgba(0, 0, 0, 0);color:#eb7163\" class=\"has-inline-color\"><a href=\"https:\/\/www.awin1.com\/cread.php?awinmid=122316&amp;awinaffid=2656664&amp;ued=https%3A%2F%2Fwww.westwing.com.br%2Fjogo-de-vasos-oca-natural-101282.html\"><strong>Jogo de Vasos Oca Natural<\/strong><\/a> <\/mark><\/figcaption><\/figure>\n\n\n\n<figure class=\"wp-block-image size-large is-style-rounded\"><a href=\"https:\/\/www.awin1.com\/cread.php?awinmid=122316&amp;awinaffid=2656664&amp;ued=https%3A%2F%2Fwww.westwing.com.br%2Fcapa-de-almofada-bordada-mayta-com-pompoms-327138.html\"><img loading=\"lazy\" decoding=\"async\" width=\"700\" height=\"700\" data-id=\"2517\" src=\"https:\/\/bonsaiarquitetura.com.br\/wp-content\/uploads\/2026\/04\/westwing-capa-almofada-bordada-mayta-pompoms-bonsai-arquitetura.webp\" alt=\"\" class=\"wp-image-2517\" srcset=\"https:\/\/bonsaiarquitetura.com.br\/wp-content\/uploads\/2026\/04\/westwing-capa-almofada-bordada-mayta-pompoms-bonsai-arquitetura.webp 700w, https:\/\/bonsaiarquitetura.com.br\/wp-content\/uploads\/2026\/04\/westwing-capa-almofada-bordada-mayta-pompoms-bonsai-arquitetura-300x300.webp 300w, https:\/\/bonsaiarquitetura.com.br\/wp-content\/uploads\/2026\/04\/westwing-capa-almofada-bordada-mayta-pompoms-bonsai-arquitetura-150x150.webp 150w, https:\/\/bonsaiarquitetura.com.br\/wp-content\/uploads\/2026\/04\/westwing-capa-almofada-bordada-mayta-pompoms-bonsai-arquitetura-12x12.webp 12w\" sizes=\"(max-width: 700px) 100vw, 700px\" \/><\/a><figcaption class=\"wp-element-caption\"><a href=\"https:\/\/www.awin1.com\/cread.php?awinmid=122316&amp;awinaffid=2656664&amp;ued=https%3A%2F%2Fwww.westwing.com.br%2Fcapa-de-almofada-bordada-mayta-com-pompoms-327138.html\"><strong><mark style=\"background-color:rgba(0, 0, 0, 0);color:#eb7163\" class=\"has-inline-color\">Capa de Almofada Bordada Mayta com Pompoms<\/mark><\/strong><\/a><\/figcaption><\/figure>\n<\/figure>\n\n\n\n<div style=\"height:50px\" aria-hidden=\"true\" class=\"wp-block-spacer is-style-dots\"><\/div>\n\n\n\n<h3 class=\"wp-block-heading has-text-color has-link-color wp-elements-32\" style=\"color:#8c5737;font-size:25px;font-style:normal;font-weight:700;line-height:2\">\ud83c\udf3f O que muda quando o espa\u00e7o carrega quem voc\u00ea \u00e9<\/h3>\n\n\n\n<p class=\"has-text-color has-link-color wp-elements-33 wp-block-paragraph\" style=\"color:#425261;font-size:18px;line-height:2\">Quando o ambiente come\u00e7a a ter camadas com significado, algo muda na forma como voc\u00ea habita a casa.<\/p>\n\n\n\n<p class=\"has-text-color has-link-color wp-elements-34 wp-block-paragraph\" style=\"color:#425261;font-size:18px;line-height:2\">Voc\u00ea para na entrada e reconhece o espa\u00e7o como seu. Por isso, convida amigos sem precisar explicar o estilo. Acorda de manh\u00e3 e o ambiente j\u00e1 tem calor antes do caf\u00e9.<\/p>\n\n\n\n<p class=\"has-text-color has-link-color wp-elements-35 wp-block-paragraph\" style=\"color:#425261;font-size:18px;line-height:2\">Assim, a decora\u00e7\u00e3o deixa de ser um conjunto de objetos bonitos e passa a ser uma extens\u00e3o de quem voc\u00ea \u00e9, mesmo estando a milhares de quil\u00f4metros de casa.<\/p>\n\n\n\n<p class=\"has-text-color has-link-color wp-elements-36 wp-block-paragraph\" style=\"color:#425261;font-size:18px;line-height:2\">Por fim, essa \u00e9 a diferen\u00e7a entre um apartamento bem decorado e um apartamento que parece seu.<\/p>\n\n\n\n<div style=\"height:50px\" aria-hidden=\"true\" class=\"wp-block-spacer is-style-dots\"><\/div>\n\n\n\n<h3 class=\"wp-block-heading has-text-color has-link-color wp-elements-37\" style=\"color:#8c5737;font-size:25px;font-style:normal;font-weight:700;line-height:2\">\ud83c\udf3f A casa que viaja com voc\u00ea<\/h3>\n\n\n\n<p class=\"has-text-color has-link-color wp-elements-38 wp-block-paragraph\" style=\"color:#425261;font-size:18px;font-style:normal;font-weight:400;line-height:2\">Morar fora muda muita coisa. O idioma, a rotina, o ritmo da cidade. Mas a sua identidade n\u00e3o precisa ficar para tr\u00e1s.<\/p>\n\n\n\n<p class=\"has-text-color has-link-color wp-elements-39 wp-block-paragraph\" style=\"color:#425261;font-size:18px;font-style:normal;font-weight:400;line-height:2\">Um ambiente com identidade brasileira n\u00e3o \u00e9 um apartamento repleto de objetos t\u00edpicos. Na verdade, ele \u00e9 um espa\u00e7o que carrega a sua paleta, a sua materialidade, logo, o seu jeito de estar no mundo.<\/p>\n\n\n\n<p class=\"has-text-color has-link-color wp-elements-40 wp-block-paragraph\" style=\"color:#425261;font-size:18px;font-style:normal;font-weight:400;line-height:2\">Ao mesmo tempo, ele pode ter m\u00f3veis europeus, paredes brancas, ilumina\u00e7\u00e3o escandinava. Porque identidade n\u00e3o exclui nada. Ela soma.<\/p>\n\n\n\n<p class=\"has-text-color has-link-color wp-elements-41 wp-block-paragraph\" style=\"color:#425261;font-size:18px;font-style:normal;font-weight:400;line-height:2\">Nesse sentido, cada pe\u00e7a escolhida com inten\u00e7\u00e3o \u00e9 um gesto de pertencimento. De dizer que voc\u00ea est\u00e1 aqui, mas tamb\u00e9m \u00e9 dali.<\/p>\n\n\n\n<div style=\"height:50px\" aria-hidden=\"true\" class=\"wp-block-spacer is-style-dots\"><\/div>\n\n\n\n<h2 class=\"wp-block-heading has-text-color has-link-color wp-elements-42\" style=\"color:#8c5737;font-size:25px;font-style:normal;font-weight:700;line-height:2\">\ud83c\udf3f Perguntas frequentes sobre decora\u00e7\u00e3o com identidade brasileira morando no exterior<\/h2>\n\n\n\n<p class=\"has-text-color has-link-color wp-elements-43 wp-block-paragraph\" style=\"color:#425261;font-size:18px;font-style:normal;font-weight:400;line-height:2\"><strong><em>Como criar identidade brasileira num apartamento europeu?<\/em><\/strong><em> <\/em><\/p>\n\n\n\n<p class=\"has-text-color has-link-color wp-elements-44 wp-block-paragraph\" style=\"color:#425261;font-size:18px;font-style:normal;font-weight:400;line-height:2\"><em>A identidade vem de tr\u00eas camadas: materialidade natural (madeira, cer\u00e2mica, linho), calor crom\u00e1tico (tons de terra, terracota, ocre) e pe\u00e7as artesanais com irregularidade intencional. Assim, n\u00e3o \u00e9 preciso mudar tudo, algumas pe\u00e7as estrat\u00e9gicas j\u00e1 transformam a atmosfera do ambiente.<\/em><\/p>\n\n\n\n<p class=\"has-text-color has-link-color wp-elements-45 wp-block-paragraph\" style=\"color:#425261;font-size:18px;font-style:normal;font-weight:400;line-height:2\"><strong><em>\u00c9 poss\u00edvel comprar decora\u00e7\u00e3o brasileira morando fora?<\/em><\/strong><em> <\/em><\/p>\n\n\n\n<p class=\"has-text-color has-link-color wp-elements-46 wp-block-paragraph\" style=\"color:#425261;font-size:18px;font-style:normal;font-weight:400;line-height:2\"><em>Sim. Lojas como a Westwing BR entregam em todo o Brasil e voc\u00ea pode pedir para um familiar receber e enviar, ou aguardar uma visita ao pa\u00eds. Al\u00e9m disso, muitas pe\u00e7as com est\u00e9tica similar est\u00e3o dispon\u00edveis em lojas europeias de design escandinavo.<\/em><\/p>\n\n\n\n<p class=\"has-text-color has-link-color wp-elements-47 wp-block-paragraph\" style=\"color:#425261;font-size:18px;font-style:normal;font-weight:400;line-height:2\"><strong><em>Preciso de um arquiteto para criar um ambiente com identidade?<\/em><\/strong><em> <\/em><\/p>\n\n\n\n<p class=\"has-text-color has-link-color wp-elements-48 wp-block-paragraph\" style=\"color:#425261;font-size:18px;font-style:normal;font-weight:400;line-height:2\"><em>N\u00e3o \u00e9 obrigat\u00f3rio, mas faz diferen\u00e7a. Um arquiteto ajuda a traduzir sua refer\u00eancia cultural em escolhas concretas de paleta, materiais e composi\u00e7\u00e3o, evitando que o resultado pare\u00e7a for\u00e7ado ou decorativo demais. Dessa form<\/em>a, a<em> consultoria online funciona independente de onde voc\u00ea mora.<\/em><\/p>\n\n\n\n<div style=\"height:50px\" aria-hidden=\"true\" class=\"wp-block-spacer is-style-dots\"><\/div>\n\n\n\n<p class=\"has-text-color has-link-color wp-elements-49 wp-block-paragraph\" style=\"color:#8c5737;font-size:25px;line-height:2\">\ud83c\udf3f <strong>O seu pr\u00f3ximo passo!<\/strong><\/p>\n\n\n\n<p class=\"has-text-color has-link-color wp-elements-50 wp-block-paragraph\" style=\"color:#425261;font-size:18px;line-height:2\">Agora, o seu pr\u00f3ximo passo \u00e9 <a href=\"https:\/\/api.whatsapp.com\/send\/?phone=559899118046&amp;text&amp;type=phone_number&amp;app_absent=0\"><strong>entrar em contato conosco<\/strong><\/a>!&nbsp;<\/p>\n\n\n\n<p class=\"has-text-color has-link-color wp-elements-51 wp-block-paragraph\" style=\"color:#425261;font-size:18px;line-height:2\">Receba nosso direcionamento profissional para criar o projeto ideal para a sua casa.<\/p>\n\n\n\n<p class=\"has-text-color has-link-color wp-elements-52 wp-block-paragraph\" style=\"color:#425261;font-size:18px;line-height:2\">Se gostou deste artigo, veja tamb\u00e9m: <a href=\"https:\/\/bonsaiarquitetura.com.br\/en\/projeto-de-interiores-a-distancia\/\"><strong>Projeto de interiores \u00e0 dist\u00e2ncia: do briefing \u00e0 entrega<\/strong><\/a><\/p>\n\n\n\n<p class=\"has-text-color has-link-color wp-elements-53 wp-block-paragraph\" style=\"color:#425261;font-size:18px;line-height:2\">E, por fim, siga-nos no <a href=\"https:\/\/www.instagram.com\/bonsaiarquitetura\/\"><strong>Instagram<\/strong><\/a> e <a href=\"https:\/\/br.pinterest.com\/bonsaiarquitetura\/\"><strong>Pinterest<\/strong><\/a> para continuar recebendo nossos conte\u00fados e inspira\u00e7\u00f5es.<\/p>\n\n\n\n<div style=\"height:50px\" aria-hidden=\"true\" class=\"wp-block-spacer is-style-dots\"><\/div>\n\n\n\n<hr class=\"wp-block-separator has-alpha-channel-opacity\"\/>\n\n\n\n<p class=\"has-text-color has-link-color wp-elements-54 wp-block-paragraph\" style=\"color:#425261\">\ud83e\udeb4 <em>Este artigo pode conter links de marcas parceiras que amamos. Ao adquirir produtos por meio deles, voc\u00ea apoia o Bonsai Arquitetura e Interiores a continuar criando conte\u00fados inspiradores, sem custo adicional para voc\u00ea.<\/em><\/p>\n\n\n\n<div style=\"height:50px\" aria-hidden=\"true\" class=\"wp-block-spacer is-style-dots\"><\/div>\n\n\n\n<p class=\"has-text-color has-link-color wp-elements-55 wp-block-paragraph\" style=\"color:#425261;font-size:18px;line-height:2\"><\/p>\n\n\n\n<p class=\"wp-block-paragraph\"><\/p>","protected":false},"excerpt":{"rendered":"<p>Voc\u00ea olha para a sala e ela est\u00e1 bonita. Organizada. Funcional. Mas n\u00e3o parece sua. Tem algo frio. Neutro demais. Uma decora\u00e7\u00e3o que poderia estar em qualquer apartamento de qualquer cidade europeia. E voc\u00ea, que cresceu rodeada de cores, texturas, aquele cheiro de casa com alma, sente que o espa\u00e7o onde vive n\u00e3o te representa. [&hellip;]<\/p>\n","protected":false},"author":1,"featured_media":2519,"comment_status":"closed","ping_status":"closed","sticky":false,"template":"","format":"standard","meta":{"footnotes":""},"categories":[27],"tags":[31,34,33,32],"class_list":["post-2512","post","type-post","status-publish","format-standard","has-post-thumbnail","hentry","category-identidade-e-raizes","tag-arquiteta-brasileira-na-europa","tag-consultoria-de-interiores","tag-identidade-cultural","tag-projeto-online-de-interiores"],"yoast_head":"<!-- This site is optimized with the Yoast SEO plugin v28.3 - https:\/\/yoast.com\/product\/yoast-seo-wordpress\/ -->\n<title>Decora\u00e7\u00e3o brasileira morando no exterior: como criar - Bonsai Arquitetura e Interiores<\/title>\n<meta name=\"description\" content=\"Mora fora e sua casa n\u00e3o te representa? Veja como criar decora\u00e7\u00e3o com identidade brasileira em qualquer pa\u00eds, com pe\u00e7as certas e inten\u00e7\u00e3o.\" \/>\n<meta name=\"robots\" content=\"index, follow, max-snippet:-1, max-image-preview:large, max-video-preview:-1\" \/>\n<link rel=\"canonical\" href=\"https:\/\/bonsaiarquitetura.com.br\/en\/decoracao-identidade-brasileira-morando-exterior\/\" \/>\n<meta property=\"og:locale\" content=\"en_US\" \/>\n<meta property=\"og:type\" content=\"article\" \/>\n<meta property=\"og:title\" content=\"Decora\u00e7\u00e3o brasileira morando no exterior: como criar - Bonsai Arquitetura e Interiores\" \/>\n<meta property=\"og:description\" content=\"Mora fora e sua casa n\u00e3o te representa? Veja como criar decora\u00e7\u00e3o com identidade brasileira em qualquer pa\u00eds, com pe\u00e7as certas e inten\u00e7\u00e3o.\" \/>\n<meta property=\"og:url\" content=\"https:\/\/bonsaiarquitetura.com.br\/en\/decoracao-identidade-brasileira-morando-exterior\/\" \/>\n<meta property=\"og:site_name\" content=\"Bonsai Arquitetura e Interiores\" \/>\n<meta property=\"article:published_time\" content=\"2026-05-25T08:30:00+00:00\" \/>\n<meta property=\"og:image\" content=\"https:\/\/bonsaiarquitetura.com.br\/wp-content\/uploads\/2026\/04\/decoracao-brasileira-exterior-arquitetoa-online.webp\" \/>\n\t<meta property=\"og:image:width\" content=\"700\" \/>\n\t<meta property=\"og:image:height\" content=\"700\" \/>\n\t<meta property=\"og:image:type\" content=\"image\/webp\" \/>\n<meta name=\"author\" content=\"Bonsai Arquitetura\" \/>\n<meta name=\"twitter:card\" content=\"summary_large_image\" \/>\n<meta name=\"twitter:label1\" content=\"Written by\" \/>\n\t<meta name=\"twitter:data1\" content=\"Bonsai Arquitetura\" \/>\n\t<meta name=\"twitter:label2\" content=\"Est. reading time\" \/>\n\t<meta name=\"twitter:data2\" content=\"9 minutes\" \/>\n<script type=\"application\/ld+json\" class=\"yoast-schema-graph\">{\"@context\":\"https:\\\/\\\/schema.org\",\"@graph\":[{\"@type\":\"Article\",\"@id\":\"https:\\\/\\\/bonsaiarquitetura.com.br\\\/decoracao-identidade-brasileira-morando-exterior\\\/#article\",\"isPartOf\":{\"@id\":\"https:\\\/\\\/bonsaiarquitetura.com.br\\\/decoracao-identidade-brasileira-morando-exterior\\\/\"},\"author\":{\"name\":\"Bonsai Arquitetura\",\"@id\":\"https:\\\/\\\/bonsaiarquitetura.com.br\\\/#\\\/schema\\\/person\\\/465bc7eea8e418533eb25b8c9d03318a\"},\"headline\":\"Decora\u00e7\u00e3o com identidade brasileira morando no exterior\",\"datePublished\":\"2026-05-25T08:30:00+00:00\",\"mainEntityOfPage\":{\"@id\":\"https:\\\/\\\/bonsaiarquitetura.com.br\\\/decoracao-identidade-brasileira-morando-exterior\\\/\"},\"wordCount\":1394,\"image\":{\"@id\":\"https:\\\/\\\/bonsaiarquitetura.com.br\\\/decoracao-identidade-brasileira-morando-exterior\\\/#primaryimage\"},\"thumbnailUrl\":\"https:\\\/\\\/bonsaiarquitetura.com.br\\\/wp-content\\\/uploads\\\/2026\\\/04\\\/decoracao-brasileira-exterior-arquitetoa-online.webp\",\"keywords\":[\"arquiteta brasileira na europa\",\"consultoria de interiores\",\"identidade cultural\",\"projeto online de interiores\"],\"articleSection\":[\"Identidade &amp; Ra\u00edzes\"],\"inLanguage\":\"en-US\"},{\"@type\":\"WebPage\",\"@id\":\"https:\\\/\\\/bonsaiarquitetura.com.br\\\/decoracao-identidade-brasileira-morando-exterior\\\/\",\"url\":\"https:\\\/\\\/bonsaiarquitetura.com.br\\\/decoracao-identidade-brasileira-morando-exterior\\\/\",\"name\":\"Decora\u00e7\u00e3o brasileira morando no exterior: como criar - Bonsai Arquitetura e Interiores\",\"isPartOf\":{\"@id\":\"https:\\\/\\\/bonsaiarquitetura.com.br\\\/#website\"},\"primaryImageOfPage\":{\"@id\":\"https:\\\/\\\/bonsaiarquitetura.com.br\\\/decoracao-identidade-brasileira-morando-exterior\\\/#primaryimage\"},\"image\":{\"@id\":\"https:\\\/\\\/bonsaiarquitetura.com.br\\\/decoracao-identidade-brasileira-morando-exterior\\\/#primaryimage\"},\"thumbnailUrl\":\"https:\\\/\\\/bonsaiarquitetura.com.br\\\/wp-content\\\/uploads\\\/2026\\\/04\\\/decoracao-brasileira-exterior-arquitetoa-online.webp\",\"datePublished\":\"2026-05-25T08:30:00+00:00\",\"author\":{\"@id\":\"https:\\\/\\\/bonsaiarquitetura.com.br\\\/#\\\/schema\\\/person\\\/465bc7eea8e418533eb25b8c9d03318a\"},\"description\":\"Mora fora e sua casa n\u00e3o te representa? Veja como criar decora\u00e7\u00e3o com identidade brasileira em qualquer pa\u00eds, com pe\u00e7as certas e inten\u00e7\u00e3o.\",\"breadcrumb\":{\"@id\":\"https:\\\/\\\/bonsaiarquitetura.com.br\\\/decoracao-identidade-brasileira-morando-exterior\\\/#breadcrumb\"},\"inLanguage\":\"en-US\",\"potentialAction\":[{\"@type\":\"ReadAction\",\"target\":[\"https:\\\/\\\/bonsaiarquitetura.com.br\\\/decoracao-identidade-brasileira-morando-exterior\\\/\"]}]},{\"@type\":\"ImageObject\",\"inLanguage\":\"en-US\",\"@id\":\"https:\\\/\\\/bonsaiarquitetura.com.br\\\/decoracao-identidade-brasileira-morando-exterior\\\/#primaryimage\",\"url\":\"https:\\\/\\\/bonsaiarquitetura.com.br\\\/wp-content\\\/uploads\\\/2026\\\/04\\\/decoracao-brasileira-exterior-arquitetoa-online.webp\",\"contentUrl\":\"https:\\\/\\\/bonsaiarquitetura.com.br\\\/wp-content\\\/uploads\\\/2026\\\/04\\\/decoracao-brasileira-exterior-arquitetoa-online.webp\",\"width\":700,\"height\":700,\"caption\":\"decora\u00e7\u00e3o brasileira no exterior com tapete artesanal e almofadas em linho\"},{\"@type\":\"BreadcrumbList\",\"@id\":\"https:\\\/\\\/bonsaiarquitetura.com.br\\\/decoracao-identidade-brasileira-morando-exterior\\\/#breadcrumb\",\"itemListElement\":[{\"@type\":\"ListItem\",\"position\":1,\"name\":\"In\u00edcio\",\"item\":\"https:\\\/\\\/bonsaiarquitetura.com.br\\\/\"},{\"@type\":\"ListItem\",\"position\":2,\"name\":\"Decora\u00e7\u00e3o com identidade brasileira morando no exterior\"}]},{\"@type\":\"WebSite\",\"@id\":\"https:\\\/\\\/bonsaiarquitetura.com.br\\\/#website\",\"url\":\"https:\\\/\\\/bonsaiarquitetura.com.br\\\/\",\"name\":\"Bonsai Arquitetura e Interiores\",\"description\":\"Projeto e Consultoria Online para Espa\u00e7os Compactos\",\"potentialAction\":[{\"@type\":\"SearchAction\",\"target\":{\"@type\":\"EntryPoint\",\"urlTemplate\":\"https:\\\/\\\/bonsaiarquitetura.com.br\\\/?s={search_term_string}\"},\"query-input\":{\"@type\":\"PropertyValueSpecification\",\"valueRequired\":true,\"valueName\":\"search_term_string\"}}],\"inLanguage\":\"en-US\"},{\"@type\":\"Person\",\"@id\":\"https:\\\/\\\/bonsaiarquitetura.com.br\\\/#\\\/schema\\\/person\\\/465bc7eea8e418533eb25b8c9d03318a\",\"name\":\"Bonsai Arquitetura\",\"image\":{\"@type\":\"ImageObject\",\"inLanguage\":\"en-US\",\"@id\":\"https:\\\/\\\/secure.gravatar.com\\\/avatar\\\/1ddc926a66842c2b02b2afab2acc7220bb5730ce9cd0c9eb3e91f57f140ebdab?s=96&d=mm&r=g\",\"url\":\"https:\\\/\\\/secure.gravatar.com\\\/avatar\\\/1ddc926a66842c2b02b2afab2acc7220bb5730ce9cd0c9eb3e91f57f140ebdab?s=96&d=mm&r=g\",\"contentUrl\":\"https:\\\/\\\/secure.gravatar.com\\\/avatar\\\/1ddc926a66842c2b02b2afab2acc7220bb5730ce9cd0c9eb3e91f57f140ebdab?s=96&d=mm&r=g\",\"caption\":\"Bonsai Arquitetura\"},\"sameAs\":[\"https:\\\/\\\/bonsaiarquitetura.com.br\"],\"url\":\"https:\\\/\\\/bonsaiarquitetura.com.br\\\/en\\\/author\\\/bonsai\\\/\"}]}<\/script>\n<!-- \/ Yoast SEO plugin. -->","yoast_head_json":{"title":"Decora\u00e7\u00e3o brasileira morando no exterior: como criar - Bonsai Arquitetura e Interiores","description":"Mora fora e sua casa n\u00e3o te representa? Veja como criar decora\u00e7\u00e3o com identidade brasileira em qualquer pa\u00eds, com pe\u00e7as certas e inten\u00e7\u00e3o.","robots":{"index":"index","follow":"follow","max-snippet":"max-snippet:-1","max-image-preview":"max-image-preview:large","max-video-preview":"max-video-preview:-1"},"canonical":"https:\/\/bonsaiarquitetura.com.br\/en\/decoracao-identidade-brasileira-morando-exterior\/","og_locale":"en_US","og_type":"article","og_title":"Decora\u00e7\u00e3o brasileira morando no exterior: como criar - Bonsai Arquitetura e Interiores","og_description":"Mora fora e sua casa n\u00e3o te representa? Veja como criar decora\u00e7\u00e3o com identidade brasileira em qualquer pa\u00eds, com pe\u00e7as certas e inten\u00e7\u00e3o.","og_url":"https:\/\/bonsaiarquitetura.com.br\/en\/decoracao-identidade-brasileira-morando-exterior\/","og_site_name":"Bonsai Arquitetura e Interiores","article_published_time":"2026-05-25T08:30:00+00:00","og_image":[{"width":700,"height":700,"url":"https:\/\/bonsaiarquitetura.com.br\/wp-content\/uploads\/2026\/04\/decoracao-brasileira-exterior-arquitetoa-online.webp","type":"image\/webp"}],"author":"Bonsai Arquitetura","twitter_card":"summary_large_image","twitter_misc":{"Written by":"Bonsai Arquitetura","Est. reading time":"9 minutes"},"schema":{"@context":"https:\/\/schema.org","@graph":[{"@type":"Article","@id":"https:\/\/bonsaiarquitetura.com.br\/decoracao-identidade-brasileira-morando-exterior\/#article","isPartOf":{"@id":"https:\/\/bonsaiarquitetura.com.br\/decoracao-identidade-brasileira-morando-exterior\/"},"author":{"name":"Bonsai Arquitetura","@id":"https:\/\/bonsaiarquitetura.com.br\/#\/schema\/person\/465bc7eea8e418533eb25b8c9d03318a"},"headline":"Decora\u00e7\u00e3o com identidade brasileira morando no exterior","datePublished":"2026-05-25T08:30:00+00:00","mainEntityOfPage":{"@id":"https:\/\/bonsaiarquitetura.com.br\/decoracao-identidade-brasileira-morando-exterior\/"},"wordCount":1394,"image":{"@id":"https:\/\/bonsaiarquitetura.com.br\/decoracao-identidade-brasileira-morando-exterior\/#primaryimage"},"thumbnailUrl":"https:\/\/bonsaiarquitetura.com.br\/wp-content\/uploads\/2026\/04\/decoracao-brasileira-exterior-arquitetoa-online.webp","keywords":["arquiteta brasileira na europa","consultoria de interiores","identidade cultural","projeto online de interiores"],"articleSection":["Identidade &amp; Ra\u00edzes"],"inLanguage":"en-US"},{"@type":"WebPage","@id":"https:\/\/bonsaiarquitetura.com.br\/decoracao-identidade-brasileira-morando-exterior\/","url":"https:\/\/bonsaiarquitetura.com.br\/decoracao-identidade-brasileira-morando-exterior\/","name":"Decora\u00e7\u00e3o brasileira morando no exterior: como criar - Bonsai Arquitetura e Interiores","isPartOf":{"@id":"https:\/\/bonsaiarquitetura.com.br\/#website"},"primaryImageOfPage":{"@id":"https:\/\/bonsaiarquitetura.com.br\/decoracao-identidade-brasileira-morando-exterior\/#primaryimage"},"image":{"@id":"https:\/\/bonsaiarquitetura.com.br\/decoracao-identidade-brasileira-morando-exterior\/#primaryimage"},"thumbnailUrl":"https:\/\/bonsaiarquitetura.com.br\/wp-content\/uploads\/2026\/04\/decoracao-brasileira-exterior-arquitetoa-online.webp","datePublished":"2026-05-25T08:30:00+00:00","author":{"@id":"https:\/\/bonsaiarquitetura.com.br\/#\/schema\/person\/465bc7eea8e418533eb25b8c9d03318a"},"description":"Mora fora e sua casa n\u00e3o te representa? Veja como criar decora\u00e7\u00e3o com identidade brasileira em qualquer pa\u00eds, com pe\u00e7as certas e inten\u00e7\u00e3o.","breadcrumb":{"@id":"https:\/\/bonsaiarquitetura.com.br\/decoracao-identidade-brasileira-morando-exterior\/#breadcrumb"},"inLanguage":"en-US","potentialAction":[{"@type":"ReadAction","target":["https:\/\/bonsaiarquitetura.com.br\/decoracao-identidade-brasileira-morando-exterior\/"]}]},{"@type":"ImageObject","inLanguage":"en-US","@id":"https:\/\/bonsaiarquitetura.com.br\/decoracao-identidade-brasileira-morando-exterior\/#primaryimage","url":"https:\/\/bonsaiarquitetura.com.br\/wp-content\/uploads\/2026\/04\/decoracao-brasileira-exterior-arquitetoa-online.webp","contentUrl":"https:\/\/bonsaiarquitetura.com.br\/wp-content\/uploads\/2026\/04\/decoracao-brasileira-exterior-arquitetoa-online.webp","width":700,"height":700,"caption":"decora\u00e7\u00e3o brasileira no exterior com tapete artesanal e almofadas em linho"},{"@type":"BreadcrumbList","@id":"https:\/\/bonsaiarquitetura.com.br\/decoracao-identidade-brasileira-morando-exterior\/#breadcrumb","itemListElement":[{"@type":"ListItem","position":1,"name":"In\u00edcio","item":"https:\/\/bonsaiarquitetura.com.br\/"},{"@type":"ListItem","position":2,"name":"Decora\u00e7\u00e3o com identidade brasileira morando no exterior"}]},{"@type":"WebSite","@id":"https:\/\/bonsaiarquitetura.com.br\/#website","url":"https:\/\/bonsaiarquitetura.com.br\/","name":"Bonsai Architecture and Interiors","description":"Projeto e Consultoria Online para Espa\u00e7os Compactos","potentialAction":[{"@type":"SearchAction","target":{"@type":"EntryPoint","urlTemplate":"https:\/\/bonsaiarquitetura.com.br\/?s={search_term_string}"},"query-input":{"@type":"PropertyValueSpecification","valueRequired":true,"valueName":"search_term_string"}}],"inLanguage":"en-US"},{"@type":"Person","@id":"https:\/\/bonsaiarquitetura.com.br\/#\/schema\/person\/465bc7eea8e418533eb25b8c9d03318a","name":"Bonsai Architecture","image":{"@type":"ImageObject","inLanguage":"en-US","@id":"https:\/\/secure.gravatar.com\/avatar\/1ddc926a66842c2b02b2afab2acc7220bb5730ce9cd0c9eb3e91f57f140ebdab?s=96&d=mm&r=g","url":"https:\/\/secure.gravatar.com\/avatar\/1ddc926a66842c2b02b2afab2acc7220bb5730ce9cd0c9eb3e91f57f140ebdab?s=96&d=mm&r=g","contentUrl":"https:\/\/secure.gravatar.com\/avatar\/1ddc926a66842c2b02b2afab2acc7220bb5730ce9cd0c9eb3e91f57f140ebdab?s=96&d=mm&r=g","caption":"Bonsai Arquitetura"},"sameAs":["https:\/\/bonsaiarquitetura.com.br"],"url":"https:\/\/bonsaiarquitetura.com.br\/en\/author\/bonsai\/"}]}},"_links":{"self":[{"href":"https:\/\/bonsaiarquitetura.com.br\/en\/wp-json\/wp\/v2\/posts\/2512","targetHints":{"allow":["GET"]}}],"collection":[{"href":"https:\/\/bonsaiarquitetura.com.br\/en\/wp-json\/wp\/v2\/posts"}],"about":[{"href":"https:\/\/bonsaiarquitetura.com.br\/en\/wp-json\/wp\/v2\/types\/post"}],"author":[{"embeddable":true,"href":"https:\/\/bonsaiarquitetura.com.br\/en\/wp-json\/wp\/v2\/users\/1"}],"replies":[{"embeddable":true,"href":"https:\/\/bonsaiarquitetura.com.br\/en\/wp-json\/wp\/v2\/comments?post=2512"}],"version-history":[{"count":1,"href":"https:\/\/bonsaiarquitetura.com.br\/en\/wp-json\/wp\/v2\/posts\/2512\/revisions"}],"predecessor-version":[{"id":2520,"href":"https:\/\/bonsaiarquitetura.com.br\/en\/wp-json\/wp\/v2\/posts\/2512\/revisions\/2520"}],"wp:featuredmedia":[{"embeddable":true,"href":"https:\/\/bonsaiarquitetura.com.br\/en\/wp-json\/wp\/v2\/media\/2519"}],"wp:attachment":[{"href":"https:\/\/bonsaiarquitetura.com.br\/en\/wp-json\/wp\/v2\/media?parent=2512"}],"wp:term":[{"taxonomy":"category","embeddable":true,"href":"https:\/\/bonsaiarquitetura.com.br\/en\/wp-json\/wp\/v2\/categories?post=2512"},{"taxonomy":"post_tag","embeddable":true,"href":"https:\/\/bonsaiarquitetura.com.br\/en\/wp-json\/wp\/v2\/tags?post=2512"}],"curies":[{"name":"wp","href":"https:\/\/api.w.org\/{rel}","templated":true}]}}