{"id":2536,"date":"2026-06-15T08:30:00","date_gmt":"2026-06-15T08:30:00","guid":{"rendered":"https:\/\/bonsaiarquitetura.com.br\/?p=2536"},"modified":"2026-05-27T12:28:39","modified_gmt":"2026-05-27T12:28:39","slug":"apartamento-aluguel-por-temporada","status":"publish","type":"post","link":"https:\/\/bonsaiarquitetura.com.br\/en\/apartamento-aluguel-por-temporada\/","title":{"rendered":"Apartamento para aluguel por temporada: prepare do exterior"},"content":{"rendered":"<div style=\"height:100px\" aria-hidden=\"true\" class=\"wp-block-spacer is-style-dots\"><\/div>\n\n\n\n<p class=\"has-text-color has-link-color wp-elements-1 wp-block-paragraph\" style=\"color:#425261;font-size:18px;line-height:2\">Voc\u00ea tem um apartamento no Brasil. Ele est\u00e1 l\u00e1, parado ou alugado por um valor bem abaixo do potencial, enquanto voc\u00ea mora em outro pa\u00eds. Em algum momento, a ideia de transform\u00e1-lo em um apartamento para aluguel por temporada passou pela sua cabe\u00e7a. Mas a\u00ed vem a d\u00favida: como preparar tudo isso estando t\u00e3o longe?<\/p>\n\n\n\n<p class=\"has-text-color has-link-color wp-elements-2 wp-block-paragraph\" style=\"color:#425261;font-size:18px;line-height:2\">Essa situa\u00e7\u00e3o \u00e9 mais comum do que parece. E a boa not\u00edcia \u00e9 que existe um caminho claro para resolver, sem precisar viajar ao Brasil s\u00f3 para isso.<\/p>\n\n\n\n<div style=\"height:50px\" aria-hidden=\"true\" class=\"wp-block-spacer is-style-dots\"><\/div>\n\n\n\n<h2 class=\"wp-block-heading has-text-color has-link-color wp-elements-3\" style=\"color:#8c5737;font-size:25px\">\ud83c\udf3fO que trava quem quer anunciar o im\u00f3vel no Airbnb<\/h2>\n\n\n\n<p class=\"has-text-color has-link-color wp-elements-4 wp-block-paragraph\" style=\"color:#425261;font-size:18px;line-height:2\">Antes de tudo, \u00e9 importante entender onde est\u00e1 o n\u00f3.<\/p>\n\n\n\n<p class=\"has-text-color has-link-color wp-elements-5 wp-block-paragraph\" style=\"color:#425261;font-size:18px;line-height:2\">A maioria das pessoas que mora no exterior e quer colocar o im\u00f3vel no <a href=\"https:\/\/pt.airbnb.com\/s\/homes\"><strong>Airbnb<\/strong><\/a> trava em dois pontos: n\u00e3o sabe o que precisa mudar no apartamento e n\u00e3o tem ningu\u00e9m de confian\u00e7a para coordenar isso no Brasil.<\/p>\n\n\n\n<p class=\"has-text-color has-link-color wp-elements-6 wp-block-paragraph\" style=\"color:#425261;font-size:18px;line-height:2\">O resultado \u00e9 sempre o mesmo. O apartamento fica do jeito que est\u00e1. As fotos saem gen\u00e9ricas. O an\u00fancio n\u00e3o converte. Ou o im\u00f3vel simplesmente continua parado, gerando despesa sem retorno.<\/p>\n\n\n\n<p class=\"has-text-color has-link-color wp-elements-7 wp-block-paragraph\" style=\"color:#425261;font-size:18px;line-height:2\">Por outro lado, quem prepara o apartamento com inten\u00e7\u00e3o, mesmo que sejam ajustes pequenos, consegue cobrar mais por noite, atrai h\u00f3spedes com melhor perfil e gera avalia\u00e7\u00f5es positivas que sustentam o an\u00fancio a longo prazo.<\/p>\n\n\n\n<p class=\"has-text-color has-link-color wp-elements-8 wp-block-paragraph\" style=\"color:#425261;font-size:18px;line-height:2\">A diferen\u00e7a entre os dois cen\u00e1rios raramente \u00e9 o tamanho do apartamento ou a localiza\u00e7\u00e3o. \u00c9 a presen\u00e7a de um projeto visual claro antes de qualquer compra ou mudan\u00e7a.<\/p>\n\n\n\n<div style=\"height:50px\" aria-hidden=\"true\" class=\"wp-block-spacer is-style-dots\"><\/div>\n\n\n\n<h2 class=\"wp-block-heading has-text-color has-link-color wp-elements-9\" style=\"color:#8c5737;font-size:25px\">\ud83c\udf3f A causa que poucos percebem antes de come\u00e7ar<\/h2>\n\n\n\n<p class=\"has-text-color has-link-color wp-elements-10 wp-block-paragraph\" style=\"color:#425261;font-size:18px;line-height:2\">Ao longo dos anos, percebemos que cada pessoa vive um momento diferente e, por isso, precisa de <strong>n\u00edveis distintos de acompanhamento<\/strong>.<\/p>\n\n\n\n<p class=\"has-text-color has-link-color wp-elements-11 wp-block-paragraph\" style=\"color:#425261;font-size:18px;line-height:2\">Pensando nisso, o <a href=\"https:\/\/bonsaiarquitetura.com.br\/en\/\"><strong>Bonsai Architecture<\/strong><\/a> estruturou uma metodologia de projeto para atender diferentes necessidades e etapas da jornada de quem quer transformar o lar. O que compromete um im\u00f3vel de temporada n\u00e3o \u00e9 a falta de m\u00f3veis caros. \u00c9 a falta de coer\u00eancia visual e de itens funcionais no lugar certo.<\/p>\n\n\n\n<p class=\"has-text-color has-link-color wp-elements-12 wp-block-paragraph\" style=\"color:#425261;font-size:18px;line-height:2\">Um apartamento que n\u00e3o tem protetor de colch\u00e3o, que mistura estilos sem crit\u00e9rio ou que tem uma cama visualmente pesada num quarto pequeno j\u00e1 come\u00e7a em desvantagem. O h\u00f3spede percebe isso nas fotos e escolhe outro an\u00fancio.<\/p>\n\n\n\n<p class=\"has-text-color has-link-color wp-elements-13 wp-block-paragraph\" style=\"color:#425261;font-size:18px;line-height:2\">Em outras palavras, o que faz um apartamento compacto parecer convidativo nas fotos e agrad\u00e1vel na estadia \u00e9 o mesmo princ\u00edpio que usamos em projetos de interiores: amplitude, leveza, paleta neutra e cada item cumprindo uma fun\u00e7\u00e3o clara.<\/p>\n\n\n\n<p class=\"has-text-color has-link-color wp-elements-14 wp-block-paragraph\" style=\"color:#425261;font-size:18px;line-height:2\">Nesse sentido, o ponto de partida para preparar um im\u00f3vel para temporada \u00e9 um projeto visual, mesmo que enxuto. Com ele, voc\u00ea sabe exatamente o que comprar, o que trocar e o que manter. Sem improvisar e sem gastar \u00e0 toa.<\/p>\n\n\n\n<p class=\"has-text-color has-link-color wp-elements-15 wp-block-paragraph\" style=\"color:#425261;font-size:18px;line-height:2\">\u00c9 exatamente o que fazemos na nossa <a href=\"https:\/\/projetos.bonsaiarquitetura.com.br\/consultoria-online\/\"><strong>consultoria online<\/strong><\/a>: voc\u00ea compartilha fotos e medidas do apartamento, e n\u00f3s entregamos um projeto com orienta\u00e7\u00f5es claras para preparar o espa\u00e7o para anunciar, tudo de forma remota.<\/p>\n\n\n\n<p class=\"has-text-color has-link-color wp-elements-16 wp-block-paragraph\" style=\"color:#425261;font-size:18px;line-height:2\">Se quiser entender mais sobre como pequenos ajustes mudam a percep\u00e7\u00e3o de um ambiente, vale ler tamb\u00e9m: <a href=\"https:\/\/bonsaiarquitetura.com.br\/en\/apartamento-parado-reformar-para-temporada\/\"><strong>Apartamento parado no Brasil: vale a pena reformar para temporada?<\/strong><\/a><\/p>\n\n\n\n<div style=\"height:50px\" aria-hidden=\"true\" class=\"wp-block-spacer is-style-dots\"><\/div>\n\n\n\n<h2 class=\"wp-block-heading has-text-color has-link-color wp-elements-17\" style=\"color:#8c5737;font-size:25px\">\ud83c\udf3f O itens que fazem diferen\u00e7a na hora de reserva<\/h2>\n\n\n\n<p class=\"has-text-color has-link-color wp-elements-18 wp-block-paragraph\" style=\"color:#425261;font-size:18px;line-height:2\">Com o projeto em m\u00e3os e as decis\u00f5es de layout resolvidas, o pr\u00f3ximo passo \u00e9 garantir os itens certos. Para ilustrar essa l\u00f3gica na pr\u00e1tica, selecionamos algumas pe\u00e7as que costumamos indicar em nossas consultorias para im\u00f3veis de temporada.<\/p>\n\n\n\n<div style=\"height:50px\" aria-hidden=\"true\" class=\"wp-block-spacer is-style-dots\"><\/div>\n\n\n\n<h2 class=\"wp-block-heading has-text-color has-link-color wp-elements-19\" style=\"color:#8c5737;font-size:18px\">PROTE\u00c7\u00c3O E DURABILIDADE<\/h2>\n\n\n\n<p class=\"has-text-color has-link-color wp-elements-20 wp-block-paragraph\" style=\"color:#425261;font-size:18px;line-height:2\">Antes de qualquer coisa, o colch\u00e3o precisa estar protegido. \u00c9 o item que mais sofre em im\u00f3veis com rotatividade de h\u00f3spedes, e tamb\u00e9m o que mais gera reclama\u00e7\u00f5es quando n\u00e3o est\u00e1 em boas condi\u00e7\u00f5es.<\/p>\n\n\n\n<p class=\"has-text-color has-link-color wp-elements-21 wp-block-paragraph\" style=\"color:#425261;font-size:18px;line-height:2\"><a href=\"https:\/\/www.awin1.com\/cread.php?awinmid=116157&amp;awinaffid=2656664&amp;ued=https%3A%2F%2Fwww.karsten.com.br%2Ftravesseiro-suporte-medio-seu-sono-reparador-50x70-cm-3966641-1%2Fp\"><strong>Travesseiro Suporte M\u00e9dio Percal 180 Fios Seu Sono Reparador<\/strong><\/a>: travesseiro com suporte m\u00e9dio e toque macio, que atende bem a maioria dos h\u00f3spedes. Um ponto que aparece com frequ\u00eancia nas avalia\u00e7\u00f5es positivas.<\/p>\n\n\n\n<p class=\"has-text-color has-link-color wp-elements-22 wp-block-paragraph\" style=\"color:#425261;font-size:18px;line-height:2\"><a href=\"https:\/\/www.awin1.com\/cread.php?awinmid=116157&amp;awinaffid=2656664&amp;ued=https%3A%2F%2Fwww.karsten.com.br%2Fprotetor-de-colchao-solteiro-impermeavel-essence-branco-3952403%2Fp\"><strong>Protetor de Colch\u00e3o Solteiro Imperme\u00e1vel Karsten Francis Branco<\/strong><\/a>: imperme\u00e1vel e discreto, protege sem mudar o conforto da cama. Essencial para quem tem quarto com cama de solteiro.<\/p>\n\n\n\n<p class=\"has-text-color has-link-color wp-elements-23 wp-block-paragraph\" style=\"color:#425261;font-size:18px;line-height:2\"><strong><a href=\"https:\/\/www.awin1.com\/cread.php?awinmid=116157&amp;awinaffid=2656664&amp;ued=https%3A%2F%2Fwww.karsten.com.br%2Fprotetor-de-colchao-casal-impermeavel-karsten-francis-branco-3841457%2Fp\">Protetor de Colch\u00e3o Casal Imperme\u00e1vel Karsten Francis Branco<\/a>:<\/strong> mesma qualidade para a cama casal. Investimento pequeno que evita uma troca de colch\u00e3o prematura.<\/p>\n\n\n\n<figure class=\"wp-block-gallery has-nested-images columns-default is-cropped wp-block-gallery-1 is-layout-flex wp-block-gallery-is-layout-flex\">\n<figure class=\"wp-block-image size-large has-custom-border\"><a href=\"https:\/\/www.awin1.com\/cread.php?awinmid=116157&amp;awinaffid=2656664&amp;ued=https%3A%2F%2Fwww.karsten.com.br%2Ftravesseiro-suporte-medio-seu-sono-reparador-50x70-cm-3966641-1%2Fp\"><img fetchpriority=\"high\" decoding=\"async\" width=\"700\" height=\"700\" data-id=\"2541\" src=\"https:\/\/bonsaiarquitetura.com.br\/wp-content\/uploads\/2026\/05\/karsten-travesseiro-suporte-medio-percal-180-fios-seu-sono-reparador-bonsai-arquitetura.webp\" alt=\"\" class=\"wp-image-2541\" style=\"border-top-left-radius:10px;border-top-right-radius:10px;border-bottom-left-radius:10px;border-bottom-right-radius:10px\" srcset=\"https:\/\/bonsaiarquitetura.com.br\/wp-content\/uploads\/2026\/05\/karsten-travesseiro-suporte-medio-percal-180-fios-seu-sono-reparador-bonsai-arquitetura.webp 700w, https:\/\/bonsaiarquitetura.com.br\/wp-content\/uploads\/2026\/05\/karsten-travesseiro-suporte-medio-percal-180-fios-seu-sono-reparador-bonsai-arquitetura-300x300.webp 300w, https:\/\/bonsaiarquitetura.com.br\/wp-content\/uploads\/2026\/05\/karsten-travesseiro-suporte-medio-percal-180-fios-seu-sono-reparador-bonsai-arquitetura-150x150.webp 150w, https:\/\/bonsaiarquitetura.com.br\/wp-content\/uploads\/2026\/05\/karsten-travesseiro-suporte-medio-percal-180-fios-seu-sono-reparador-bonsai-arquitetura-12x12.webp 12w\" sizes=\"(max-width: 700px) 100vw, 700px\" \/><\/a><figcaption class=\"wp-element-caption\"><a href=\"https:\/\/www.awin1.com\/cread.php?awinmid=116157&amp;awinaffid=2656664&amp;ued=https%3A%2F%2Fwww.karsten.com.br%2Ftravesseiro-suporte-medio-seu-sono-reparador-50x70-cm-3966641-1%2Fp\"><mark style=\"background-color:rgba(0, 0, 0, 0);color:#425261\" class=\"has-inline-color\">Travesseiro Suporte M\u00e9dio Percal 180 Fios Seu Sono Reparador<\/mark><\/a><\/figcaption><\/figure>\n\n\n\n<figure class=\"wp-block-image size-large has-custom-border\"><a href=\"https:\/\/www.awin1.com\/cread.php?awinmid=116157&amp;awinaffid=2656664&amp;ued=https%3A%2F%2Fwww.karsten.com.br%2Fprotetor-de-colchao-solteiro-impermeavel-essence-branco-3952403%2Fp\"><img decoding=\"async\" width=\"701\" height=\"700\" data-id=\"2539\" src=\"https:\/\/bonsaiarquitetura.com.br\/wp-content\/uploads\/2026\/05\/karsten-protetor-colchao-solteiro-impermeavel-essence-branco-bonsai-arquitetura.webp\" alt=\"\" class=\"wp-image-2539\" style=\"border-top-left-radius:10px;border-top-right-radius:10px;border-bottom-left-radius:10px;border-bottom-right-radius:10px\" srcset=\"https:\/\/bonsaiarquitetura.com.br\/wp-content\/uploads\/2026\/05\/karsten-protetor-colchao-solteiro-impermeavel-essence-branco-bonsai-arquitetura.webp 701w, https:\/\/bonsaiarquitetura.com.br\/wp-content\/uploads\/2026\/05\/karsten-protetor-colchao-solteiro-impermeavel-essence-branco-bonsai-arquitetura-300x300.webp 300w, https:\/\/bonsaiarquitetura.com.br\/wp-content\/uploads\/2026\/05\/karsten-protetor-colchao-solteiro-impermeavel-essence-branco-bonsai-arquitetura-150x150.webp 150w, https:\/\/bonsaiarquitetura.com.br\/wp-content\/uploads\/2026\/05\/karsten-protetor-colchao-solteiro-impermeavel-essence-branco-bonsai-arquitetura-12x12.webp 12w\" sizes=\"(max-width: 701px) 100vw, 701px\" \/><\/a><figcaption class=\"wp-element-caption\"><a href=\"https:\/\/www.awin1.com\/cread.php?awinmid=116157&amp;awinaffid=2656664&amp;ued=https%3A%2F%2Fwww.karsten.com.br%2Fprotetor-de-colchao-solteiro-impermeavel-essence-branco-3952403%2Fp\"><mark style=\"background-color:rgba(0, 0, 0, 0);color:#425261\" class=\"has-inline-color\">Protetor de Colch\u00e3o Solteiro Imperme\u00e1vel Karsten Francis Branco<\/mark><\/a><\/figcaption><\/figure>\n\n\n\n<figure class=\"wp-block-image size-large has-custom-border\"><a href=\"https:\/\/www.awin1.com\/cread.php?awinmid=116157&amp;awinaffid=2656664&amp;ued=https%3A%2F%2Fwww.karsten.com.br%2Fprotetor-de-colchao-casal-impermeavel-karsten-francis-branco-3841457%2Fp\"><img decoding=\"async\" width=\"700\" height=\"700\" data-id=\"2540\" src=\"https:\/\/bonsaiarquitetura.com.br\/wp-content\/uploads\/2026\/05\/karsten-protetor-colchao-casal-impermeavel-francis-branco-bonsai-arquitetura.webp\" alt=\"\" class=\"wp-image-2540\" style=\"border-top-left-radius:10px;border-top-right-radius:10px;border-bottom-left-radius:10px;border-bottom-right-radius:10px\" srcset=\"https:\/\/bonsaiarquitetura.com.br\/wp-content\/uploads\/2026\/05\/karsten-protetor-colchao-casal-impermeavel-francis-branco-bonsai-arquitetura.webp 700w, https:\/\/bonsaiarquitetura.com.br\/wp-content\/uploads\/2026\/05\/karsten-protetor-colchao-casal-impermeavel-francis-branco-bonsai-arquitetura-300x300.webp 300w, https:\/\/bonsaiarquitetura.com.br\/wp-content\/uploads\/2026\/05\/karsten-protetor-colchao-casal-impermeavel-francis-branco-bonsai-arquitetura-150x150.webp 150w, https:\/\/bonsaiarquitetura.com.br\/wp-content\/uploads\/2026\/05\/karsten-protetor-colchao-casal-impermeavel-francis-branco-bonsai-arquitetura-12x12.webp 12w\" sizes=\"(max-width: 700px) 100vw, 700px\" \/><\/a><figcaption class=\"wp-element-caption\"><a href=\"https:\/\/www.awin1.com\/cread.php?awinmid=116157&amp;awinaffid=2656664&amp;ued=https%3A%2F%2Fwww.karsten.com.br%2Fprotetor-de-colchao-casal-impermeavel-karsten-francis-branco-3841457%2Fp\"><mark style=\"background-color:rgba(0, 0, 0, 0);color:#425261\" class=\"has-inline-color\">Protetor de Colch\u00e3o Casal Imperme\u00e1vel Karsten Francis Branco<\/mark><\/a><\/figcaption><\/figure>\n<\/figure>\n\n\n\n<div style=\"height:50px\" aria-hidden=\"true\" class=\"wp-block-spacer is-style-dots\"><\/div>\n\n\n\n<h2 class=\"wp-block-heading has-text-color has-link-color wp-elements-24\" style=\"color:#8c5737;font-size:18px\">ITENS QUE VALORIZAM O AN\u00daNCIO VISUALMENTE <\/h2>\n\n\n\n<p class=\"has-text-color has-link-color wp-elements-25 wp-block-paragraph\" style=\"color:#425261;font-size:18px;font-style:normal;font-weight:400;line-height:2\">Al\u00e9m disso, h\u00e1 pe\u00e7as que fazem diferen\u00e7a direta nas fotos e na primeira impress\u00e3o do h\u00f3spede ao entrar no apartamento.<\/p>\n\n\n\n<p class=\"has-text-color has-link-color wp-elements-26 wp-block-paragraph\" style=\"color:#425261;font-size:18px;font-style:normal;font-weight:400;line-height:2\"><a href=\"https:\/\/www.awin1.com\/cread.php?awinmid=116157&amp;awinaffid=2656664&amp;ued=https%3A%2F%2Fwww.karsten.com.br%2Fsaia-para-cama-box-casal-matelassado-donna-branco-3986234%2Fp\"><strong>Saia para Cama Box Casal Matelassado Donna Branco<\/strong><\/a>: vers\u00e3o com textura matelassada, para quem quer um acabamento um pouco mais elaborado sem sair do branco neutro.<\/p>\n\n\n\n<p class=\"has-text-color has-link-color wp-elements-27 wp-block-paragraph\" style=\"color:#425261;font-size:18px;font-style:normal;font-weight:400;line-height:2\"><a href=\"https:\/\/www.awin1.com\/cread.php?awinmid=116157&amp;awinaffid=2656664&amp;ued=https%3A%2F%2Fwww.karsten.com.br%2Fpillow-top-casal-100-poliester-conforto-3978704%2Fp\"><strong>Pillow Top Casal 100% Poli\u00e9ster Conforto<\/strong><\/a>: adiciona volume e maciez \u00e0 cama, deixando o quarto com apar\u00eancia mais convidativa nas fotos. Um detalhe que eleva a percep\u00e7\u00e3o do an\u00fancio.<\/p>\n\n\n\n<p class=\"has-text-color has-link-color wp-elements-28 wp-block-paragraph\" style=\"color:#425261;font-size:18px;font-style:normal;font-weight:400;line-height:2\"><a href=\"https:\/\/www.awin1.com\/cread.php?awinmid=116157&amp;awinaffid=2656664&amp;ued=https%3A%2F%2Fwww.karsten.com.br%2Fsaia-para-cama-box-casal-com-elastico-pilar-branco-3986498%2Fp\"><strong>Saia para Cama Box Casal Com El\u00e1stico Pilar Branco<\/strong><\/a>: cobre a estrutura do box e d\u00e1 acabamento limpo e uniforme \u00e0 cama. Simples e eficiente.<\/p>\n\n\n\n<figure class=\"wp-block-gallery has-nested-images columns-default is-cropped wp-block-gallery-2 is-layout-flex wp-block-gallery-is-layout-flex\">\n<figure class=\"wp-block-image size-large has-custom-border\"><a href=\"https:\/\/www.awin1.com\/cread.php?awinmid=116157&amp;awinaffid=2656664&amp;ued=https%3A%2F%2Fwww.karsten.com.br%2Fsaia-para-cama-box-casal-matelassado-donna-branco-3986234%2Fp\"><img loading=\"lazy\" decoding=\"async\" width=\"700\" height=\"700\" data-id=\"2543\" src=\"https:\/\/bonsaiarquitetura.com.br\/wp-content\/uploads\/2026\/05\/karsten-saia-para-cama-box-casal-matelassado-donna-branco-bonsai-arquitetura.webp\" alt=\"\" class=\"wp-image-2543\" style=\"border-top-left-radius:10px;border-top-right-radius:10px;border-bottom-left-radius:10px;border-bottom-right-radius:10px\" srcset=\"https:\/\/bonsaiarquitetura.com.br\/wp-content\/uploads\/2026\/05\/karsten-saia-para-cama-box-casal-matelassado-donna-branco-bonsai-arquitetura.webp 700w, https:\/\/bonsaiarquitetura.com.br\/wp-content\/uploads\/2026\/05\/karsten-saia-para-cama-box-casal-matelassado-donna-branco-bonsai-arquitetura-300x300.webp 300w, https:\/\/bonsaiarquitetura.com.br\/wp-content\/uploads\/2026\/05\/karsten-saia-para-cama-box-casal-matelassado-donna-branco-bonsai-arquitetura-150x150.webp 150w, https:\/\/bonsaiarquitetura.com.br\/wp-content\/uploads\/2026\/05\/karsten-saia-para-cama-box-casal-matelassado-donna-branco-bonsai-arquitetura-12x12.webp 12w\" sizes=\"(max-width: 700px) 100vw, 700px\" \/><\/a><figcaption class=\"wp-element-caption\"><a href=\"https:\/\/www.awin1.com\/cread.php?awinmid=116157&amp;awinaffid=2656664&amp;ued=https%3A%2F%2Fwww.karsten.com.br%2Fsaia-para-cama-box-casal-matelassado-donna-branco-3986234%2Fp\"><mark style=\"background-color:rgba(0, 0, 0, 0);color:#425261\" class=\"has-inline-color\">Saia para Cama Box Casal Matelassado Donna Branco<\/mark><\/a><\/figcaption><\/figure>\n\n\n\n<figure class=\"wp-block-image size-large has-custom-border\"><a href=\"https:\/\/www.awin1.com\/cread.php?awinmid=116157&amp;awinaffid=2656664&amp;ued=https%3A%2F%2Fwww.karsten.com.br%2Fpillow-top-casal-100-poliester-conforto-3978704%2Fp\"><img loading=\"lazy\" decoding=\"async\" width=\"700\" height=\"700\" data-id=\"2538\" src=\"https:\/\/bonsaiarquitetura.com.br\/wp-content\/uploads\/2026\/05\/karsten-pillow-top-casal-100-poliester-conforto-bonsai-arquitetura.webp\" alt=\"\" class=\"wp-image-2538\" style=\"border-top-left-radius:10px;border-top-right-radius:10px;border-bottom-left-radius:10px;border-bottom-right-radius:10px\" srcset=\"https:\/\/bonsaiarquitetura.com.br\/wp-content\/uploads\/2026\/05\/karsten-pillow-top-casal-100-poliester-conforto-bonsai-arquitetura.webp 700w, https:\/\/bonsaiarquitetura.com.br\/wp-content\/uploads\/2026\/05\/karsten-pillow-top-casal-100-poliester-conforto-bonsai-arquitetura-300x300.webp 300w, https:\/\/bonsaiarquitetura.com.br\/wp-content\/uploads\/2026\/05\/karsten-pillow-top-casal-100-poliester-conforto-bonsai-arquitetura-150x150.webp 150w, https:\/\/bonsaiarquitetura.com.br\/wp-content\/uploads\/2026\/05\/karsten-pillow-top-casal-100-poliester-conforto-bonsai-arquitetura-12x12.webp 12w\" sizes=\"(max-width: 700px) 100vw, 700px\" \/><\/a><figcaption class=\"wp-element-caption\"><a href=\"https:\/\/www.awin1.com\/cread.php?awinmid=116157&amp;awinaffid=2656664&amp;ued=https%3A%2F%2Fwww.karsten.com.br%2Fpillow-top-casal-100-poliester-conforto-3978704%2Fp\"><mark style=\"background-color:rgba(0, 0, 0, 0);color:#425261\" class=\"has-inline-color\">Pillow Top Casal 100% Poli\u00e9ster Conforto<\/mark><\/a><\/figcaption><\/figure>\n\n\n\n<figure class=\"wp-block-image size-large has-custom-border\"><a href=\"https:\/\/www.awin1.com\/cread.php?awinmid=116157&amp;awinaffid=2656664&amp;ued=https%3A%2F%2Fwww.karsten.com.br%2Fsaia-para-cama-box-casal-com-elastico-pilar-branco-3986498%2Fp\"><img loading=\"lazy\" decoding=\"async\" width=\"700\" height=\"700\" data-id=\"2542\" src=\"https:\/\/bonsaiarquitetura.com.br\/wp-content\/uploads\/2026\/05\/karsten-saia-para-cama-box-casal-com-elastico-pilar-branco-bonsai-arquitetura.webp\" alt=\"\" class=\"wp-image-2542\" style=\"border-top-left-radius:10px;border-top-right-radius:10px;border-bottom-left-radius:10px;border-bottom-right-radius:10px\" srcset=\"https:\/\/bonsaiarquitetura.com.br\/wp-content\/uploads\/2026\/05\/karsten-saia-para-cama-box-casal-com-elastico-pilar-branco-bonsai-arquitetura.webp 700w, https:\/\/bonsaiarquitetura.com.br\/wp-content\/uploads\/2026\/05\/karsten-saia-para-cama-box-casal-com-elastico-pilar-branco-bonsai-arquitetura-300x300.webp 300w, https:\/\/bonsaiarquitetura.com.br\/wp-content\/uploads\/2026\/05\/karsten-saia-para-cama-box-casal-com-elastico-pilar-branco-bonsai-arquitetura-150x150.webp 150w, https:\/\/bonsaiarquitetura.com.br\/wp-content\/uploads\/2026\/05\/karsten-saia-para-cama-box-casal-com-elastico-pilar-branco-bonsai-arquitetura-12x12.webp 12w\" sizes=\"(max-width: 700px) 100vw, 700px\" \/><\/a><figcaption class=\"wp-element-caption\"><a href=\"https:\/\/www.awin1.com\/cread.php?awinmid=116157&amp;awinaffid=2656664&amp;ued=https%3A%2F%2Fwww.karsten.com.br%2Fsaia-para-cama-box-casal-com-elastico-pilar-branco-3986498%2Fp\"><mark style=\"background-color:rgba(0, 0, 0, 0);color:#425261\" class=\"has-inline-color\">Saia para Cama Box Casal Com El\u00e1stico Pilar Branco<\/mark><\/a><\/figcaption><\/figure>\n<\/figure>\n\n\n\n<div style=\"height:50px\" aria-hidden=\"true\" class=\"wp-block-spacer is-style-dots\"><\/div>\n\n\n\n<h2 class=\"wp-block-heading has-text-color has-link-color wp-elements-29\" style=\"color:#8c5737;font-size:25px\">\ud83c\udf3f O que muda quando o apartamento est\u00e1 pronto de verdade<\/h2>\n\n\n\n<p class=\"has-text-color has-link-color wp-elements-30 wp-block-paragraph\" style=\"color:#425261;font-size:18px;font-style:normal;font-weight:400;line-height:2\">Um dos erros mais frequentes \u00e9 <strong>come\u00e7ar a obra sem um projeto definido<\/strong>.<\/p>\n\n\n\n<p class=\"has-text-color has-link-color wp-elements-31 wp-block-paragraph\" style=\"color:#425261;font-size:18px;font-style:normal;font-weight:400;line-height:2\">Sem planejamento, surgem imprevistos, gastos extras e arrependimentos.<\/p>\n\n\n\n<p class=\"has-text-color has-link-color wp-elements-32 wp-block-paragraph\" style=\"color:#425261;font-size:18px;font-style:normal;font-weight:400;line-height:2\">No Bonsai, trabalhamos para que isso n\u00e3o aconte\u00e7a.<\/p>\n\n\n\n<p class=\"has-text-color has-link-color wp-elements-33 wp-block-paragraph\" style=\"color:#425261;font-size:18px;font-style:normal;font-weight:400;line-height:2\">Com um projeto bem estruturado, voc\u00ea ganha seguran\u00e7a para tomar decis\u00f5es, sabe exatamente onde investir e transforma seu sonho em algo concreto, sem desperd\u00edcio de tempo ou recursos.Quando o im\u00f3vel est\u00e1 preparado com inten\u00e7\u00e3o, algo muda na forma como ele aparece no an\u00fancio e na experi\u00eancia de quem chega.<\/p>\n\n\n\n<p class=\"has-text-color has-link-color wp-elements-34 wp-block-paragraph\" style=\"color:#425261;font-size:18px;font-style:normal;font-weight:400;line-height:2\">As fotos ficam mais limpas. O quarto parece maior. A cama convida. O h\u00f3spede entra e a primeira sensa\u00e7\u00e3o \u00e9 de que algu\u00e9m pensou naquele espa\u00e7o para ele.<\/p>\n\n\n\n<p class=\"has-text-color has-link-color wp-elements-35 wp-block-paragraph\" style=\"color:#425261;font-size:18px;font-style:normal;font-weight:400;line-height:2\">Assim, o im\u00f3vel para de competir por pre\u00e7o e come\u00e7a a competir por experi\u00eancia. E um apartamento que entrega experi\u00eancia cobra mais por noite, recebe avalia\u00e7\u00f5es melhores e atrai h\u00f3spedes com mais cuidado com o espa\u00e7o.<\/p>\n\n\n\n<p class=\"has-text-color has-link-color wp-elements-36 wp-block-paragraph\" style=\"color:#425261;font-size:18px;font-style:normal;font-weight:400;line-height:2\">Por fim, o retorno financeiro de um apartamento de temporada bem preparado \u00e9 consistente. N\u00e3o depende de sorte, depende de projeto.<\/p>\n\n\n\n<div style=\"height:50px\" aria-hidden=\"true\" class=\"wp-block-spacer is-style-dots\"><\/div>\n\n\n\n<h2 class=\"wp-block-heading has-text-color has-link-color wp-elements-37\" style=\"color:#8c5737;font-size:25px\">\ud83c\udf3f Quando o im\u00f3vel come\u00e7a a trabalhar por voc\u00ea<\/h2>\n\n\n\n<p class=\"has-text-color has-link-color wp-elements-38 wp-block-paragraph\" style=\"color:#425261;font-size:18px;line-height:2\">Um apartamento parado no Brasil, enquanto voc\u00ea vive no exterior, \u00e9 um ativo que n\u00e3o est\u00e1 sendo aproveitado. Contudo, prepar\u00e1-lo para temporada n\u00e3o precisa ser um projeto complexo nem exigir que voc\u00ea viaje para resolver.<\/p>\n\n\n\n<p class=\"has-text-color has-link-color wp-elements-39 wp-block-paragraph\" style=\"color:#425261;font-size:18px;line-height:2\">Desse modo, com um projeto visual claro, os itens certos e um an\u00fancio bem constru\u00eddo, o im\u00f3vel passa a gerar renda de forma previs\u00edvel, sem depender da sua presen\u00e7a f\u00edsica. Em s\u00edntese, o trabalho de prepara\u00e7\u00e3o acontece uma vez. Logo, o retorno acontece toda vez que uma reserva entra.<\/p>\n\n\n\n<div style=\"height:50px\" aria-hidden=\"true\" class=\"wp-block-spacer is-style-dots\"><\/div>\n\n\n\n<h2 class=\"wp-block-heading has-text-color has-link-color wp-elements-40\" style=\"color:#8c5737;font-size:25px\">\ud83c\udf3f Perguntas frequentes sobre apartamento para aluguel por temporada<\/h2>\n\n\n\n<p class=\"has-text-color has-link-color wp-elements-41 wp-block-paragraph\" style=\"color:#425261;font-size:18px;line-height:2\"><strong>Como preparar um apartamento para aluguel por temporada morando no exterior?<\/strong> O processo come\u00e7a com um projeto visual remoto, que define o que mudar, o que comprar e como organizar o espa\u00e7o para as fotos e para a estadia. Assim, com o projeto em m\u00e3os, voc\u00ea compra os itens necess\u00e1rios online com entrega no endere\u00e7o do im\u00f3vel e contrata algu\u00e9m de confian\u00e7a localmente para a montagem.<\/p>\n\n\n\n<p class=\"has-text-color has-link-color wp-elements-42 wp-block-paragraph\" style=\"color:#425261;font-size:18px;line-height:2\"><strong>Quais itens s\u00e3o essenciais para um apartamento de temporada?<\/strong> Protetor de colch\u00e3o imperme\u00e1vel, travesseiros de boa qualidade, pillow top e saia de cama s\u00e3o os itens de cama\/banho que mais impactam a avalia\u00e7\u00e3o dos h\u00f3spedes. No visual do apartamento, paleta neutra, ilumina\u00e7\u00e3o adequada e aus\u00eancia de ac\u00famulo visual fazem a maior diferen\u00e7a nas fotos do an\u00fancio.<\/p>\n\n\n\n<p class=\"has-text-color has-link-color wp-elements-43 wp-block-paragraph\" style=\"color:#425261;font-size:18px;line-height:2\"><strong>Vale a pena contratar um arquiteto para preparar im\u00f3vel de temporada?<\/strong> Sim, especialmente quando o processo \u00e9 feito de forma remota. Pois, um projeto de interiores focado em temporada define exatamente o que precisa ser ajustado, evita compras erradas e garante que o resultado final seja coerente visualmente, o que se traduz em fotos melhores e mais reservas.<\/p>\n\n\n\n<div style=\"height:50px\" aria-hidden=\"true\" class=\"wp-block-spacer is-style-dots\"><\/div>\n\n\n\n<h2 class=\"wp-block-heading has-text-color has-link-color wp-elements-44\" style=\"color:#8c5737;font-size:25px\">\ud83c\udf3f O seu pr\u00f3ximo passo!<\/h2>\n\n\n\n<p class=\"has-text-color has-link-color wp-elements-45 wp-block-paragraph\" style=\"color:#425261;font-size:18px;line-height:2\">Agora, o seu pr\u00f3ximo passo \u00e9 <a href=\"https:\/\/api.whatsapp.com\/send\/?phone=559899118046&amp;text&amp;type=phone_number&amp;app_absent=0\"><strong>entrar em contato conosco<\/strong><\/a>!&nbsp;<\/p>\n\n\n\n<p class=\"has-text-color has-link-color wp-elements-46 wp-block-paragraph\" style=\"color:#425261;font-size:18px;line-height:2\">Receba nosso direcionamento profissional para criar o projeto ideal para a sua casa.<\/p>\n\n\n\n<p class=\"has-text-color has-link-color wp-elements-47 wp-block-paragraph\" style=\"color:#425261;font-size:18px;line-height:2\">Se gostou deste artigo, veja tamb\u00e9m: <a href=\"https:\/\/bonsaiarquitetura.com.br\/en\/apartamento-parado-reformar-para-temporada\/\"><strong>Apartamento parado no Brasil: vale a pena reformar para temporada?<\/strong><\/a><\/p>\n\n\n\n<p class=\"has-text-color has-link-color wp-elements-48 wp-block-paragraph\" style=\"color:#425261;font-size:18px;line-height:2\">E, por fim, siga-nos no <a href=\"https:\/\/www.instagram.com\/bonsaiarquitetura\/\"><strong>Instagram<\/strong><\/a> e <a href=\"https:\/\/br.pinterest.com\/bonsaiarquitetura\/\"><strong>Pinterest<\/strong><\/a> para continuar recebendo nossos conte\u00fados e inspira\u00e7\u00f5es.<\/p>\n\n\n\n<div style=\"height:50px\" aria-hidden=\"true\" class=\"wp-block-spacer is-style-dots\"><\/div>\n\n\n\n<hr class=\"wp-block-separator has-alpha-channel-opacity\"\/>\n\n\n\n<p class=\"has-text-color has-link-color wp-elements-49 wp-block-paragraph\" style=\"color:#425261\">\ud83e\udeb4 <em>Este artigo pode conter links de marcas parceiras que amamos. Ao adquirir produtos por meio deles, voc\u00ea apoia o Bonsai Arquitetura e Interiores a continuar criando conte\u00fados inspiradores, sem custo adicional para voc\u00ea.<\/em><\/p>\n\n\n\n<div style=\"height:50px\" aria-hidden=\"true\" class=\"wp-block-spacer is-style-dots\"><\/div>\n\n\n\n<p class=\"has-text-color has-link-color wp-elements-50 wp-block-paragraph\" style=\"color:#425261;font-size:18px;line-height:2\"><\/p>\n\n\n\n<p class=\"wp-block-paragraph\"><\/p>","protected":false},"excerpt":{"rendered":"<p>Voc\u00ea tem um apartamento no Brasil. Ele est\u00e1 l\u00e1, parado ou alugado por um valor bem abaixo do potencial, enquanto voc\u00ea mora em outro pa\u00eds. Em algum momento, a ideia de transform\u00e1-lo em um apartamento para aluguel por temporada passou pela sua cabe\u00e7a. Mas a\u00ed vem a d\u00favida: como preparar tudo isso estando t\u00e3o longe? [&hellip;]<\/p>\n","protected":false},"author":1,"featured_media":2546,"comment_status":"closed","ping_status":"closed","sticky":false,"template":"","format":"standard","meta":{"footnotes":""},"categories":[27,9],"tags":[43,41,30,34],"class_list":["post-2536","post","type-post","status-publish","format-standard","has-post-thumbnail","hentry","category-identidade-e-raizes","category-solucoes-inteligentes","tag-airbnb","tag-apartamento-para-temporada","tag-arquiteta-brasileira-na-europa-identidade-cultural-projeto-online-de-interiores-consultoria-de-interiores","tag-consultoria-de-interiores"],"yoast_head":"<!-- This site is optimized with the Yoast SEO plugin v28.3 - https:\/\/yoast.com\/product\/yoast-seo-wordpress\/ -->\n<title>Apartamento para aluguel por temporada: prepare do exterior - Bonsai Arquitetura e Interiores<\/title>\n<meta name=\"description\" content=\"Tem um apartamento para aluguel por temporada no Brasil e mora no exterior? Veja como preparar o im\u00f3vel com projeto online e os itens certos.\" \/>\n<meta name=\"robots\" content=\"index, follow, max-snippet:-1, max-image-preview:large, max-video-preview:-1\" \/>\n<link rel=\"canonical\" href=\"https:\/\/bonsaiarquitetura.com.br\/en\/apartamento-aluguel-por-temporada\/\" \/>\n<meta property=\"og:locale\" content=\"en_US\" \/>\n<meta property=\"og:type\" content=\"article\" \/>\n<meta property=\"og:title\" content=\"Apartamento para aluguel por temporada: prepare do exterior - Bonsai Arquitetura e Interiores\" \/>\n<meta property=\"og:description\" content=\"Tem um apartamento para aluguel por temporada no Brasil e mora no exterior? Veja como preparar o im\u00f3vel com projeto online e os itens certos.\" \/>\n<meta property=\"og:url\" content=\"https:\/\/bonsaiarquitetura.com.br\/en\/apartamento-aluguel-por-temporada\/\" \/>\n<meta property=\"og:site_name\" content=\"Bonsai Arquitetura e Interiores\" \/>\n<meta property=\"article:published_time\" content=\"2026-06-15T08:30:00+00:00\" \/>\n<meta property=\"og:image\" content=\"https:\/\/bonsaiarquitetura.com.br\/wp-content\/uploads\/2026\/06\/preparar-apartamento-aluguel-temporada-exterior-bonsai-arquitetura.webp\" \/>\n\t<meta property=\"og:image:width\" content=\"700\" \/>\n\t<meta property=\"og:image:height\" content=\"700\" \/>\n\t<meta property=\"og:image:type\" content=\"image\/webp\" \/>\n<meta name=\"author\" content=\"Bonsai Arquitetura\" \/>\n<meta name=\"twitter:card\" content=\"summary_large_image\" \/>\n<meta name=\"twitter:label1\" content=\"Written by\" \/>\n\t<meta name=\"twitter:data1\" content=\"Bonsai Arquitetura\" \/>\n\t<meta name=\"twitter:label2\" content=\"Est. reading time\" \/>\n\t<meta name=\"twitter:data2\" content=\"9 minutes\" \/>\n<script type=\"application\/ld+json\" class=\"yoast-schema-graph\">{\"@context\":\"https:\\\/\\\/schema.org\",\"@graph\":[{\"@type\":\"Article\",\"@id\":\"https:\\\/\\\/bonsaiarquitetura.com.br\\\/apartamento-aluguel-por-temporada\\\/#article\",\"isPartOf\":{\"@id\":\"https:\\\/\\\/bonsaiarquitetura.com.br\\\/apartamento-aluguel-por-temporada\\\/\"},\"author\":{\"name\":\"Bonsai Arquitetura\",\"@id\":\"https:\\\/\\\/bonsaiarquitetura.com.br\\\/#\\\/schema\\\/person\\\/465bc7eea8e418533eb25b8c9d03318a\"},\"headline\":\"Apartamento para aluguel por temporada: prepare do exterior\",\"datePublished\":\"2026-06-15T08:30:00+00:00\",\"mainEntityOfPage\":{\"@id\":\"https:\\\/\\\/bonsaiarquitetura.com.br\\\/apartamento-aluguel-por-temporada\\\/\"},\"wordCount\":1497,\"image\":{\"@id\":\"https:\\\/\\\/bonsaiarquitetura.com.br\\\/apartamento-aluguel-por-temporada\\\/#primaryimage\"},\"thumbnailUrl\":\"https:\\\/\\\/bonsaiarquitetura.com.br\\\/wp-content\\\/uploads\\\/2026\\\/06\\\/preparar-apartamento-aluguel-temporada-exterior-bonsai-arquitetura.webp\",\"keywords\":[\"Airbnb\",\"apartamento para temporada\",\"arquiteta brasileira na europa | identidade cultural | projeto online de interiores consultoria de interiores\",\"consultoria de interiores\"],\"articleSection\":[\"Identidade &amp; Ra\u00edzes\",\"Solu\u00e7\u00f5es Inteligentes\"],\"inLanguage\":\"en-US\"},{\"@type\":\"WebPage\",\"@id\":\"https:\\\/\\\/bonsaiarquitetura.com.br\\\/apartamento-aluguel-por-temporada\\\/\",\"url\":\"https:\\\/\\\/bonsaiarquitetura.com.br\\\/apartamento-aluguel-por-temporada\\\/\",\"name\":\"Apartamento para aluguel por temporada: prepare do exterior - Bonsai Arquitetura e Interiores\",\"isPartOf\":{\"@id\":\"https:\\\/\\\/bonsaiarquitetura.com.br\\\/#website\"},\"primaryImageOfPage\":{\"@id\":\"https:\\\/\\\/bonsaiarquitetura.com.br\\\/apartamento-aluguel-por-temporada\\\/#primaryimage\"},\"image\":{\"@id\":\"https:\\\/\\\/bonsaiarquitetura.com.br\\\/apartamento-aluguel-por-temporada\\\/#primaryimage\"},\"thumbnailUrl\":\"https:\\\/\\\/bonsaiarquitetura.com.br\\\/wp-content\\\/uploads\\\/2026\\\/06\\\/preparar-apartamento-aluguel-temporada-exterior-bonsai-arquitetura.webp\",\"datePublished\":\"2026-06-15T08:30:00+00:00\",\"author\":{\"@id\":\"https:\\\/\\\/bonsaiarquitetura.com.br\\\/#\\\/schema\\\/person\\\/465bc7eea8e418533eb25b8c9d03318a\"},\"description\":\"Tem um apartamento para aluguel por temporada no Brasil e mora no exterior? Veja como preparar o im\u00f3vel com projeto online e os itens certos.\",\"breadcrumb\":{\"@id\":\"https:\\\/\\\/bonsaiarquitetura.com.br\\\/apartamento-aluguel-por-temporada\\\/#breadcrumb\"},\"inLanguage\":\"en-US\",\"potentialAction\":[{\"@type\":\"ReadAction\",\"target\":[\"https:\\\/\\\/bonsaiarquitetura.com.br\\\/apartamento-aluguel-por-temporada\\\/\"]}]},{\"@type\":\"ImageObject\",\"inLanguage\":\"en-US\",\"@id\":\"https:\\\/\\\/bonsaiarquitetura.com.br\\\/apartamento-aluguel-por-temporada\\\/#primaryimage\",\"url\":\"https:\\\/\\\/bonsaiarquitetura.com.br\\\/wp-content\\\/uploads\\\/2026\\\/06\\\/preparar-apartamento-aluguel-temporada-exterior-bonsai-arquitetura.webp\",\"contentUrl\":\"https:\\\/\\\/bonsaiarquitetura.com.br\\\/wp-content\\\/uploads\\\/2026\\\/06\\\/preparar-apartamento-aluguel-temporada-exterior-bonsai-arquitetura.webp\",\"width\":700,\"height\":700},{\"@type\":\"BreadcrumbList\",\"@id\":\"https:\\\/\\\/bonsaiarquitetura.com.br\\\/apartamento-aluguel-por-temporada\\\/#breadcrumb\",\"itemListElement\":[{\"@type\":\"ListItem\",\"position\":1,\"name\":\"In\u00edcio\",\"item\":\"https:\\\/\\\/bonsaiarquitetura.com.br\\\/\"},{\"@type\":\"ListItem\",\"position\":2,\"name\":\"Apartamento para aluguel por temporada: prepare do exterior\"}]},{\"@type\":\"WebSite\",\"@id\":\"https:\\\/\\\/bonsaiarquitetura.com.br\\\/#website\",\"url\":\"https:\\\/\\\/bonsaiarquitetura.com.br\\\/\",\"name\":\"Bonsai Arquitetura e Interiores\",\"description\":\"Projeto e Consultoria Online para Espa\u00e7os Compactos\",\"potentialAction\":[{\"@type\":\"SearchAction\",\"target\":{\"@type\":\"EntryPoint\",\"urlTemplate\":\"https:\\\/\\\/bonsaiarquitetura.com.br\\\/?s={search_term_string}\"},\"query-input\":{\"@type\":\"PropertyValueSpecification\",\"valueRequired\":true,\"valueName\":\"search_term_string\"}}],\"inLanguage\":\"en-US\"},{\"@type\":\"Person\",\"@id\":\"https:\\\/\\\/bonsaiarquitetura.com.br\\\/#\\\/schema\\\/person\\\/465bc7eea8e418533eb25b8c9d03318a\",\"name\":\"Bonsai Arquitetura\",\"image\":{\"@type\":\"ImageObject\",\"inLanguage\":\"en-US\",\"@id\":\"https:\\\/\\\/secure.gravatar.com\\\/avatar\\\/1ddc926a66842c2b02b2afab2acc7220bb5730ce9cd0c9eb3e91f57f140ebdab?s=96&d=mm&r=g\",\"url\":\"https:\\\/\\\/secure.gravatar.com\\\/avatar\\\/1ddc926a66842c2b02b2afab2acc7220bb5730ce9cd0c9eb3e91f57f140ebdab?s=96&d=mm&r=g\",\"contentUrl\":\"https:\\\/\\\/secure.gravatar.com\\\/avatar\\\/1ddc926a66842c2b02b2afab2acc7220bb5730ce9cd0c9eb3e91f57f140ebdab?s=96&d=mm&r=g\",\"caption\":\"Bonsai Arquitetura\"},\"sameAs\":[\"https:\\\/\\\/bonsaiarquitetura.com.br\"],\"url\":\"https:\\\/\\\/bonsaiarquitetura.com.br\\\/en\\\/author\\\/bonsai\\\/\"}]}<\/script>\n<!-- \/ Yoast SEO plugin. -->","yoast_head_json":{"title":"Apartamento para aluguel por temporada: prepare do exterior - Bonsai Arquitetura e Interiores","description":"Tem um apartamento para aluguel por temporada no Brasil e mora no exterior? Veja como preparar o im\u00f3vel com projeto online e os itens certos.","robots":{"index":"index","follow":"follow","max-snippet":"max-snippet:-1","max-image-preview":"max-image-preview:large","max-video-preview":"max-video-preview:-1"},"canonical":"https:\/\/bonsaiarquitetura.com.br\/en\/apartamento-aluguel-por-temporada\/","og_locale":"en_US","og_type":"article","og_title":"Apartamento para aluguel por temporada: prepare do exterior - Bonsai Arquitetura e Interiores","og_description":"Tem um apartamento para aluguel por temporada no Brasil e mora no exterior? Veja como preparar o im\u00f3vel com projeto online e os itens certos.","og_url":"https:\/\/bonsaiarquitetura.com.br\/en\/apartamento-aluguel-por-temporada\/","og_site_name":"Bonsai Arquitetura e Interiores","article_published_time":"2026-06-15T08:30:00+00:00","og_image":[{"width":700,"height":700,"url":"https:\/\/bonsaiarquitetura.com.br\/wp-content\/uploads\/2026\/06\/preparar-apartamento-aluguel-temporada-exterior-bonsai-arquitetura.webp","type":"image\/webp"}],"author":"Bonsai Arquitetura","twitter_card":"summary_large_image","twitter_misc":{"Written by":"Bonsai Arquitetura","Est. reading time":"9 minutes"},"schema":{"@context":"https:\/\/schema.org","@graph":[{"@type":"Article","@id":"https:\/\/bonsaiarquitetura.com.br\/apartamento-aluguel-por-temporada\/#article","isPartOf":{"@id":"https:\/\/bonsaiarquitetura.com.br\/apartamento-aluguel-por-temporada\/"},"author":{"name":"Bonsai Arquitetura","@id":"https:\/\/bonsaiarquitetura.com.br\/#\/schema\/person\/465bc7eea8e418533eb25b8c9d03318a"},"headline":"Apartamento para aluguel por temporada: prepare do exterior","datePublished":"2026-06-15T08:30:00+00:00","mainEntityOfPage":{"@id":"https:\/\/bonsaiarquitetura.com.br\/apartamento-aluguel-por-temporada\/"},"wordCount":1497,"image":{"@id":"https:\/\/bonsaiarquitetura.com.br\/apartamento-aluguel-por-temporada\/#primaryimage"},"thumbnailUrl":"https:\/\/bonsaiarquitetura.com.br\/wp-content\/uploads\/2026\/06\/preparar-apartamento-aluguel-temporada-exterior-bonsai-arquitetura.webp","keywords":["Airbnb","apartamento para temporada","arquiteta brasileira na europa | identidade cultural | projeto online de interiores consultoria de interiores","consultoria de interiores"],"articleSection":["Identidade &amp; Ra\u00edzes","Solu\u00e7\u00f5es Inteligentes"],"inLanguage":"en-US"},{"@type":"WebPage","@id":"https:\/\/bonsaiarquitetura.com.br\/apartamento-aluguel-por-temporada\/","url":"https:\/\/bonsaiarquitetura.com.br\/apartamento-aluguel-por-temporada\/","name":"Apartamento para aluguel por temporada: prepare do exterior - Bonsai Arquitetura e Interiores","isPartOf":{"@id":"https:\/\/bonsaiarquitetura.com.br\/#website"},"primaryImageOfPage":{"@id":"https:\/\/bonsaiarquitetura.com.br\/apartamento-aluguel-por-temporada\/#primaryimage"},"image":{"@id":"https:\/\/bonsaiarquitetura.com.br\/apartamento-aluguel-por-temporada\/#primaryimage"},"thumbnailUrl":"https:\/\/bonsaiarquitetura.com.br\/wp-content\/uploads\/2026\/06\/preparar-apartamento-aluguel-temporada-exterior-bonsai-arquitetura.webp","datePublished":"2026-06-15T08:30:00+00:00","author":{"@id":"https:\/\/bonsaiarquitetura.com.br\/#\/schema\/person\/465bc7eea8e418533eb25b8c9d03318a"},"description":"Tem um apartamento para aluguel por temporada no Brasil e mora no exterior? Veja como preparar o im\u00f3vel com projeto online e os itens certos.","breadcrumb":{"@id":"https:\/\/bonsaiarquitetura.com.br\/apartamento-aluguel-por-temporada\/#breadcrumb"},"inLanguage":"en-US","potentialAction":[{"@type":"ReadAction","target":["https:\/\/bonsaiarquitetura.com.br\/apartamento-aluguel-por-temporada\/"]}]},{"@type":"ImageObject","inLanguage":"en-US","@id":"https:\/\/bonsaiarquitetura.com.br\/apartamento-aluguel-por-temporada\/#primaryimage","url":"https:\/\/bonsaiarquitetura.com.br\/wp-content\/uploads\/2026\/06\/preparar-apartamento-aluguel-temporada-exterior-bonsai-arquitetura.webp","contentUrl":"https:\/\/bonsaiarquitetura.com.br\/wp-content\/uploads\/2026\/06\/preparar-apartamento-aluguel-temporada-exterior-bonsai-arquitetura.webp","width":700,"height":700},{"@type":"BreadcrumbList","@id":"https:\/\/bonsaiarquitetura.com.br\/apartamento-aluguel-por-temporada\/#breadcrumb","itemListElement":[{"@type":"ListItem","position":1,"name":"In\u00edcio","item":"https:\/\/bonsaiarquitetura.com.br\/"},{"@type":"ListItem","position":2,"name":"Apartamento para aluguel por temporada: prepare do exterior"}]},{"@type":"WebSite","@id":"https:\/\/bonsaiarquitetura.com.br\/#website","url":"https:\/\/bonsaiarquitetura.com.br\/","name":"Bonsai Architecture and Interiors","description":"Projeto e Consultoria Online para Espa\u00e7os Compactos","potentialAction":[{"@type":"SearchAction","target":{"@type":"EntryPoint","urlTemplate":"https:\/\/bonsaiarquitetura.com.br\/?s={search_term_string}"},"query-input":{"@type":"PropertyValueSpecification","valueRequired":true,"valueName":"search_term_string"}}],"inLanguage":"en-US"},{"@type":"Person","@id":"https:\/\/bonsaiarquitetura.com.br\/#\/schema\/person\/465bc7eea8e418533eb25b8c9d03318a","name":"Bonsai Architecture","image":{"@type":"ImageObject","inLanguage":"en-US","@id":"https:\/\/secure.gravatar.com\/avatar\/1ddc926a66842c2b02b2afab2acc7220bb5730ce9cd0c9eb3e91f57f140ebdab?s=96&d=mm&r=g","url":"https:\/\/secure.gravatar.com\/avatar\/1ddc926a66842c2b02b2afab2acc7220bb5730ce9cd0c9eb3e91f57f140ebdab?s=96&d=mm&r=g","contentUrl":"https:\/\/secure.gravatar.com\/avatar\/1ddc926a66842c2b02b2afab2acc7220bb5730ce9cd0c9eb3e91f57f140ebdab?s=96&d=mm&r=g","caption":"Bonsai Arquitetura"},"sameAs":["https:\/\/bonsaiarquitetura.com.br"],"url":"https:\/\/bonsaiarquitetura.com.br\/en\/author\/bonsai\/"}]}},"_links":{"self":[{"href":"https:\/\/bonsaiarquitetura.com.br\/en\/wp-json\/wp\/v2\/posts\/2536","targetHints":{"allow":["GET"]}}],"collection":[{"href":"https:\/\/bonsaiarquitetura.com.br\/en\/wp-json\/wp\/v2\/posts"}],"about":[{"href":"https:\/\/bonsaiarquitetura.com.br\/en\/wp-json\/wp\/v2\/types\/post"}],"author":[{"embeddable":true,"href":"https:\/\/bonsaiarquitetura.com.br\/en\/wp-json\/wp\/v2\/users\/1"}],"replies":[{"embeddable":true,"href":"https:\/\/bonsaiarquitetura.com.br\/en\/wp-json\/wp\/v2\/comments?post=2536"}],"version-history":[{"count":1,"href":"https:\/\/bonsaiarquitetura.com.br\/en\/wp-json\/wp\/v2\/posts\/2536\/revisions"}],"predecessor-version":[{"id":2544,"href":"https:\/\/bonsaiarquitetura.com.br\/en\/wp-json\/wp\/v2\/posts\/2536\/revisions\/2544"}],"wp:featuredmedia":[{"embeddable":true,"href":"https:\/\/bonsaiarquitetura.com.br\/en\/wp-json\/wp\/v2\/media\/2546"}],"wp:attachment":[{"href":"https:\/\/bonsaiarquitetura.com.br\/en\/wp-json\/wp\/v2\/media?parent=2536"}],"wp:term":[{"taxonomy":"category","embeddable":true,"href":"https:\/\/bonsaiarquitetura.com.br\/en\/wp-json\/wp\/v2\/categories?post=2536"},{"taxonomy":"post_tag","embeddable":true,"href":"https:\/\/bonsaiarquitetura.com.br\/en\/wp-json\/wp\/v2\/tags?post=2536"}],"curies":[{"name":"wp","href":"https:\/\/api.w.org\/{rel}","templated":true}]}}