{"id":2617,"date":"2026-07-13T08:30:00","date_gmt":"2026-07-13T08:30:00","guid":{"rendered":"https:\/\/bonsaiarquitetura.com.br\/?p=2617"},"modified":"2026-06-18T00:43:46","modified_gmt":"2026-06-18T00:43:46","slug":"moveis-planejados-ou-prontos-apartamentos-pequenos","status":"publish","type":"post","link":"https:\/\/bonsaiarquitetura.com.br\/en\/moveis-planejados-ou-prontos-apartamentos-pequenos\/","title":{"rendered":"M\u00f3veis planejados ou prontos para apartamentos pequenos?"},"content":{"rendered":"<div style=\"height:100px\" aria-hidden=\"true\" class=\"wp-block-spacer is-style-dots\"><\/div>\n\n\n\n<p class=\"has-text-color has-link-color wp-elements-1 wp-block-paragraph\" style=\"color:#425261;font-size:18px;line-height:2\">Voc\u00ea entra no seu novo apartamento e, ao olhar para a sala, bate aquela d\u00favida cl\u00e1ssica sobre como preencher os espa\u00e7os. A tenta\u00e7\u00e3o de comprar pe\u00e7as prontas na internet \u00e9 grande, mas o medo de errar nas medidas e travar a circula\u00e7\u00e3o fala mais alto. Por outro lado, fazer marcenaria sob medida em tudo parece um investimento pesado demais para o momento atual. Afinal, o que vale mais a pena quando cada cent\u00edmetro conta? Descubra o equil\u00edbrio ideal entre <strong>m\u00f3veis planejados ou prontos para apartamentos pequenos<\/strong> para otimizar seu or\u00e7amento sem perder o aconchego.<\/p>\n\n\n\n<div style=\"height:50px\" aria-hidden=\"true\" class=\"wp-block-spacer is-style-dots\"><\/div>\n\n\n\n<p class=\"has-text-color has-link-color wp-elements-2 wp-block-paragraph\" style=\"color:#8c5737;font-size:25px;font-style:normal;font-weight:700;line-height:2\">\ud83c\udf3fO dilema de fazer cada cent\u00edmetro valer a pena<\/p>\n\n\n\n<p class=\"has-text-color has-link-color wp-elements-3 wp-block-paragraph\" style=\"color:#425261;font-size:18px;line-height:2\">Morar em um endere\u00e7o compacto exige escolhas inteligentes logo na mudan\u00e7a. O maior receio de quem decora um apartamento menor \u00e9 acabar com c\u00f4modos apertados e sem espa\u00e7o de armazenamento.<\/p>\n\n\n\n<p class=\"has-text-color has-link-color wp-elements-4 wp-block-paragraph\" style=\"color:#425261;font-size:18px;line-height:2\">Muitas vezes, a busca por solu\u00e7\u00f5es baratas resulta em m\u00f3veis soltos que n\u00e3o se encaixam direito nas paredes. Nesse sentido, aquela sensa\u00e7\u00e3o inc\u00f4moda de ambiente entulhado surge Rapidamente e rouba a leveza do dia a dia.<\/p>\n\n\n\n<p class=\"has-text-color has-link-color wp-elements-5 wp-block-paragraph\" style=\"color:#425261;font-size:18px;line-height:2\">Por outro lado, gastar uma fortuna fechando o im\u00f3vel inteiro com marcenaria pesada pode engessar o layout. \u00c9 preciso entender a real necessidade de cada ambiente antes de passar o cart\u00e3o.<\/p>\n\n\n\n<div style=\"height:50px\" aria-hidden=\"true\" class=\"wp-block-spacer is-style-dots\"><\/div>\n\n\n\n<h2 class=\"wp-block-heading has-text-color has-link-color wp-elements-6\" style=\"color:#8c5737;font-size:25px;font-style:normal;font-weight:700;line-height:2\">\ud83c\udf3f A falta de planejamento espacial e as solu\u00e7\u00f5es inteligentes<\/h2>\n\n\n\n<p class=\"has-text-color has-link-color wp-elements-7 wp-block-paragraph\" style=\"color:#425261;font-size:18px;line-height:2\">O erro mais comum acontece pela falta de uma estrat\u00e9gia visual clara antes de mobiliar. As pessoas costumam comprar por impulso ou projetar arm\u00e1rios gigantescos que fecham as passagens e diminuem os ambientes.<\/p>\n\n\n\n<p class=\"has-text-color has-link-color wp-elements-8 wp-block-paragraph\" style=\"color:#425261;font-size:18px;line-height:2\">A arquitetura contempor\u00e2nea resolve isso com fluidez, priorizando o conforto visual atrav\u00e9s de nichos vazados e linhas limpas. A grande sacada \u00e9 usar a marcenaria sob medida apenas nos pontos cr\u00edticos do im\u00f3vel.<\/p>\n\n\n\n<p class=\"has-text-color has-link-color wp-elements-9 wp-block-paragraph\" style=\"color:#425261;font-size:18px;line-height:2\">\u00c1reas como a cozinha e a lavanderia pedem o aproveitamento total das paredes at\u00e9 o teto. Al\u00e9m disso, uma consultoria profissional ajuda a desenhar essa divis\u00e3o inteligente, como voc\u00ea pode ver na nossa p\u00e1gina de <a href=\"https:\/\/projetos.bonsaiarquitetura.com.br\/consultoria-online\/\" target=\"_blank\" rel=\"noreferrer noopener\"><strong>consultoria online<\/strong><\/a>.<\/p>\n\n\n\n<div style=\"height:50px\" aria-hidden=\"true\" class=\"wp-block-spacer is-style-dots\"><\/div>\n\n\n\n<h3 class=\"wp-block-heading has-text-color has-link-color wp-elements-10\" style=\"color:#8c5737;font-size:25px;font-style:normal;font-weight:700;line-height:2\">\ud83c\udf3f Curadoria pr\u00e1tica: pe\u00e7as vers\u00e1teis para o seu layout<\/h3>\n\n\n\n<p class=\"has-text-color has-link-color wp-elements-11 wp-block-paragraph\" style=\"color:#425261;font-size:18px;line-height:2\">Para as \u00e1reas de conviv\u00eancia, os m\u00f3veis soltos trazem mobilidade e dinamismo. Selecionamos op\u00e7\u00f5es funcionais do mercado que se adaptam muito bem aos espa\u00e7os reduzidos da <a href=\"https:\/\/www.awin1.com\/cread.php?awinmid=36382&amp;awinaffid=2656664&amp;ued=https%3A%2F%2Fwww.tokstok.com.br%2F\"><strong>Tok&amp;Stok<\/strong><\/a>, Mobly e Madeira Madeira.<\/p>\n\n\n\n<div style=\"height:50px\" aria-hidden=\"true\" class=\"wp-block-spacer is-style-dots\"><\/div>\n\n\n\n<figure class=\"wp-block-gallery has-nested-images columns-default is-cropped wp-block-gallery-1 is-layout-flex wp-block-gallery-is-layout-flex\">\n<figure class=\"wp-block-image size-large has-custom-border is-style-rounded\"><img fetchpriority=\"high\" decoding=\"async\" width=\"700\" height=\"700\" data-id=\"2620\" src=\"https:\/\/bonsaiarquitetura.com.br\/wp-content\/uploads\/2026\/06\/tokstok-sofa-1-lugar-anga-bonsai-arquitetura.webp\" alt=\"\" class=\"wp-image-2620\" style=\"border-top-left-radius:10px;border-top-right-radius:10px;border-bottom-left-radius:10px;border-bottom-right-radius:10px\" srcset=\"https:\/\/bonsaiarquitetura.com.br\/wp-content\/uploads\/2026\/06\/tokstok-sofa-1-lugar-anga-bonsai-arquitetura.webp 700w, https:\/\/bonsaiarquitetura.com.br\/wp-content\/uploads\/2026\/06\/tokstok-sofa-1-lugar-anga-bonsai-arquitetura-300x300.webp 300w, https:\/\/bonsaiarquitetura.com.br\/wp-content\/uploads\/2026\/06\/tokstok-sofa-1-lugar-anga-bonsai-arquitetura-150x150.webp 150w, https:\/\/bonsaiarquitetura.com.br\/wp-content\/uploads\/2026\/06\/tokstok-sofa-1-lugar-anga-bonsai-arquitetura-12x12.webp 12w\" sizes=\"(max-width: 700px) 100vw, 700px\" \/><figcaption class=\"wp-element-caption\"><a href=\"https:\/\/www.awin1.com\/cread.php?awinmid=36382&amp;awinaffid=2656664&amp;ued=https%3A%2F%2Fwww.tokstok.com.br%2Fsofa-1-lugar-zefir-zaffron-modulo%2Fp\" target=\"_blank\" rel=\"noreferrer noopener\"><mark style=\"background-color:rgba(0, 0, 0, 0);color:#425261\" class=\"has-inline-color\"><strong>M\u00f3dulo Sof\u00e1 Anga<\/strong><\/mark><\/a><\/figcaption><\/figure>\n\n\n\n<figure class=\"wp-block-image size-large has-custom-border is-style-rounded\"><img decoding=\"async\" width=\"700\" height=\"700\" data-id=\"2621\" src=\"https:\/\/bonsaiarquitetura.com.br\/wp-content\/uploads\/2026\/06\/tokstok-snaky-zimbro-bonsai-arquitetura.webp\" alt=\"\" class=\"wp-image-2621\" style=\"border-top-left-radius:10px;border-top-right-radius:10px;border-bottom-left-radius:10px;border-bottom-right-radius:10px\" srcset=\"https:\/\/bonsaiarquitetura.com.br\/wp-content\/uploads\/2026\/06\/tokstok-snaky-zimbro-bonsai-arquitetura.webp 700w, https:\/\/bonsaiarquitetura.com.br\/wp-content\/uploads\/2026\/06\/tokstok-snaky-zimbro-bonsai-arquitetura-300x300.webp 300w, https:\/\/bonsaiarquitetura.com.br\/wp-content\/uploads\/2026\/06\/tokstok-snaky-zimbro-bonsai-arquitetura-150x150.webp 150w, https:\/\/bonsaiarquitetura.com.br\/wp-content\/uploads\/2026\/06\/tokstok-snaky-zimbro-bonsai-arquitetura-12x12.webp 12w\" sizes=\"(max-width: 700px) 100vw, 700px\" \/><figcaption class=\"wp-element-caption\"><a href=\"https:\/\/www.awin1.com\/cread.php?awinmid=36382&amp;awinaffid=2656664&amp;ued=https%3A%2F%2Fwww.tokstok.com.br%2Fsnaky-zimbro-zimbro-poltrona%2Fp\" target=\"_blank\" rel=\"noreferrer noopener\"><strong><mark style=\"background-color:rgba(0, 0, 0, 0);color:#425261\" class=\"has-inline-color\">Poltrona Snaky<\/mark><\/strong><\/a><\/figcaption><\/figure>\n\n\n\n<figure class=\"wp-block-image size-large has-custom-border\"><img decoding=\"async\" width=\"700\" height=\"700\" data-id=\"2619\" src=\"https:\/\/bonsaiarquitetura.com.br\/wp-content\/uploads\/2026\/06\/tokstok-home-office-conca-cinza-claro-bonsai-arquitetura.webp\" alt=\"\" class=\"wp-image-2619\" style=\"border-top-left-radius:10px;border-top-right-radius:10px;border-bottom-left-radius:10px;border-bottom-right-radius:10px\" srcset=\"https:\/\/bonsaiarquitetura.com.br\/wp-content\/uploads\/2026\/06\/tokstok-home-office-conca-cinza-claro-bonsai-arquitetura.webp 700w, https:\/\/bonsaiarquitetura.com.br\/wp-content\/uploads\/2026\/06\/tokstok-home-office-conca-cinza-claro-bonsai-arquitetura-300x300.webp 300w, https:\/\/bonsaiarquitetura.com.br\/wp-content\/uploads\/2026\/06\/tokstok-home-office-conca-cinza-claro-bonsai-arquitetura-150x150.webp 150w, https:\/\/bonsaiarquitetura.com.br\/wp-content\/uploads\/2026\/06\/tokstok-home-office-conca-cinza-claro-bonsai-arquitetura-12x12.webp 12w\" sizes=\"(max-width: 700px) 100vw, 700px\" \/><figcaption class=\"wp-element-caption\"><a href=\"https:\/\/www.awin1.com\/cread.php?awinmid=36382&amp;awinaffid=2656664&amp;ued=https%3A%2F%2Fwww.tokstok.com.br%2Fhome-office-conca-cinza-claro-cinza-claro-cadeira%2Fp\" target=\"_blank\" rel=\"noreferrer noopener\"><strong><mark style=\"background-color:rgba(0, 0, 0, 0);color:#425261\" class=\"has-inline-color\">Cadeira Home Office Conca<\/mark><\/strong><\/a><\/figcaption><\/figure>\n<\/figure>\n\n\n\n<p class=\"has-text-color has-link-color wp-elements-12 wp-block-paragraph\" style=\"color:#425261;font-size:18px;line-height:2\"><strong><a href=\"https:\/\/www.awin1.com\/cread.php?awinmid=36382&amp;awinaffid=2656664&amp;ued=https%3A%2F%2Fwww.tokstok.com.br%2Fsofa-1-lugar-zefir-zaffron-modulo%2Fp\" target=\"_blank\" rel=\"noreferrer noopener\">M\u00f3dulo Sof\u00e1 1 Lugar Anga (Tok&amp;Stok)<\/a>:<\/strong> Um estofado modular que permite montar a sala conforme a sua necessidade, liberando espa\u00e7o nas laterais.<\/p>\n\n\n\n<p class=\"has-text-color has-link-color wp-elements-13 wp-block-paragraph\" style=\"color:#425261;font-size:18px;line-height:2\"><a href=\"https:\/\/www.awin1.com\/cread.php?awinmid=36382&amp;awinaffid=2656664&amp;ued=https%3A%2F%2Fwww.tokstok.com.br%2Fsnaky-zimbro-zimbro-poltrona%2Fp\" target=\"_blank\" rel=\"noreferrer noopener\"><strong>Poltrona Snaky (Tok&amp;Stok)<\/strong><\/a>: Com linhas org\u00e2nicas e fluidas, ela ocupa pouco espa\u00e7o visual e adiciona um assento extra cheio de estilo.<\/p>\n\n\n\n<p class=\"has-text-color has-link-color wp-elements-14 wp-block-paragraph\" style=\"color:#425261;font-size:18px;line-height:2\"><strong><a href=\"https:\/\/www.awin1.com\/cread.php?awinmid=36382&amp;awinaffid=2656664&amp;ued=https%3A%2F%2Fwww.tokstok.com.br%2Fhome-office-conca-cinza-claro-cinza-claro-cadeira%2Fp\" target=\"_blank\" rel=\"noreferrer noopener\">Cadeira Home Office Conca (Tok&amp;Stok)<\/a>:<\/strong> Confort\u00e1vel para o trabalho e discreta o suficiente para se integrar \u00e0 decora\u00e7\u00e3o da sala sem destoar.<\/p>\n\n\n\n<div style=\"height:50px\" aria-hidden=\"true\" class=\"wp-block-spacer is-style-dots\"><\/div>\n\n\n\n<figure class=\"wp-block-gallery has-nested-images columns-default is-cropped wp-block-gallery-2 is-layout-flex wp-block-gallery-is-layout-flex\">\n<figure class=\"wp-block-image size-large has-custom-border is-style-rounded\"><img loading=\"lazy\" decoding=\"async\" width=\"700\" height=\"700\" data-id=\"2625\" src=\"https:\/\/bonsaiarquitetura.com.br\/wp-content\/uploads\/2026\/06\/mobly-carrinho-bar-chicago-preto-e-castanho-bonsai-arquitetura.webp\" alt=\"\" class=\"wp-image-2625\" style=\"border-top-left-radius:10px;border-top-right-radius:10px;border-bottom-left-radius:10px;border-bottom-right-radius:10px\" srcset=\"https:\/\/bonsaiarquitetura.com.br\/wp-content\/uploads\/2026\/06\/mobly-carrinho-bar-chicago-preto-e-castanho-bonsai-arquitetura.webp 700w, https:\/\/bonsaiarquitetura.com.br\/wp-content\/uploads\/2026\/06\/mobly-carrinho-bar-chicago-preto-e-castanho-bonsai-arquitetura-300x300.webp 300w, https:\/\/bonsaiarquitetura.com.br\/wp-content\/uploads\/2026\/06\/mobly-carrinho-bar-chicago-preto-e-castanho-bonsai-arquitetura-150x150.webp 150w, https:\/\/bonsaiarquitetura.com.br\/wp-content\/uploads\/2026\/06\/mobly-carrinho-bar-chicago-preto-e-castanho-bonsai-arquitetura-12x12.webp 12w\" sizes=\"(max-width: 700px) 100vw, 700px\" \/><figcaption class=\"wp-element-caption\"><a href=\"https:\/\/www.awin1.com\/cread.php?awinmid=17777&amp;awinaffid=2656664&amp;ued=https%3A%2F%2Fwww.mobly.com.br%2Fcarrinho-bar-chicago-preto-e-castanho-666728.html\" target=\"_blank\" rel=\"noreferrer noopener\"><strong><mark style=\"background-color:rgba(0, 0, 0, 0);color:#425261\" class=\"has-inline-color\">Chicago<\/mark><\/strong><\/a><\/figcaption><\/figure>\n\n\n\n<figure class=\"wp-block-image size-large has-custom-border is-style-rounded\"><img loading=\"lazy\" decoding=\"async\" width=\"700\" height=\"700\" data-id=\"2622\" src=\"https:\/\/bonsaiarquitetura.com.br\/wp-content\/uploads\/2026\/06\/mobly-carrinho-bar-salvia-amendoa-rustico-e-preto-bonsai-arquitetura.webp\" alt=\"\" class=\"wp-image-2622\" style=\"border-top-left-radius:10px;border-top-right-radius:10px;border-bottom-left-radius:10px;border-bottom-right-radius:10px\" srcset=\"https:\/\/bonsaiarquitetura.com.br\/wp-content\/uploads\/2026\/06\/mobly-carrinho-bar-salvia-amendoa-rustico-e-preto-bonsai-arquitetura.webp 700w, https:\/\/bonsaiarquitetura.com.br\/wp-content\/uploads\/2026\/06\/mobly-carrinho-bar-salvia-amendoa-rustico-e-preto-bonsai-arquitetura-300x300.webp 300w, https:\/\/bonsaiarquitetura.com.br\/wp-content\/uploads\/2026\/06\/mobly-carrinho-bar-salvia-amendoa-rustico-e-preto-bonsai-arquitetura-150x150.webp 150w, https:\/\/bonsaiarquitetura.com.br\/wp-content\/uploads\/2026\/06\/mobly-carrinho-bar-salvia-amendoa-rustico-e-preto-bonsai-arquitetura-12x12.webp 12w\" sizes=\"(max-width: 700px) 100vw, 700px\" \/><figcaption class=\"wp-element-caption\"><a href=\"https:\/\/www.awin1.com\/cread.php?awinmid=17777&amp;awinaffid=2656664&amp;ued=https%3A%2F%2Fwww.mobly.com.br%2Fcarrinho-bar-salvia-amendoa-rustico-e-preto-674349.html\" target=\"_blank\" rel=\"noreferrer noopener\"><strong><mark style=\"background-color:rgba(0, 0, 0, 0);color:#425261\" class=\"has-inline-color\">Salvia Am\u00eandoa R\u00fastico<\/mark><\/strong><\/a><\/figcaption><\/figure>\n\n\n\n<figure class=\"wp-block-image size-large has-custom-border is-style-rounded\"><img loading=\"lazy\" decoding=\"async\" width=\"975\" height=\"975\" data-id=\"2626\" src=\"https:\/\/bonsaiarquitetura.com.br\/wp-content\/uploads\/2026\/06\/mobly-carrinho-bar-juniper-Amendoa-bonsai-arquitetura.webp\" alt=\"\" class=\"wp-image-2626\" style=\"border-top-left-radius:10px;border-top-right-radius:10px;border-bottom-left-radius:10px;border-bottom-right-radius:10px\" srcset=\"https:\/\/bonsaiarquitetura.com.br\/wp-content\/uploads\/2026\/06\/mobly-carrinho-bar-juniper-Amendoa-bonsai-arquitetura.webp 975w, https:\/\/bonsaiarquitetura.com.br\/wp-content\/uploads\/2026\/06\/mobly-carrinho-bar-juniper-Amendoa-bonsai-arquitetura-300x300.webp 300w, https:\/\/bonsaiarquitetura.com.br\/wp-content\/uploads\/2026\/06\/mobly-carrinho-bar-juniper-Amendoa-bonsai-arquitetura-150x150.webp 150w, https:\/\/bonsaiarquitetura.com.br\/wp-content\/uploads\/2026\/06\/mobly-carrinho-bar-juniper-Amendoa-bonsai-arquitetura-768x768.webp 768w, https:\/\/bonsaiarquitetura.com.br\/wp-content\/uploads\/2026\/06\/mobly-carrinho-bar-juniper-Amendoa-bonsai-arquitetura-12x12.webp 12w\" sizes=\"(max-width: 975px) 100vw, 975px\" \/><figcaption class=\"wp-element-caption\"><a href=\"https:\/\/www.awin1.com\/cread.php?awinmid=17777&amp;awinaffid=2656664&amp;ued=https%3A%2F%2Fwww.mobly.com.br%2Fcarrinho-bar-juniper-amendoa-714408.html\" target=\"_blank\" rel=\"noreferrer noopener\"><strong><mark style=\"background-color:rgba(0, 0, 0, 0);color:#425261\" class=\"has-inline-color\">Juniper Am\u00eandoa<\/mark><\/strong><\/a><\/figcaption><\/figure>\n<\/figure>\n\n\n\n<p class=\"has-text-color has-link-color wp-elements-15 wp-block-paragraph\" style=\"color:#425261;font-size:18px;line-height:2\"><strong><a href=\"https:\/\/www.awin1.com\/cread.php?awinmid=17777&amp;awinaffid=2656664&amp;ued=https%3A%2F%2Fwww.mobly.com.br%2Fcarrinho-bar-chicago-preto-e-castanho-666728.html\" target=\"_blank\" rel=\"noreferrer noopener\">Carrinho Bar Chicago Preto e Castanho (Mobly)<\/a>:<\/strong> Um m\u00f3vel multifuncional que serve como apoio lateral e pode ser movido facilmente durante recep\u00e7\u00f5es.<\/p>\n\n\n\n<p class=\"has-text-color has-link-color wp-elements-16 wp-block-paragraph\" style=\"color:#425261;font-size:18px;line-height:2\"><a href=\"https:\/\/www.awin1.com\/cread.php?awinmid=17777&amp;awinaffid=2656664&amp;ued=https%3A%2F%2Fwww.mobly.com.br%2Fcarrinho-bar-salvia-amendoa-rustico-e-preto-674349.html\" target=\"_blank\" rel=\"noreferrer noopener\"><strong>Carro Bar Salvia Am\u00eandoa R\u00fastico e Preto (Mobly)<\/strong><\/a>: Perfeito para organizar pequenas garrafas e plantas, aproveitando aquele cantinho perdido ao lado do rack.<\/p>\n\n\n\n<p class=\"has-text-color has-link-color wp-elements-17 wp-block-paragraph\" style=\"color:#425261;font-size:18px;line-height:2\"><a href=\"https:\/\/www.awin1.com\/cread.php?awinmid=17777&amp;awinaffid=2656664&amp;ued=https%3A%2F%2Fwww.mobly.com.br%2Fcarrinho-bar-juniper-amendoa-714408.html\" target=\"_blank\" rel=\"noreferrer noopener\"><strong>Carrinho Bar Juniper Am\u00eandoa (Mobly)<\/strong><\/a>: Design clean em madeira que traz calor visual e praticidade para servir de apoio na sala de jantar.<\/p>\n\n\n\n<div style=\"height:50px\" aria-hidden=\"true\" class=\"wp-block-spacer is-style-dots\"><\/div>\n\n\n\n<figure class=\"wp-block-gallery has-nested-images columns-default is-cropped wp-block-gallery-3 is-layout-flex wp-block-gallery-is-layout-flex\">\n<figure class=\"wp-block-image size-large has-custom-border is-style-rounded\"><img loading=\"lazy\" decoding=\"async\" width=\"700\" height=\"700\" data-id=\"2623\" src=\"https:\/\/bonsaiarquitetura.com.br\/wp-content\/uploads\/2026\/06\/madeiramadeira-guarda-roupa-infantil-levy-yescasa-amendoa-off-white-bonsai-arquitetura.webp\" alt=\"\" class=\"wp-image-2623\" style=\"border-top-left-radius:10px;border-top-right-radius:10px;border-bottom-left-radius:10px;border-bottom-right-radius:10px\" srcset=\"https:\/\/bonsaiarquitetura.com.br\/wp-content\/uploads\/2026\/06\/madeiramadeira-guarda-roupa-infantil-levy-yescasa-amendoa-off-white-bonsai-arquitetura.webp 700w, https:\/\/bonsaiarquitetura.com.br\/wp-content\/uploads\/2026\/06\/madeiramadeira-guarda-roupa-infantil-levy-yescasa-amendoa-off-white-bonsai-arquitetura-300x300.webp 300w, https:\/\/bonsaiarquitetura.com.br\/wp-content\/uploads\/2026\/06\/madeiramadeira-guarda-roupa-infantil-levy-yescasa-amendoa-off-white-bonsai-arquitetura-150x150.webp 150w, https:\/\/bonsaiarquitetura.com.br\/wp-content\/uploads\/2026\/06\/madeiramadeira-guarda-roupa-infantil-levy-yescasa-amendoa-off-white-bonsai-arquitetura-12x12.webp 12w\" sizes=\"(max-width: 700px) 100vw, 700px\" \/><figcaption class=\"wp-element-caption\"><a href=\"https:\/\/www.awin1.com\/cread.php?awinmid=17762&amp;awinaffid=2656664&amp;ued=https%3A%2F%2Fwww.madeiramadeira.com.br%2Fguarda-roupa-infantil-3-portas-3-gavetas-92cm-levy-yescasa-816918822.html%3Findex%3Dvr-prod-poc-madeira-listings-best-seller-desc%26seller%3D1\" target=\"_blank\" rel=\"noreferrer noopener\"><strong><mark style=\"background-color:rgba(0, 0, 0, 0);color:#425261\" class=\"has-inline-color\">Levy<\/mark><\/strong><\/a><\/figcaption><\/figure>\n\n\n\n<figure class=\"wp-block-image size-large has-custom-border is-style-rounded\"><img loading=\"lazy\" decoding=\"async\" width=\"500\" height=\"500\" data-id=\"2618\" src=\"https:\/\/bonsaiarquitetura.com.br\/wp-content\/uploads\/2026\/06\/madeiramadeira-guarda-roupa-modulado-jade-cabecasa-madeiraoriginals-avela-bonsai-arquitetura.webp\" alt=\"\" class=\"wp-image-2618\" style=\"border-top-left-radius:10px;border-top-right-radius:10px;border-bottom-left-radius:10px;border-bottom-right-radius:10px\" srcset=\"https:\/\/bonsaiarquitetura.com.br\/wp-content\/uploads\/2026\/06\/madeiramadeira-guarda-roupa-modulado-jade-cabecasa-madeiraoriginals-avela-bonsai-arquitetura.webp 500w, https:\/\/bonsaiarquitetura.com.br\/wp-content\/uploads\/2026\/06\/madeiramadeira-guarda-roupa-modulado-jade-cabecasa-madeiraoriginals-avela-bonsai-arquitetura-300x300.webp 300w, https:\/\/bonsaiarquitetura.com.br\/wp-content\/uploads\/2026\/06\/madeiramadeira-guarda-roupa-modulado-jade-cabecasa-madeiraoriginals-avela-bonsai-arquitetura-150x150.webp 150w, https:\/\/bonsaiarquitetura.com.br\/wp-content\/uploads\/2026\/06\/madeiramadeira-guarda-roupa-modulado-jade-cabecasa-madeiraoriginals-avela-bonsai-arquitetura-12x12.webp 12w\" sizes=\"(max-width: 500px) 100vw, 500px\" \/><figcaption class=\"wp-element-caption\"><a href=\"https:\/\/www.awin1.com\/cread.php?awinmid=17762&amp;awinaffid=2656664&amp;ued=https%3A%2F%2Fwww.madeiramadeira.com.br%2Fguarda-roupa-modulado-2-pecas-4-portas-jade-cabecasa-madeiraoriginals-978416.html%3Findex%3Dvr-prod-poc-madeira-listings-best-seller-desc%26seller%3D1\" target=\"_blank\" rel=\"noreferrer noopener\"><strong><mark style=\"background-color:rgba(0, 0, 0, 0);color:#425261\" class=\"has-inline-color\">Jade CabeCasa<\/mark><\/strong><\/a><\/figcaption><\/figure>\n\n\n\n<figure class=\"wp-block-image size-large has-custom-border\"><img loading=\"lazy\" decoding=\"async\" width=\"700\" height=\"700\" data-id=\"2627\" src=\"https:\/\/bonsaiarquitetura.com.br\/wp-content\/uploads\/2026\/06\/madeiramadeira-guarda-roupa-ipe-cinamomo-salvia-bonsai-arquitetura.webp\" alt=\"\" class=\"wp-image-2627\" style=\"border-top-left-radius:10px;border-top-right-radius:10px;border-bottom-left-radius:10px;border-bottom-right-radius:10px\" srcset=\"https:\/\/bonsaiarquitetura.com.br\/wp-content\/uploads\/2026\/06\/madeiramadeira-guarda-roupa-ipe-cinamomo-salvia-bonsai-arquitetura.webp 700w, https:\/\/bonsaiarquitetura.com.br\/wp-content\/uploads\/2026\/06\/madeiramadeira-guarda-roupa-ipe-cinamomo-salvia-bonsai-arquitetura-300x300.webp 300w, https:\/\/bonsaiarquitetura.com.br\/wp-content\/uploads\/2026\/06\/madeiramadeira-guarda-roupa-ipe-cinamomo-salvia-bonsai-arquitetura-150x150.webp 150w, https:\/\/bonsaiarquitetura.com.br\/wp-content\/uploads\/2026\/06\/madeiramadeira-guarda-roupa-ipe-cinamomo-salvia-bonsai-arquitetura-12x12.webp 12w\" sizes=\"(max-width: 700px) 100vw, 700px\" \/><figcaption class=\"wp-element-caption\"><a href=\"https:\/\/www.google.com\/search?q=https:\/\/www.awin1.com\/cread.php%3Fawinmid%3D17762%26awinaffid%3D2656664%26ued%3Dhttps%253A%252F%252Fwww.madeiramadeira.com.br%252Fguarda-roupa-ipe-889675.html%253Findex%253Dvr-prod-poc-madeira-listings-best-seller-desc%2526seller%253D1\" target=\"_blank\" rel=\"noreferrer noopener\"><strong><mark style=\"background-color:rgba(0, 0, 0, 0);color:#425261\" class=\"has-inline-color\">Ip\u00ea<\/mark><\/strong><\/a><\/figcaption><\/figure>\n<\/figure>\n\n\n\n<p class=\"has-text-color has-link-color wp-elements-18 wp-block-paragraph\" style=\"color:#425261;font-size:18px;line-height:2\"><a href=\"https:\/\/www.awin1.com\/cread.php?awinmid=17762&amp;awinaffid=2656664&amp;ued=https%3A%2F%2Fwww.madeiramadeira.com.br%2Fguarda-roupa-infantil-3-portas-3-gavetas-92cm-levy-yescasa-816918822.html%3Findex%3Dvr-prod-poc-madeira-listings-best-seller-desc%26seller%3D1\" target=\"_blank\" rel=\"noreferrer noopener\"><strong>Guarda-roupa Infantil 3 Portas Levy (MadeiraMadeira)<\/strong><\/a>: Dimens\u00f5es reduzidas com \u00f3tima divis\u00e3o interna para organizar as roupas das crian\u00e7as sem bloquear a \u00e1rea de brincar.<\/p>\n\n\n\n<p class=\"has-text-color has-link-color wp-elements-19 wp-block-paragraph\" style=\"color:#425261;font-size:18px;line-height:2\"><a href=\"https:\/\/www.awin1.com\/cread.php?awinmid=17762&amp;awinaffid=2656664&amp;ued=https%3A%2F%2Fwww.madeiramadeira.com.br%2Fguarda-roupa-modulado-2-pecas-4-portas-jade-cabecasa-madeiraoriginals-978416.html%3Findex%3Dvr-prod-poc-madeira-listings-best-seller-desc%26seller%3D1\" target=\"_blank\" rel=\"noreferrer noopener\"><strong>Arm\u00e1rio Modulado 4 Portas Jade CabeCasa (MadeiraMadeira)<\/strong><\/a>: Excelente alternativa \u00e0 marcenaria pesada, permitindo compor o quarto com flexibilidade e bom espa\u00e7o interno.<\/p>\n\n\n\n<p class=\"has-text-color has-link-color wp-elements-20 wp-block-paragraph\" style=\"color:#425261;font-size:18px;line-height:2\"><a href=\"https:\/\/www.google.com\/search?q=https:\/\/www.awin1.com\/cread.php%3Fawinmid%3D17762%26awinaffid%3D2656664%26ued%3Dhttps%253A%252F%252Fwww.madeiramadeira.com.br%252Fguarda-roupa-ipe-889675.html%253Findex%253Dvr-prod-poc-madeira-listings-best-seller-desc%2526seller%253D1\" target=\"_blank\" rel=\"noreferrer noopener\"><strong>Guarda-roupa 3 Portas e 2 Gavetas Ip\u00ea (MadeiraMadeira)<\/strong><\/a>: Compacto e funcional, ideal para quartos de h\u00f3spedes ou ambientes que precisam de armazenamento pontual.<\/p>\n\n\n\n<div style=\"height:50px\" aria-hidden=\"true\" class=\"wp-block-spacer is-style-dots\"><\/div>\n\n\n\n<h3 class=\"wp-block-heading has-text-color has-link-color wp-elements-21\" style=\"color:#8c5737;font-size:25px;font-style:normal;font-weight:700;line-height:2\">\ud83c\udf3f A sensa\u00e7\u00e3o de caminhar por um espa\u00e7o fluido<\/h3>\n\n\n\n<p class=\"has-text-color has-link-color wp-elements-22 wp-block-paragraph\" style=\"color:#425261;font-size:18px;line-height:2\">Imagine a tranquilidade de transitar pela casa sem desviar de quinas ou trombar no sof\u00e1. Quando combinamos a marcenaria planejada nos locais certos com m\u00f3veis soltos bem escolhidos, a casa ganha respiro.<\/p>\n\n\n\n<p class=\"has-text-color has-link-color wp-elements-23 wp-block-paragraph\" style=\"color:#425261;font-size:18px;line-height:2\">Antes de tudo, essa harmonia visual diminui o cansa\u00e7o mental ap\u00f3s um dia corrido na rua. A luz do sol circula melhor pelas janelas e alcan\u00e7a os cantos mais profundos do apartamento.<\/p>\n\n\n\n<p class=\"has-text-color has-link-color wp-elements-24 wp-block-paragraph\" style=\"color:#425261;font-size:18px;line-height:2\">Os momentos com as visitas ficam mais descontra\u00eddos porque o layout convida \u00e0 perman\u00eancia e ao bate-papo. Viver em um lugar assim faz com que o tamanho do im\u00f3vel seja apenas um detalhe sem import\u00e2ncia.<\/p>\n\n\n\n<div style=\"height:50px\" aria-hidden=\"true\" class=\"wp-block-spacer is-style-dots\"><\/div>\n\n\n\n<h3 class=\"wp-block-heading has-text-color has-link-color wp-elements-25\" style=\"color:#8c5737;font-size:25px;font-style:normal;font-weight:700;line-height:2\">\ud83c\udf3f Hist\u00f3rias contadas atrav\u00e9s dos cantos da casa<\/h3>\n\n\n\n<p class=\"has-text-color has-link-color wp-elements-26 wp-block-paragraph\" style=\"color:#425261;font-size:18px;font-style:normal;font-weight:400;line-height:2\">A nossa casa deve acompanhar o ritmo das nossas transforma\u00e7\u00f5es e contar a nossa hist\u00f3ria real. M\u00f3veis soltos nos d\u00e3o a liberdade de mudar o cen\u00e1rio de lugar quando a vida pede renova\u00e7\u00e3o.<\/p>\n\n\n\n<p class=\"has-text-color has-link-color wp-elements-27 wp-block-paragraph\" style=\"color:#425261;font-size:18px;font-style:normal;font-weight:400;line-height:2\">Contudo, a base firme dos arm\u00e1rios planejados garante o suporte pr\u00e1tico que a rotina urbana exige. O segredo do morar bem est\u00e1 justamente em saber dosar essa estabilidade com a leveza do movimento di\u00e1rio.<\/p>\n\n\n\n<div style=\"height:50px\" aria-hidden=\"true\" class=\"wp-block-spacer is-style-dots\"><\/div>\n\n\n\n<h2 class=\"wp-block-heading has-text-color has-link-color wp-elements-28\" style=\"color:#8c5737;font-size:25px;font-style:normal;font-weight:700;line-height:2\">\ud83c\udf3f Perguntas frequentes sobre m\u00f3veis planejados ou prontos para apartamentos pequenos<\/h2>\n\n\n\n<p class=\"has-text-color has-link-color wp-elements-29 wp-block-paragraph\" style=\"color:#425261;font-size:18px;font-style:normal;font-weight:400;line-height:2\"><strong>Onde \u00e9 obrigat\u00f3rio investir em m\u00f3veis planejados em im\u00f3veis compactos?<\/strong><\/p>\n\n\n\n<p class=\"has-text-color has-link-color wp-elements-30 wp-block-paragraph\" style=\"color:#425261;font-size:18px;font-style:normal;font-weight:400;line-height:2\">A cozinha e os banheiros s\u00e3o as \u00e1reas mais cr\u00edticas, pois exigem o m\u00e1ximo aproveitamento de espa\u00e7o para eletrodom\u00e9sticos e itens de higiene. A marcenaria sob medida nesses locais evita frestas perdidas e garante a funcionalidade necess\u00e1ria.<\/p>\n\n\n\n<p class=\"has-text-color has-link-color wp-elements-31 wp-block-paragraph\" style=\"color:#425261;font-size:18px;font-style:normal;font-weight:400;line-height:2\"><strong>Como saber se um m\u00f3vel pronto vai atrapalhar a passagem na sala?<\/strong><\/p>\n\n\n\n<p class=\"has-text-color has-link-color wp-elements-32 wp-block-paragraph\" style=\"color:#425261;font-size:18px;font-style:normal;font-weight:400;line-height:2\">Antes de comprar, me\u00e7a o espa\u00e7o dispon\u00edvel e simule o tamanho da pe\u00e7a no ch\u00e3o usando fita crepe. Deixe sempre uma \u00e1rea livre de pelo menos 60 a 70 cent\u00edmetros nas zonas de passagem para manter a circula\u00e7\u00e3o confort\u00e1vel.<\/p>\n\n\n\n<p class=\"has-text-color has-link-color wp-elements-33 wp-block-paragraph\" style=\"color:#425261;font-size:18px;font-style:normal;font-weight:400;line-height:2\"><strong>Vale a pena usar guarda-roupa modulado em vez de planejado no quarto pequeno?<\/strong><\/p>\n\n\n\n<p class=\"has-text-color has-link-color wp-elements-34 wp-block-paragraph\" style=\"color:#425261;font-size:18px;font-style:normal;font-weight:400;line-height:2\">Sim, os modelos modulados atuais oferecem excelente padr\u00e3o de acabamento e medidas variadas por um custo bem menor. Eles s\u00e3o \u00f3timos para quem quer economizar ou mora em um apartamento alugado e pode se mudar no futuro.<\/p>\n\n\n\n<div style=\"height:50px\" aria-hidden=\"true\" class=\"wp-block-spacer is-style-dots\"><\/div>\n\n\n\n<p class=\"has-text-color has-link-color wp-elements-35 wp-block-paragraph\" style=\"color:#8c5737;font-size:25px;line-height:2\">\ud83c\udf3f <strong>O seu pr\u00f3ximo passo!<\/strong><\/p>\n\n\n\n<p class=\"has-text-color has-link-color wp-elements-36 wp-block-paragraph\" style=\"color:#425261;font-size:18px;line-height:2\">Agora, o seu pr\u00f3ximo passo \u00e9 <a href=\"https:\/\/api.whatsapp.com\/send\/?phone=559899118046&amp;text&amp;type=phone_number&amp;app_absent=0\"><strong>entrar em contato conosco<\/strong><\/a>!\u00a0<\/p>\n\n\n\n<p class=\"has-text-color has-link-color wp-elements-37 wp-block-paragraph\" style=\"color:#425261;font-size:18px;line-height:2\">Receba nosso direcionamento profissional para criar o projeto ideal para a sua casa.<\/p>\n\n\n\n<p class=\"has-text-color has-link-color wp-elements-38 wp-block-paragraph\" style=\"color:#425261;font-size:18px;line-height:2\">Se gostou deste artigo, veja tamb\u00e9m: <strong><a href=\"https:\/\/bonsaiarquitetura.com.br\/en\/consultoria-interiores-online-exterior\/\">Como funciona a consultoria de interiores online no exterior?<\/a><\/strong>.<\/p>\n\n\n\n<p class=\"has-text-color has-link-color wp-elements-39 wp-block-paragraph\" style=\"color:#425261;font-size:18px;line-height:2\">E, por fim, siga-nos no <a href=\"https:\/\/www.instagram.com\/bonsaiarquitetura\/\"><strong>Instagram<\/strong><\/a> e <a href=\"https:\/\/br.pinterest.com\/bonsaiarquitetura\/\"><strong>Pinterest<\/strong><\/a> para continuar recebendo nossos conte\u00fados e inspira\u00e7\u00f5es.<\/p>\n\n\n\n<div style=\"height:50px\" aria-hidden=\"true\" class=\"wp-block-spacer is-style-dots\"><\/div>\n\n\n\n<hr class=\"wp-block-separator has-alpha-channel-opacity\"\/>\n\n\n\n<p class=\"has-text-color has-link-color wp-elements-40 wp-block-paragraph\" style=\"color:#425261\">\ud83e\udeb4 <em>Este artigo pode conter links de marcas parceiras que amamos. Ao adquirir produtos por meio deles, voc\u00ea apoia o Bonsai Arquitetura e Interiores a continuar criando conte\u00fados inspiradores, sem custo adicional para voc\u00ea.<\/em><\/p>\n\n\n\n<div style=\"height:50px\" aria-hidden=\"true\" class=\"wp-block-spacer is-style-dots\"><\/div>\n\n\n\n<p class=\"has-text-color has-link-color wp-elements-41 wp-block-paragraph\" style=\"color:#425261;font-size:18px;line-height:2\"><\/p>\n\n\n\n<p class=\"wp-block-paragraph\"><\/p>","protected":false},"excerpt":{"rendered":"<p>Voc\u00ea entra no seu novo apartamento e, ao olhar para a sala, bate aquela d\u00favida cl\u00e1ssica sobre como preencher os espa\u00e7os. A tenta\u00e7\u00e3o de comprar pe\u00e7as prontas na internet \u00e9 grande, mas o medo de errar nas medidas e travar a circula\u00e7\u00e3o fala mais alto. Por outro lado, fazer marcenaria sob medida em tudo parece [&hellip;]<\/p>\n","protected":false},"author":1,"featured_media":2627,"comment_status":"closed","ping_status":"closed","sticky":false,"template":"","format":"standard","meta":{"footnotes":""},"categories":[9],"tags":[35,26,12,34,19,20,49,48,22,18],"class_list":["post-2617","post","type-post","status-publish","format-standard","has-post-thumbnail","hentry","category-solucoes-inteligentes","tag-apartamento-compacto","tag-aproveitamento-do-espaco","tag-conforto","tag-consultoria-de-interiores","tag-design-inteligente","tag-harmonia-no-espaco","tag-marcenaria-sob-medida","tag-moveis-planejados-ou-prontos-para-apartamentos-pequenos","tag-multifuncionalidade","tag-organizacao-da-casa"],"yoast_head":"<!-- This site is optimized with the Yoast SEO plugin v28.3 - https:\/\/yoast.com\/product\/yoast-seo-wordpress\/ -->\n<title>M\u00f3veis planejados ou prontos para apartamentos pequenos? - Bonsai Arquitetura e Interiores<\/title>\n<meta name=\"description\" content=\"Marcenaria sob medida ou m\u00f3veis soltos? Descubra como escolher m\u00f3veis planejados ou prontos para apartamentos pequenos sem errar.\" \/>\n<meta name=\"robots\" content=\"index, follow, max-snippet:-1, max-image-preview:large, max-video-preview:-1\" \/>\n<link rel=\"canonical\" href=\"https:\/\/bonsaiarquitetura.com.br\/en\/moveis-planejados-ou-prontos-apartamentos-pequenos\/\" \/>\n<meta property=\"og:locale\" content=\"en_US\" \/>\n<meta property=\"og:type\" content=\"article\" \/>\n<meta property=\"og:title\" content=\"M\u00f3veis planejados ou prontos para apartamentos pequenos? - Bonsai Arquitetura e Interiores\" \/>\n<meta property=\"og:description\" content=\"Marcenaria sob medida ou m\u00f3veis soltos? Descubra como escolher m\u00f3veis planejados ou prontos para apartamentos pequenos sem errar.\" \/>\n<meta property=\"og:url\" content=\"https:\/\/bonsaiarquitetura.com.br\/en\/moveis-planejados-ou-prontos-apartamentos-pequenos\/\" \/>\n<meta property=\"og:site_name\" content=\"Bonsai Arquitetura e Interiores\" \/>\n<meta property=\"article:published_time\" content=\"2026-07-13T08:30:00+00:00\" \/>\n<meta property=\"og:image\" content=\"https:\/\/bonsaiarquitetura.com.br\/wp-content\/uploads\/2026\/06\/madeiramadeira-guarda-roupa-ipe-cinamomo-salvia-bonsai-arquitetura.webp\" \/>\n\t<meta property=\"og:image:width\" content=\"700\" \/>\n\t<meta property=\"og:image:height\" content=\"700\" \/>\n\t<meta property=\"og:image:type\" content=\"image\/webp\" \/>\n<meta name=\"author\" content=\"Bonsai Arquitetura\" \/>\n<meta name=\"twitter:card\" content=\"summary_large_image\" \/>\n<meta name=\"twitter:label1\" content=\"Written by\" \/>\n\t<meta name=\"twitter:data1\" content=\"Bonsai Arquitetura\" \/>\n\t<meta name=\"twitter:label2\" content=\"Est. reading time\" \/>\n\t<meta name=\"twitter:data2\" content=\"8 minutes\" \/>\n<script type=\"application\/ld+json\" class=\"yoast-schema-graph\">{\"@context\":\"https:\\\/\\\/schema.org\",\"@graph\":[{\"@type\":\"Article\",\"@id\":\"https:\\\/\\\/bonsaiarquitetura.com.br\\\/moveis-planejados-ou-prontos-apartamentos-pequenos\\\/#article\",\"isPartOf\":{\"@id\":\"https:\\\/\\\/bonsaiarquitetura.com.br\\\/moveis-planejados-ou-prontos-apartamentos-pequenos\\\/\"},\"author\":{\"name\":\"Bonsai Arquitetura\",\"@id\":\"https:\\\/\\\/bonsaiarquitetura.com.br\\\/#\\\/schema\\\/person\\\/465bc7eea8e418533eb25b8c9d03318a\"},\"headline\":\"M\u00f3veis planejados ou prontos para apartamentos pequenos?\",\"datePublished\":\"2026-07-13T08:30:00+00:00\",\"mainEntityOfPage\":{\"@id\":\"https:\\\/\\\/bonsaiarquitetura.com.br\\\/moveis-planejados-ou-prontos-apartamentos-pequenos\\\/\"},\"wordCount\":1109,\"image\":{\"@id\":\"https:\\\/\\\/bonsaiarquitetura.com.br\\\/moveis-planejados-ou-prontos-apartamentos-pequenos\\\/#primaryimage\"},\"thumbnailUrl\":\"https:\\\/\\\/bonsaiarquitetura.com.br\\\/wp-content\\\/uploads\\\/2026\\\/06\\\/madeiramadeira-guarda-roupa-ipe-cinamomo-salvia-bonsai-arquitetura.webp\",\"keywords\":[\"apartamento compacto\",\"aproveitamento do espa\u00e7o\",\"conforto\",\"consultoria de interiores\",\"design inteligente\",\"harmonia no espa\u00e7o\",\"marcenaria sob medida\",\"m\u00f3veis planejados ou prontos para apartamentos pequenos\",\"multifuncionalidade\",\"organiza\u00e7\u00e3o da casa\"],\"articleSection\":[\"Solu\u00e7\u00f5es Inteligentes\"],\"inLanguage\":\"en-US\"},{\"@type\":\"WebPage\",\"@id\":\"https:\\\/\\\/bonsaiarquitetura.com.br\\\/moveis-planejados-ou-prontos-apartamentos-pequenos\\\/\",\"url\":\"https:\\\/\\\/bonsaiarquitetura.com.br\\\/moveis-planejados-ou-prontos-apartamentos-pequenos\\\/\",\"name\":\"M\u00f3veis planejados ou prontos para apartamentos pequenos? - Bonsai Arquitetura e Interiores\",\"isPartOf\":{\"@id\":\"https:\\\/\\\/bonsaiarquitetura.com.br\\\/#website\"},\"primaryImageOfPage\":{\"@id\":\"https:\\\/\\\/bonsaiarquitetura.com.br\\\/moveis-planejados-ou-prontos-apartamentos-pequenos\\\/#primaryimage\"},\"image\":{\"@id\":\"https:\\\/\\\/bonsaiarquitetura.com.br\\\/moveis-planejados-ou-prontos-apartamentos-pequenos\\\/#primaryimage\"},\"thumbnailUrl\":\"https:\\\/\\\/bonsaiarquitetura.com.br\\\/wp-content\\\/uploads\\\/2026\\\/06\\\/madeiramadeira-guarda-roupa-ipe-cinamomo-salvia-bonsai-arquitetura.webp\",\"datePublished\":\"2026-07-13T08:30:00+00:00\",\"author\":{\"@id\":\"https:\\\/\\\/bonsaiarquitetura.com.br\\\/#\\\/schema\\\/person\\\/465bc7eea8e418533eb25b8c9d03318a\"},\"description\":\"Marcenaria sob medida ou m\u00f3veis soltos? Descubra como escolher m\u00f3veis planejados ou prontos para apartamentos pequenos sem errar.\",\"breadcrumb\":{\"@id\":\"https:\\\/\\\/bonsaiarquitetura.com.br\\\/moveis-planejados-ou-prontos-apartamentos-pequenos\\\/#breadcrumb\"},\"inLanguage\":\"en-US\",\"potentialAction\":[{\"@type\":\"ReadAction\",\"target\":[\"https:\\\/\\\/bonsaiarquitetura.com.br\\\/moveis-planejados-ou-prontos-apartamentos-pequenos\\\/\"]}]},{\"@type\":\"ImageObject\",\"inLanguage\":\"en-US\",\"@id\":\"https:\\\/\\\/bonsaiarquitetura.com.br\\\/moveis-planejados-ou-prontos-apartamentos-pequenos\\\/#primaryimage\",\"url\":\"https:\\\/\\\/bonsaiarquitetura.com.br\\\/wp-content\\\/uploads\\\/2026\\\/06\\\/madeiramadeira-guarda-roupa-ipe-cinamomo-salvia-bonsai-arquitetura.webp\",\"contentUrl\":\"https:\\\/\\\/bonsaiarquitetura.com.br\\\/wp-content\\\/uploads\\\/2026\\\/06\\\/madeiramadeira-guarda-roupa-ipe-cinamomo-salvia-bonsai-arquitetura.webp\",\"width\":700,\"height\":700,\"caption\":\"Quarto compacto decorado de forma funcional usando m\u00f3veis planejados ou prontos para apartamentos pequenos.\"},{\"@type\":\"BreadcrumbList\",\"@id\":\"https:\\\/\\\/bonsaiarquitetura.com.br\\\/moveis-planejados-ou-prontos-apartamentos-pequenos\\\/#breadcrumb\",\"itemListElement\":[{\"@type\":\"ListItem\",\"position\":1,\"name\":\"In\u00edcio\",\"item\":\"https:\\\/\\\/bonsaiarquitetura.com.br\\\/\"},{\"@type\":\"ListItem\",\"position\":2,\"name\":\"M\u00f3veis planejados ou prontos para apartamentos pequenos?\"}]},{\"@type\":\"WebSite\",\"@id\":\"https:\\\/\\\/bonsaiarquitetura.com.br\\\/#website\",\"url\":\"https:\\\/\\\/bonsaiarquitetura.com.br\\\/\",\"name\":\"Bonsai Arquitetura e Interiores\",\"description\":\"Projeto e Consultoria Online para Espa\u00e7os Compactos\",\"potentialAction\":[{\"@type\":\"SearchAction\",\"target\":{\"@type\":\"EntryPoint\",\"urlTemplate\":\"https:\\\/\\\/bonsaiarquitetura.com.br\\\/?s={search_term_string}\"},\"query-input\":{\"@type\":\"PropertyValueSpecification\",\"valueRequired\":true,\"valueName\":\"search_term_string\"}}],\"inLanguage\":\"en-US\"},{\"@type\":\"Person\",\"@id\":\"https:\\\/\\\/bonsaiarquitetura.com.br\\\/#\\\/schema\\\/person\\\/465bc7eea8e418533eb25b8c9d03318a\",\"name\":\"Bonsai Arquitetura\",\"image\":{\"@type\":\"ImageObject\",\"inLanguage\":\"en-US\",\"@id\":\"https:\\\/\\\/secure.gravatar.com\\\/avatar\\\/1ddc926a66842c2b02b2afab2acc7220bb5730ce9cd0c9eb3e91f57f140ebdab?s=96&d=mm&r=g\",\"url\":\"https:\\\/\\\/secure.gravatar.com\\\/avatar\\\/1ddc926a66842c2b02b2afab2acc7220bb5730ce9cd0c9eb3e91f57f140ebdab?s=96&d=mm&r=g\",\"contentUrl\":\"https:\\\/\\\/secure.gravatar.com\\\/avatar\\\/1ddc926a66842c2b02b2afab2acc7220bb5730ce9cd0c9eb3e91f57f140ebdab?s=96&d=mm&r=g\",\"caption\":\"Bonsai Arquitetura\"},\"sameAs\":[\"https:\\\/\\\/bonsaiarquitetura.com.br\"],\"url\":\"https:\\\/\\\/bonsaiarquitetura.com.br\\\/en\\\/author\\\/bonsai\\\/\"}]}<\/script>\n<!-- \/ Yoast SEO plugin. -->","yoast_head_json":{"title":"M\u00f3veis planejados ou prontos para apartamentos pequenos? - Bonsai Arquitetura e Interiores","description":"Marcenaria sob medida ou m\u00f3veis soltos? Descubra como escolher m\u00f3veis planejados ou prontos para apartamentos pequenos sem errar.","robots":{"index":"index","follow":"follow","max-snippet":"max-snippet:-1","max-image-preview":"max-image-preview:large","max-video-preview":"max-video-preview:-1"},"canonical":"https:\/\/bonsaiarquitetura.com.br\/en\/moveis-planejados-ou-prontos-apartamentos-pequenos\/","og_locale":"en_US","og_type":"article","og_title":"M\u00f3veis planejados ou prontos para apartamentos pequenos? - Bonsai Arquitetura e Interiores","og_description":"Marcenaria sob medida ou m\u00f3veis soltos? Descubra como escolher m\u00f3veis planejados ou prontos para apartamentos pequenos sem errar.","og_url":"https:\/\/bonsaiarquitetura.com.br\/en\/moveis-planejados-ou-prontos-apartamentos-pequenos\/","og_site_name":"Bonsai Arquitetura e Interiores","article_published_time":"2026-07-13T08:30:00+00:00","og_image":[{"width":700,"height":700,"url":"https:\/\/bonsaiarquitetura.com.br\/wp-content\/uploads\/2026\/06\/madeiramadeira-guarda-roupa-ipe-cinamomo-salvia-bonsai-arquitetura.webp","type":"image\/webp"}],"author":"Bonsai Arquitetura","twitter_card":"summary_large_image","twitter_misc":{"Written by":"Bonsai Arquitetura","Est. reading time":"8 minutes"},"schema":{"@context":"https:\/\/schema.org","@graph":[{"@type":"Article","@id":"https:\/\/bonsaiarquitetura.com.br\/moveis-planejados-ou-prontos-apartamentos-pequenos\/#article","isPartOf":{"@id":"https:\/\/bonsaiarquitetura.com.br\/moveis-planejados-ou-prontos-apartamentos-pequenos\/"},"author":{"name":"Bonsai Arquitetura","@id":"https:\/\/bonsaiarquitetura.com.br\/#\/schema\/person\/465bc7eea8e418533eb25b8c9d03318a"},"headline":"M\u00f3veis planejados ou prontos para apartamentos pequenos?","datePublished":"2026-07-13T08:30:00+00:00","mainEntityOfPage":{"@id":"https:\/\/bonsaiarquitetura.com.br\/moveis-planejados-ou-prontos-apartamentos-pequenos\/"},"wordCount":1109,"image":{"@id":"https:\/\/bonsaiarquitetura.com.br\/moveis-planejados-ou-prontos-apartamentos-pequenos\/#primaryimage"},"thumbnailUrl":"https:\/\/bonsaiarquitetura.com.br\/wp-content\/uploads\/2026\/06\/madeiramadeira-guarda-roupa-ipe-cinamomo-salvia-bonsai-arquitetura.webp","keywords":["apartamento compacto","aproveitamento do espa\u00e7o","conforto","consultoria de interiores","design inteligente","harmonia no espa\u00e7o","marcenaria sob medida","m\u00f3veis planejados ou prontos para apartamentos pequenos","multifuncionalidade","organiza\u00e7\u00e3o da casa"],"articleSection":["Solu\u00e7\u00f5es Inteligentes"],"inLanguage":"en-US"},{"@type":"WebPage","@id":"https:\/\/bonsaiarquitetura.com.br\/moveis-planejados-ou-prontos-apartamentos-pequenos\/","url":"https:\/\/bonsaiarquitetura.com.br\/moveis-planejados-ou-prontos-apartamentos-pequenos\/","name":"M\u00f3veis planejados ou prontos para apartamentos pequenos? - Bonsai Arquitetura e Interiores","isPartOf":{"@id":"https:\/\/bonsaiarquitetura.com.br\/#website"},"primaryImageOfPage":{"@id":"https:\/\/bonsaiarquitetura.com.br\/moveis-planejados-ou-prontos-apartamentos-pequenos\/#primaryimage"},"image":{"@id":"https:\/\/bonsaiarquitetura.com.br\/moveis-planejados-ou-prontos-apartamentos-pequenos\/#primaryimage"},"thumbnailUrl":"https:\/\/bonsaiarquitetura.com.br\/wp-content\/uploads\/2026\/06\/madeiramadeira-guarda-roupa-ipe-cinamomo-salvia-bonsai-arquitetura.webp","datePublished":"2026-07-13T08:30:00+00:00","author":{"@id":"https:\/\/bonsaiarquitetura.com.br\/#\/schema\/person\/465bc7eea8e418533eb25b8c9d03318a"},"description":"Marcenaria sob medida ou m\u00f3veis soltos? Descubra como escolher m\u00f3veis planejados ou prontos para apartamentos pequenos sem errar.","breadcrumb":{"@id":"https:\/\/bonsaiarquitetura.com.br\/moveis-planejados-ou-prontos-apartamentos-pequenos\/#breadcrumb"},"inLanguage":"en-US","potentialAction":[{"@type":"ReadAction","target":["https:\/\/bonsaiarquitetura.com.br\/moveis-planejados-ou-prontos-apartamentos-pequenos\/"]}]},{"@type":"ImageObject","inLanguage":"en-US","@id":"https:\/\/bonsaiarquitetura.com.br\/moveis-planejados-ou-prontos-apartamentos-pequenos\/#primaryimage","url":"https:\/\/bonsaiarquitetura.com.br\/wp-content\/uploads\/2026\/06\/madeiramadeira-guarda-roupa-ipe-cinamomo-salvia-bonsai-arquitetura.webp","contentUrl":"https:\/\/bonsaiarquitetura.com.br\/wp-content\/uploads\/2026\/06\/madeiramadeira-guarda-roupa-ipe-cinamomo-salvia-bonsai-arquitetura.webp","width":700,"height":700,"caption":"Quarto compacto decorado de forma funcional usando m\u00f3veis planejados ou prontos para apartamentos pequenos."},{"@type":"BreadcrumbList","@id":"https:\/\/bonsaiarquitetura.com.br\/moveis-planejados-ou-prontos-apartamentos-pequenos\/#breadcrumb","itemListElement":[{"@type":"ListItem","position":1,"name":"In\u00edcio","item":"https:\/\/bonsaiarquitetura.com.br\/"},{"@type":"ListItem","position":2,"name":"M\u00f3veis planejados ou prontos para apartamentos pequenos?"}]},{"@type":"WebSite","@id":"https:\/\/bonsaiarquitetura.com.br\/#website","url":"https:\/\/bonsaiarquitetura.com.br\/","name":"Bonsai Architecture and Interiors","description":"Projeto e Consultoria Online para Espa\u00e7os Compactos","potentialAction":[{"@type":"SearchAction","target":{"@type":"EntryPoint","urlTemplate":"https:\/\/bonsaiarquitetura.com.br\/?s={search_term_string}"},"query-input":{"@type":"PropertyValueSpecification","valueRequired":true,"valueName":"search_term_string"}}],"inLanguage":"en-US"},{"@type":"Person","@id":"https:\/\/bonsaiarquitetura.com.br\/#\/schema\/person\/465bc7eea8e418533eb25b8c9d03318a","name":"Bonsai Architecture","image":{"@type":"ImageObject","inLanguage":"en-US","@id":"https:\/\/secure.gravatar.com\/avatar\/1ddc926a66842c2b02b2afab2acc7220bb5730ce9cd0c9eb3e91f57f140ebdab?s=96&d=mm&r=g","url":"https:\/\/secure.gravatar.com\/avatar\/1ddc926a66842c2b02b2afab2acc7220bb5730ce9cd0c9eb3e91f57f140ebdab?s=96&d=mm&r=g","contentUrl":"https:\/\/secure.gravatar.com\/avatar\/1ddc926a66842c2b02b2afab2acc7220bb5730ce9cd0c9eb3e91f57f140ebdab?s=96&d=mm&r=g","caption":"Bonsai Arquitetura"},"sameAs":["https:\/\/bonsaiarquitetura.com.br"],"url":"https:\/\/bonsaiarquitetura.com.br\/en\/author\/bonsai\/"}]}},"_links":{"self":[{"href":"https:\/\/bonsaiarquitetura.com.br\/en\/wp-json\/wp\/v2\/posts\/2617","targetHints":{"allow":["GET"]}}],"collection":[{"href":"https:\/\/bonsaiarquitetura.com.br\/en\/wp-json\/wp\/v2\/posts"}],"about":[{"href":"https:\/\/bonsaiarquitetura.com.br\/en\/wp-json\/wp\/v2\/types\/post"}],"author":[{"embeddable":true,"href":"https:\/\/bonsaiarquitetura.com.br\/en\/wp-json\/wp\/v2\/users\/1"}],"replies":[{"embeddable":true,"href":"https:\/\/bonsaiarquitetura.com.br\/en\/wp-json\/wp\/v2\/comments?post=2617"}],"version-history":[{"count":2,"href":"https:\/\/bonsaiarquitetura.com.br\/en\/wp-json\/wp\/v2\/posts\/2617\/revisions"}],"predecessor-version":[{"id":2630,"href":"https:\/\/bonsaiarquitetura.com.br\/en\/wp-json\/wp\/v2\/posts\/2617\/revisions\/2630"}],"wp:featuredmedia":[{"embeddable":true,"href":"https:\/\/bonsaiarquitetura.com.br\/en\/wp-json\/wp\/v2\/media\/2627"}],"wp:attachment":[{"href":"https:\/\/bonsaiarquitetura.com.br\/en\/wp-json\/wp\/v2\/media?parent=2617"}],"wp:term":[{"taxonomy":"category","embeddable":true,"href":"https:\/\/bonsaiarquitetura.com.br\/en\/wp-json\/wp\/v2\/categories?post=2617"},{"taxonomy":"post_tag","embeddable":true,"href":"https:\/\/bonsaiarquitetura.com.br\/en\/wp-json\/wp\/v2\/tags?post=2617"}],"curies":[{"name":"wp","href":"https:\/\/api.w.org\/{rel}","templated":true}]}}