{"id":2649,"date":"2026-07-27T08:30:00","date_gmt":"2026-07-27T08:30:00","guid":{"rendered":"https:\/\/bonsaiarquitetura.com.br\/?p=2649"},"modified":"2026-06-18T00:44:46","modified_gmt":"2026-06-18T00:44:46","slug":"cores-para-ambientes-pequenos","status":"publish","type":"post","link":"https:\/\/bonsaiarquitetura.com.br\/en\/cores-para-ambientes-pequenos\/","title":{"rendered":"Cores para ambientes pequenos: como ampliar espa\u00e7os com pintura"},"content":{"rendered":"<div style=\"height:100px\" aria-hidden=\"true\" class=\"wp-block-spacer is-style-dots\"><\/div>\n\n\n\n<p class=\"has-text-color has-link-color wp-elements-1 wp-block-paragraph\" style=\"color:#425261;font-size:18px;line-height:2\">Voc\u00ea entra em casa depois de um dia cansativo e, em vez de relaxar, sente que as paredes est\u00e3o quase te abra\u00e7ando de forma apertada. Aquela sensa\u00e7\u00e3o inc\u00f4moda de morar em uma caixinha escura e claustrof\u00f3bica \u00e9 extremamente comum em apartamentos compactos atuais.<\/p>\n\n\n\n<p class=\"has-text-color has-link-color wp-elements-2 wp-block-paragraph\" style=\"color:#425261;font-size:18px;line-height:2\">Diante disso, bate aquele medo cl\u00e1ssico de usar qualquer tom mais ousado e acabar encolhendo ainda mais o seu precioso lar. Por isso, a maioria das pessoas se rende ao branco total, acreditando que essa \u00e9 a \u00fanica sa\u00edda segura.<\/p>\n\n\n\n<p class=\"has-text-color has-link-color wp-elements-3 wp-block-paragraph\" style=\"color:#425261;font-size:18px;line-height:2\">Felizmente, existem truques visuais fant\u00e1sticos que funcionam como verdadeira m\u00e1gica, capazes de esticar paredes e elevar tetos imediatamente. Neste artigo, voc\u00ea vai descobrir exatamente como usar as <strong>cores para ambientes pequenos<\/strong> a seu favor, trazendo amplitude e muita personalidade.<\/p>\n\n\n\n<div style=\"height:50px\" aria-hidden=\"true\" class=\"wp-block-spacer is-style-dots\"><\/div>\n\n\n\n<p class=\"has-text-color has-link-color wp-elements-4 wp-block-paragraph\" style=\"color:#8c5737;font-size:25px;font-style:normal;font-weight:700;line-height:2\">\ud83c\udf3fO verdadeiro desafio de morar em metragens compactas<\/p>\n\n\n\n<p class=\"has-text-color has-link-color wp-elements-5 wp-block-paragraph\" style=\"color:#425261;font-size:18px;line-height:2\">Antes de tudo, precisamos entender o que acontece quando olhamos para um c\u00f4modo reduzido que parece sem vida. O sentimento de aperto surge porque o olhar bate nas quinas n\u00edtidas, delimitando perfeitamente o fim de cada superf\u00edcie.<\/p>\n\n\n\n<p class=\"has-text-color has-link-color wp-elements-6 wp-block-paragraph\" style=\"color:#425261;font-size:18px;line-height:2\">Muitas vezes, a tentativa de resolver a falta de espa\u00e7o aplicando um branco puro em absolutamente tudo gera o efeito contr\u00e1rio. O teto e as laterais parecem se fundir sem crit\u00e9rio, deixando o local frio e sem profundidade.<\/p>\n\n\n\n<p class=\"has-text-color has-link-color wp-elements-7 wp-block-paragraph\" style=\"color:#425261;font-size:18px;line-height:2\">A falta de contraste elimina o dinamismo visual, fazendo com que a percep\u00e7\u00e3o do tamanho real seja ainda mais evidenciada. O verdadeiro problema n\u00e3o \u00e9 a cor em si, mas como os planos do ambiente conversam entre si.<\/p>\n\n\n\n<div style=\"height:50px\" aria-hidden=\"true\" class=\"wp-block-spacer is-style-dots\"><\/div>\n\n\n\n<h2 class=\"wp-block-heading has-text-color has-link-color wp-elements-8\" style=\"color:#8c5737;font-size:25px;font-style:normal;font-weight:700;line-height:2\">\ud83c\udf3f Como a ilumina\u00e7\u00e3o e as cores certas solucionam o aperto visual<\/h2>\n\n\n\n<p class=\"has-text-color has-link-color wp-elements-9 wp-block-paragraph\" style=\"color:#425261;font-size:18px;line-height:2\">Nesse sentido, a ci\u00eancia da percep\u00e7\u00e3o explica que o c\u00e9rebro humano interpreta a profundidade atrav\u00e9s das sombras e dos contrastes do dia a dia. Quando aplicamos t\u00e9cnicas de psicologia das cores combinadas com ilus\u00e3o de \u00f3tica, redefinimos os limites visuais da arquitetura interna.<\/p>\n\n\n\n<p class=\"has-text-color has-link-color wp-elements-10 wp-block-paragraph\" style=\"color:#425261;font-size:18px;line-height:2\">Por exemplo, se voc\u00ea pintar a parede do fundo com um tom mais marcante e deixar as laterais claras, os olhos ser\u00e3o atra\u00eddos para o horizonte, esticando o c\u00f4modo. Al\u00e9m disso, pintar o teto com uma cor ligeiramente mais escura pode encurtar um p\u00e9-direito exagerado ou, se for mais clara, elevar a sensa\u00e7\u00e3o de altura.<\/p>\n\n\n\n<p class=\"has-text-color has-link-color wp-elements-11 wp-block-paragraph\" style=\"color:#425261;font-size:18px;line-height:2\">Contudo, para que essa m\u00e1gica aconte\u00e7a perfeitamente, \u00e9 fundamental alinhar a pintura com um projeto de ilumina\u00e7\u00e3o correto e bem distribu\u00eddo. Pensando nessa jornada, na nossa <a href=\"https:\/\/projetos.bonsaiarquitetura.com.br\/consultoria-online\/\" target=\"_blank\" rel=\"noreferrer noopener\"><strong>consultoria online<\/strong><\/a>, n\u00f3s simulamos essas cores diretamente no modelo 3D do seu espa\u00e7o personalizado.<\/p>\n\n\n\n<p class=\"has-text-color has-link-color wp-elements-12 wp-block-paragraph\" style=\"color:#425261;font-size:18px;line-height:2\">Dessa forma, voc\u00ea consegue visualizar com clareza o efeito real de amplitude e aconchego antes mesmo de abrir a primeira lata de tinta.<\/p>\n\n\n\n<div style=\"height:50px\" aria-hidden=\"true\" class=\"wp-block-spacer is-style-dots\"><\/div>\n\n\n\n<h3 class=\"wp-block-heading has-text-color has-link-color wp-elements-13\" style=\"color:#8c5737;font-size:25px;font-style:normal;font-weight:700;line-height:2\">\ud83c\udf3f Curadoria Pr\u00e1tica: Suas escolhas ideais de consultoria<\/h3>\n\n\n\n<p class=\"has-text-color has-link-color wp-elements-14 wp-block-paragraph\" style=\"color:#425261;font-size:18px;line-height:2\">Para te ajudar a colocar a m\u00e3o na massa com seguran\u00e7a, fizemos uma sele\u00e7\u00e3o especial de produtos diretamente dos nossos parceiros oficiais. S\u00e3o tintas de excelente performance e complementos decorativos certeiros que v\u00e3o ajudar a evidenciar as novas superf\u00edcies atrav\u00e9s de contrastes estrat\u00e9gicos.<\/p>\n\n\n\n<h1 class=\"wp-block-heading has-text-color has-link-color wp-elements-15\" style=\"color:#425261;font-size:18px\"><a href=\"https:\/\/www.awin1.com\/cread.php?awinmid=17841&amp;awinaffid=2656664&amp;ued=https%3A%2F%2Fwww.telhanorte.com.br%2Ftinta-acrilica-master-premium-tubarao-branco-18l-cinza-coral-2535963%2Fp\">1. Tinta Acr\u00edlica Cinza Tubar\u00e3o Branco Fosco Coral<\/a><\/h1>\n\n\n\n<p class=\"has-text-color has-link-color wp-elements-16 wp-block-paragraph\" style=\"color:#425261;font-size:18px;line-height:2\">Este tom de cinza claro e neutro \u00e9 uma escolha maravilhosa para substituir o branco tradicional sem fechar o ambiente. O acabamento fosco ajuda a disfar\u00e7ar imperfei\u00e7\u00f5es da parede e reflete a luz de forma suave, espalhando a claridade por todo o c\u00f4modo.<\/p>\n\n\n\n<p class=\"has-text-color has-link-color wp-elements-17 wp-block-paragraph\" style=\"color:#425261;font-size:18px;line-height:2\"><strong><a href=\"https:\/\/www.awin1.com\/cread.php?awinmid=17841&amp;awinaffid=2656664&amp;ued=https%3A%2F%2Fwww.telhanorte.com.br%2Frende-muito-azul-dos-andes-3-2l-coral-2412918%2Fp\">2. Tinta Acr\u00edlica Azul dos Andes Fosco Coral<\/a> <\/strong><\/p>\n\n\n\n<p class=\"has-text-color has-link-color wp-elements-18 wp-block-paragraph\" style=\"color:#425261;font-size:18px;line-height:2\">Um azul sofisticado e profundo, perfeito para aplicar na parede do fundo do seu corredor ou da sua sala de estar. Assim, ele cria a ilus\u00e3o de uma parede que est\u00e1 recuando, ideal para gerar profundidade imediata e destacar os adornos que v\u00eam \u00e0 frente.<\/p>\n\n\n\n<p class=\"has-text-color has-link-color wp-elements-19 wp-block-paragraph\" style=\"color:#425261;font-size:18px;line-height:2\"><a href=\"https:\/\/www.awin1.com\/cread.php?awinmid=17841&amp;awinaffid=2656664&amp;ued=https%3A%2F%2Fwww.telhanorte.com.br%2Frende-muito-capim-limao-16l-coral-2412942%2Fp\"><strong>3. Tinta Acr\u00edlica Capim Lim\u00e3o Fosco Coral<\/strong><\/a><\/p>\n\n\n\n<p class=\"has-text-color has-link-color wp-elements-20 wp-block-paragraph\" style=\"color:#425261;font-size:18px;line-height:2\">Trazendo o frescor da natureza para dentro de casa, esse tom verde suave acalma o olhar e evoca uma gostosa sensa\u00e7\u00e3o de ar livre. Excelente alternativa para expandir visualmente pequenos escrit\u00f3rios ou varandas integradas.<\/p>\n\n\n\n<figure class=\"wp-block-gallery has-nested-images columns-default is-cropped wp-block-gallery-1 is-layout-flex wp-block-gallery-is-layout-flex\">\n<figure class=\"wp-block-image size-large has-custom-border is-style-rounded\"><img fetchpriority=\"high\" decoding=\"async\" width=\"700\" height=\"700\" data-id=\"2643\" src=\"https:\/\/bonsaiarquitetura.com.br\/wp-content\/uploads\/2026\/06\/telhanorte-acrilica-tinta-fosca-cinza-tubarao-branco-bonsai-arquiteura.webp\" alt=\"\" class=\"wp-image-2643\" style=\"border-top-left-radius:10px;border-top-right-radius:10px;border-bottom-left-radius:10px;border-bottom-right-radius:10px\" srcset=\"https:\/\/bonsaiarquitetura.com.br\/wp-content\/uploads\/2026\/06\/telhanorte-acrilica-tinta-fosca-cinza-tubarao-branco-bonsai-arquiteura.webp 700w, https:\/\/bonsaiarquitetura.com.br\/wp-content\/uploads\/2026\/06\/telhanorte-acrilica-tinta-fosca-cinza-tubarao-branco-bonsai-arquiteura-300x300.webp 300w, https:\/\/bonsaiarquitetura.com.br\/wp-content\/uploads\/2026\/06\/telhanorte-acrilica-tinta-fosca-cinza-tubarao-branco-bonsai-arquiteura-150x150.webp 150w, https:\/\/bonsaiarquitetura.com.br\/wp-content\/uploads\/2026\/06\/telhanorte-acrilica-tinta-fosca-cinza-tubarao-branco-bonsai-arquiteura-12x12.webp 12w\" sizes=\"(max-width: 700px) 100vw, 700px\" \/><figcaption class=\"wp-element-caption\"><a href=\"https:\/\/www.awin1.com\/cread.php?awinmid=17841&amp;awinaffid=2656664&amp;ued=https%3A%2F%2Fwww.telhanorte.com.br%2Ftinta-acrilica-master-premium-tubarao-branco-18l-cinza-coral-2535963%2Fp\"><strong><mark style=\"background-color:rgba(0, 0, 0, 0);color:#425261\" class=\"has-inline-color\">Cinza Tubar\u00e3o Branco Fosco<\/mark><\/strong><\/a><\/figcaption><\/figure>\n\n\n\n<figure class=\"wp-block-image size-large has-custom-border is-style-rounded\"><img decoding=\"async\" width=\"700\" height=\"700\" data-id=\"2647\" src=\"https:\/\/bonsaiarquitetura.com.br\/wp-content\/uploads\/2026\/06\/telhanorte-acrilica-tinta-fosca-azul-dos-andes-coral-bonsai-arquiteura.webp\" alt=\"\" class=\"wp-image-2647\" style=\"border-top-left-radius:10px;border-top-right-radius:10px;border-bottom-left-radius:10px;border-bottom-right-radius:10px\" srcset=\"https:\/\/bonsaiarquitetura.com.br\/wp-content\/uploads\/2026\/06\/telhanorte-acrilica-tinta-fosca-azul-dos-andes-coral-bonsai-arquiteura.webp 700w, https:\/\/bonsaiarquitetura.com.br\/wp-content\/uploads\/2026\/06\/telhanorte-acrilica-tinta-fosca-azul-dos-andes-coral-bonsai-arquiteura-300x300.webp 300w, https:\/\/bonsaiarquitetura.com.br\/wp-content\/uploads\/2026\/06\/telhanorte-acrilica-tinta-fosca-azul-dos-andes-coral-bonsai-arquiteura-150x150.webp 150w, https:\/\/bonsaiarquitetura.com.br\/wp-content\/uploads\/2026\/06\/telhanorte-acrilica-tinta-fosca-azul-dos-andes-coral-bonsai-arquiteura-12x12.webp 12w\" sizes=\"(max-width: 700px) 100vw, 700px\" \/><figcaption class=\"wp-element-caption\"><strong><a href=\"https:\/\/www.awin1.com\/cread.php?awinmid=17841&amp;awinaffid=2656664&amp;ued=https%3A%2F%2Fwww.telhanorte.com.br%2Frende-muito-azul-dos-andes-3-2l-coral-2412918%2Fp\"><mark style=\"background-color:rgba(0, 0, 0, 0);color:#425261\" class=\"has-inline-color\">Azul dos Andes Fosco<\/mark><\/a><\/strong><\/figcaption><\/figure>\n\n\n\n<figure class=\"wp-block-image size-large has-custom-border\"><img decoding=\"async\" width=\"700\" height=\"700\" data-id=\"2645\" src=\"https:\/\/bonsaiarquitetura.com.br\/wp-content\/uploads\/2026\/06\/telhanorte-acrilica-tinta-fosca-capim-limao-bonsai-arquiteura.webp\" alt=\"\" class=\"wp-image-2645\" style=\"border-top-left-radius:10px;border-top-right-radius:10px;border-bottom-left-radius:10px;border-bottom-right-radius:10px\" srcset=\"https:\/\/bonsaiarquitetura.com.br\/wp-content\/uploads\/2026\/06\/telhanorte-acrilica-tinta-fosca-capim-limao-bonsai-arquiteura.webp 700w, https:\/\/bonsaiarquitetura.com.br\/wp-content\/uploads\/2026\/06\/telhanorte-acrilica-tinta-fosca-capim-limao-bonsai-arquiteura-300x300.webp 300w, https:\/\/bonsaiarquitetura.com.br\/wp-content\/uploads\/2026\/06\/telhanorte-acrilica-tinta-fosca-capim-limao-bonsai-arquiteura-150x150.webp 150w, https:\/\/bonsaiarquitetura.com.br\/wp-content\/uploads\/2026\/06\/telhanorte-acrilica-tinta-fosca-capim-limao-bonsai-arquiteura-12x12.webp 12w\" sizes=\"(max-width: 700px) 100vw, 700px\" \/><figcaption class=\"wp-element-caption\"><a href=\"https:\/\/www.awin1.com\/cread.php?awinmid=17841&amp;awinaffid=2656664&amp;ued=https%3A%2F%2Fwww.telhanorte.com.br%2Frende-muito-capim-limao-16l-coral-2412942%2Fp\"><strong><mark style=\"background-color:rgba(0, 0, 0, 0);color:#425261\" class=\"has-inline-color\">Capim Lim\u00e3o<\/mark><\/strong><\/a><\/figcaption><\/figure>\n<\/figure>\n\n\n\n<div style=\"height:50px\" aria-hidden=\"true\" class=\"wp-block-spacer is-style-dots\"><\/div>\n\n\n\n<h2 class=\"wp-block-heading has-text-color has-link-color wp-elements-21\" style=\"color:#425261;font-size:18px\"><a href=\"https:\/\/www.awin1.com\/cread.php?awinmid=122316&amp;awinaffid=2656664&amp;ued=https%3A%2F%2Fwww.westwing.com.br%2Fespelho-em-madeira-344828.html\">4. Espelho em Madeira<\/a><\/h2>\n\n\n\n<p class=\"has-text-color has-link-color wp-elements-22 wp-block-paragraph\" style=\"color:#425261;font-size:18px;line-height:2\">O espelho \u00e9 o melhor amigo dos espa\u00e7os enxutos e, quando posicionado sobre uma parede colorida, ganha um destaque espetacular. A moldura em madeira traz o toque acolhedor do material natural, criando um lindo ponto focal decorativo.<\/p>\n\n\n\n<p class=\"has-text-color has-link-color wp-elements-23 wp-block-paragraph\" style=\"color:#425261;font-size:18px;line-height:2\"><a href=\"https:\/\/www.awin1.com\/cread.php?awinmid=122316&amp;awinaffid=2656664&amp;ued=https%3A%2F%2Fwww.westwing.com.br%2Fespelho-detalhe-em-palha-freijo-101849.html\"><strong>5. Espelho Detalhe em Palha Freij\u00f3<\/strong><\/a><\/p>\n\n\n\n<p class=\"has-text-color has-link-color wp-elements-24 wp-block-paragraph\" style=\"color:#425261;font-size:18px;line-height:2\">Este item une a utilidade da amplia\u00e7\u00e3o atrav\u00e9s do reflexo com a leveza e a rica textura da palha artesanal. Perfeito para complementar paredes pintadas com tons suaves, garantindo leveza e bossa para a entrada do seu lar.<\/p>\n\n\n\n<p class=\"has-text-color has-link-color wp-elements-25 wp-block-paragraph\" style=\"color:#425261;font-size:18px;line-height:2\"><a href=\"https:\/\/www.awin1.com\/cread.php?awinmid=122316&amp;awinaffid=2656664&amp;ued=https%3A%2F%2Fwww.westwing.com.br%2Fespelho-de-parede-em-boucle-madrid-caramelo-323947.html\"><strong>6. Espelho de Parede em Boucl\u00ea Madrid Caramelo<\/strong><\/a><\/p>\n\n\n\n<p class=\"has-text-color has-link-color wp-elements-26 wp-block-paragraph\" style=\"color:#425261;font-size:18px;line-height:2\">Com um formato moderno e a textura super em alta do tecido boucl\u00ea, esse espelho se destaca perfeitamente em fundos neutros ou coloridos. Ele quebra a rigidez das linhas retas do ambiente compacto, suavizando o visual de maneira \u00fanica.<\/p>\n\n\n\n<figure class=\"wp-block-gallery has-nested-images columns-default is-cropped wp-block-gallery-2 is-layout-flex wp-block-gallery-is-layout-flex\">\n<figure class=\"wp-block-image size-large has-custom-border is-style-rounded\"><img loading=\"lazy\" decoding=\"async\" width=\"700\" height=\"700\" data-id=\"2648\" src=\"https:\/\/bonsaiarquitetura.com.br\/wp-content\/uploads\/2026\/06\/westwing-espelho-em-madeira-bonsai-arquitetura.webp\" alt=\"\" class=\"wp-image-2648\" style=\"border-top-left-radius:10px;border-top-right-radius:10px;border-bottom-left-radius:10px;border-bottom-right-radius:10px\" srcset=\"https:\/\/bonsaiarquitetura.com.br\/wp-content\/uploads\/2026\/06\/westwing-espelho-em-madeira-bonsai-arquitetura.webp 700w, https:\/\/bonsaiarquitetura.com.br\/wp-content\/uploads\/2026\/06\/westwing-espelho-em-madeira-bonsai-arquitetura-300x300.webp 300w, https:\/\/bonsaiarquitetura.com.br\/wp-content\/uploads\/2026\/06\/westwing-espelho-em-madeira-bonsai-arquitetura-150x150.webp 150w, https:\/\/bonsaiarquitetura.com.br\/wp-content\/uploads\/2026\/06\/westwing-espelho-em-madeira-bonsai-arquitetura-12x12.webp 12w\" sizes=\"(max-width: 700px) 100vw, 700px\" \/><figcaption class=\"wp-element-caption\"><a href=\"https:\/\/www.awin1.com\/cread.php?awinmid=122316&amp;awinaffid=2656664&amp;ued=https%3A%2F%2Fwww.westwing.com.br%2Fespelho-em-madeira-344828.html\"><mark style=\"background-color:rgba(0, 0, 0, 0);color:#425261\" class=\"has-inline-color\"><strong>Espelho em Madeira<\/strong><\/mark><\/a><\/figcaption><\/figure>\n\n\n\n<figure class=\"wp-block-image size-large has-custom-border is-style-rounded\"><img loading=\"lazy\" decoding=\"async\" width=\"700\" height=\"700\" data-id=\"2646\" src=\"https:\/\/bonsaiarquitetura.com.br\/wp-content\/uploads\/2026\/06\/westwing-espelho-detalhe-em-palha-freijo-bonsai-arquitetura.webp\" alt=\"\" class=\"wp-image-2646\" style=\"border-top-left-radius:10px;border-top-right-radius:10px;border-bottom-left-radius:10px;border-bottom-right-radius:10px\" srcset=\"https:\/\/bonsaiarquitetura.com.br\/wp-content\/uploads\/2026\/06\/westwing-espelho-detalhe-em-palha-freijo-bonsai-arquitetura.webp 700w, https:\/\/bonsaiarquitetura.com.br\/wp-content\/uploads\/2026\/06\/westwing-espelho-detalhe-em-palha-freijo-bonsai-arquitetura-300x300.webp 300w, https:\/\/bonsaiarquitetura.com.br\/wp-content\/uploads\/2026\/06\/westwing-espelho-detalhe-em-palha-freijo-bonsai-arquitetura-150x150.webp 150w, https:\/\/bonsaiarquitetura.com.br\/wp-content\/uploads\/2026\/06\/westwing-espelho-detalhe-em-palha-freijo-bonsai-arquitetura-12x12.webp 12w\" sizes=\"(max-width: 700px) 100vw, 700px\" \/><figcaption class=\"wp-element-caption\"><a href=\"https:\/\/www.awin1.com\/cread.php?awinmid=122316&amp;awinaffid=2656664&amp;ued=https%3A%2F%2Fwww.westwing.com.br%2Fespelho-detalhe-em-palha-freijo-101849.html\"><strong><mark style=\"background-color:rgba(0, 0, 0, 0);color:#425261\" class=\"has-inline-color\">Com Palha Freij\u00f3<\/mark><\/strong><\/a><\/figcaption><\/figure>\n\n\n\n<figure class=\"wp-block-image size-large has-custom-border is-style-rounded\"><img loading=\"lazy\" decoding=\"async\" width=\"700\" height=\"700\" data-id=\"2644\" src=\"https:\/\/bonsaiarquitetura.com.br\/wp-content\/uploads\/2026\/06\/westwing-espelho-de-parede-em-boucle-madrid-caramelo-bonsai-arquitetura.webp\" alt=\"\" class=\"wp-image-2644\" style=\"border-top-left-radius:10px;border-top-right-radius:10px;border-bottom-left-radius:10px;border-bottom-right-radius:10px\" srcset=\"https:\/\/bonsaiarquitetura.com.br\/wp-content\/uploads\/2026\/06\/westwing-espelho-de-parede-em-boucle-madrid-caramelo-bonsai-arquitetura.webp 700w, https:\/\/bonsaiarquitetura.com.br\/wp-content\/uploads\/2026\/06\/westwing-espelho-de-parede-em-boucle-madrid-caramelo-bonsai-arquitetura-300x300.webp 300w, https:\/\/bonsaiarquitetura.com.br\/wp-content\/uploads\/2026\/06\/westwing-espelho-de-parede-em-boucle-madrid-caramelo-bonsai-arquitetura-150x150.webp 150w, https:\/\/bonsaiarquitetura.com.br\/wp-content\/uploads\/2026\/06\/westwing-espelho-de-parede-em-boucle-madrid-caramelo-bonsai-arquitetura-12x12.webp 12w\" sizes=\"(max-width: 700px) 100vw, 700px\" \/><figcaption class=\"wp-element-caption\"><a href=\"https:\/\/www.awin1.com\/cread.php?awinmid=122316&amp;awinaffid=2656664&amp;ued=https%3A%2F%2Fwww.westwing.com.br%2Fespelho-de-parede-em-boucle-madrid-caramelo-323947.html\"><strong><mark style=\"background-color:rgba(0, 0, 0, 0);color:#425261\" class=\"has-inline-color\">Espelho Madrid Caramelo<\/mark><\/strong><\/a><\/figcaption><\/figure>\n<\/figure>\n\n\n\n<div style=\"height:50px\" aria-hidden=\"true\" class=\"wp-block-spacer is-style-dots\"><\/div>\n\n\n\n<h3 class=\"wp-block-heading has-text-color has-link-color wp-elements-27\" style=\"color:#8c5737;font-size:25px;font-style:normal;font-weight:700;line-height:2\">\ud83c\udf3f A atmosfera de viver em um espa\u00e7o transformado<\/h3>\n\n\n\n<p class=\"has-text-color has-link-color wp-elements-28 wp-block-paragraph\" style=\"color:#425261;font-size:18px;line-height:2\">Depois de aplicar a pintura estrat\u00e9gica correta, a sensa\u00e7\u00e3o cotidiana dentro do seu im\u00f3vel muda de figura completamente. Por isso, aquela antiga impress\u00e3o de confinamento desaparece, dando lugar a uma deliciosa fluidez que convida a relaxar de verdade.<\/p>\n\n\n\n<p class=\"has-text-color has-link-color wp-elements-29 wp-block-paragraph\" style=\"color:#425261;font-size:18px;line-height:2\">Os ambientes parecem respirar melhor, e cada canto passa a ter um prop\u00f3sito claro e cheio de beleza marcante. Seus convidados v\u00e3o notar a harmonia visual assim que passarem pela porta, elogiando o conforto do espa\u00e7o.<\/p>\n\n\n\n<p class=\"has-text-color has-link-color wp-elements-30 wp-block-paragraph\" style=\"color:#425261;font-size:18px;line-height:2\">Dessa forma, pequenos truques geram grandes evolu\u00e7\u00f5es no bem-estar di\u00e1rio, transformando a rotina e a forma como voc\u00ea aproveita sua pr\u00f3pria casa.<\/p>\n\n\n\n<div style=\"height:50px\" aria-hidden=\"true\" class=\"wp-block-spacer is-style-dots\"><\/div>\n\n\n\n<h3 class=\"wp-block-heading has-text-color has-link-color wp-elements-31\" style=\"color:#8c5737;font-size:25px;font-style:normal;font-weight:700;line-height:2\">\ud83c\udf3f A arte de abra\u00e7ar e expandir o seu pr\u00f3prio ninho<\/h3>\n\n\n\n<p class=\"has-text-color has-link-color wp-elements-32 wp-block-paragraph\" style=\"color:#425261;font-size:18px;font-style:normal;font-weight:400;line-height:2\">Em s\u00edntese, colorir o lar vai muito al\u00e9m da est\u00e9tica pura; trata-se de construir uma verdadeira conex\u00e3o com as texturas que nos cercam. Logo, cada parede pintada com inten\u00e7\u00e3o conta uma hist\u00f3ria e acolhe suas viv\u00eancias di\u00e1rias com leveza.<\/p>\n\n\n\n<p class=\"has-text-color has-link-color wp-elements-33 wp-block-paragraph\" style=\"color:#425261;font-size:18px;font-style:normal;font-weight:400;line-height:2\">A arquitetura inteligente prova que nenhuma metragem \u00e9 pequena demais quando usamos a criatividade para expandir os horizontes f\u00edsicos. Permita-se experimentar novas paletas e veja sua rotina florescer no espa\u00e7o que voc\u00ea sempre mereceu.<\/p>\n\n\n\n<div style=\"height:50px\" aria-hidden=\"true\" class=\"wp-block-spacer is-style-dots\"><\/div>\n\n\n\n<h2 class=\"wp-block-heading has-text-color has-link-color wp-elements-34\" style=\"color:#8c5737;font-size:25px;font-style:normal;font-weight:700;line-height:2\">\ud83c\udf3f Perguntas frequentes sobre cores para ambientes pequenos<\/h2>\n\n\n\n<p class=\"has-text-color has-link-color wp-elements-35 wp-block-paragraph\" style=\"color:#425261;font-size:18px;font-style:normal;font-weight:400;line-height:2\"><strong>Qual \u00e9 a melhor cor para fazer um c\u00f4modo pequeno parecer maior?<\/strong> <\/p>\n\n\n\n<p class=\"has-text-color has-link-color wp-elements-36 wp-block-paragraph\" style=\"color:#425261;font-size:18px;font-style:normal;font-weight:400;line-height:2\">Cores claras e neutras, como tons de cinza suave, off-white e bege, s\u00e3o excelentes para rebater a ilumina\u00e7\u00e3o. No entanto, pintar a parede do fundo com uma cor escura e fria, como o azul profundo, cria uma fant\u00e1stica ilus\u00e3o de profundidade que afasta a superf\u00edcie do olhar.<\/p>\n\n\n\n<p class=\"has-text-color has-link-color wp-elements-37 wp-block-paragraph\" style=\"color:#425261;font-size:18px;font-style:normal;font-weight:400;line-height:2\"><strong>Posso usar cores escuras em apartamentos com metragens reduzidas?<\/strong> <\/p>\n\n\n\n<p class=\"has-text-color has-link-color wp-elements-38 wp-block-paragraph\" style=\"color:#425261;font-size:18px;font-style:normal;font-weight:400;line-height:2\">Sim, com certeza. J\u00e1 que o segredo para aplicar cores para ambientes pequenos em vers\u00f5es escuras \u00e9 a localiza\u00e7\u00e3o estrat\u00e9gica. Pintar apenas uma parede espec\u00edfica, como o fundo de um corredor ou o nicho da TV, cria um ponto focal din\u00e2mico que distrai a aten\u00e7\u00e3o dos limites f\u00edsicos do espa\u00e7o.<\/p>\n\n\n\n<p class=\"has-text-color has-link-color wp-elements-39 wp-block-paragraph\" style=\"color:#425261;font-size:18px;font-style:normal;font-weight:400;line-height:2\"><strong>Como fazer o teto de uma sala pequena parecer mais alto usando tinta?<\/strong> <\/p>\n\n\n\n<p class=\"has-text-color has-link-color wp-elements-40 wp-block-paragraph\" style=\"color:#425261;font-size:18px;font-style:normal;font-weight:400;line-height:2\">Para elevar visualmente o teto, a recomenda\u00e7\u00e3o cl\u00e1ssica de ouro \u00e9 pint\u00e1-lo com uma tonalidade mais clara do que a aplicada nas paredes laterais. Ou seja, essa diferen\u00e7a sutil de contraste faz com que o olhar suba de maneira cont\u00ednua, gerando uma gostosa sensa\u00e7\u00e3o de amplitude vertical imediata.<\/p>\n\n\n\n<div style=\"height:50px\" aria-hidden=\"true\" class=\"wp-block-spacer is-style-dots\"><\/div>\n\n\n\n<p class=\"has-text-color has-link-color wp-elements-41 wp-block-paragraph\" style=\"color:#8c5737;font-size:25px;line-height:2\">\ud83c\udf3f <strong>O seu pr\u00f3ximo passo!<\/strong><\/p>\n\n\n\n<p class=\"has-text-color has-link-color wp-elements-42 wp-block-paragraph\" style=\"color:#425261;font-size:18px;line-height:2\">Agora, o seu pr\u00f3ximo passo \u00e9 <a href=\"https:\/\/api.whatsapp.com\/send\/?phone=559899118046&amp;text&amp;type=phone_number&amp;app_absent=0\"><strong>entrar em contato conosco<\/strong><\/a>!&nbsp;<\/p>\n\n\n\n<p class=\"has-text-color has-link-color wp-elements-43 wp-block-paragraph\" style=\"color:#425261;font-size:18px;line-height:2\">Receba nosso direcionamento profissional para criar o projeto ideal para a sua casa.<\/p>\n\n\n\n<p class=\"has-text-color has-link-color wp-elements-44 wp-block-paragraph\" style=\"color:#425261;font-size:18px;line-height:2\">Se gostou deste artigo, veja tamb\u00e9m: <strong><a href=\"https:\/\/bonsaiarquitetura.com.br\/en\/reforma-a-distancia-no-brasil\/\">Reforma \u00e0 dist\u00e2ncia no Brasil: como gerenciar seu im\u00f3vel sem estresse<\/a><\/strong>.<\/p>\n\n\n\n<p class=\"has-text-color has-link-color wp-elements-45 wp-block-paragraph\" style=\"color:#425261;font-size:18px;line-height:2\">E, por fim, siga-nos no <a href=\"https:\/\/www.instagram.com\/bonsaiarquitetura\/\"><strong>Instagram<\/strong><\/a> e <a href=\"https:\/\/br.pinterest.com\/bonsaiarquitetura\/\"><strong>Pinterest<\/strong><\/a> para continuar recebendo nossos conte\u00fados e inspira\u00e7\u00f5es.<\/p>\n\n\n\n<div style=\"height:50px\" aria-hidden=\"true\" class=\"wp-block-spacer is-style-dots\"><\/div>\n\n\n\n<hr class=\"wp-block-separator has-alpha-channel-opacity\"\/>\n\n\n\n<p class=\"has-text-color has-link-color wp-elements-46 wp-block-paragraph\" style=\"color:#425261\">\ud83e\udeb4 <em>Este artigo pode conter links de marcas parceiras que amamos. Ao adquirir produtos por meio deles, voc\u00ea apoia o Bonsai Arquitetura e Interiores a continuar criando conte\u00fados inspiradores, sem custo adicional para voc\u00ea.<\/em><\/p>\n\n\n\n<div style=\"height:50px\" aria-hidden=\"true\" class=\"wp-block-spacer is-style-dots\"><\/div>\n\n\n\n<p class=\"has-text-color has-link-color wp-elements-47 wp-block-paragraph\" style=\"color:#425261;font-size:18px;line-height:2\"><\/p>\n\n\n\n<p class=\"wp-block-paragraph\"><\/p>","protected":false},"excerpt":{"rendered":"<p>Voc\u00ea entra em casa depois de um dia cansativo e, em vez de relaxar, sente que as paredes est\u00e3o quase te abra\u00e7ando de forma apertada. Aquela sensa\u00e7\u00e3o inc\u00f4moda de morar em uma caixinha escura e claustrof\u00f3bica \u00e9 extremamente comum em apartamentos compactos atuais. Diante disso, bate aquele medo cl\u00e1ssico de usar qualquer tom mais ousado [&hellip;]<\/p>\n","protected":false},"author":1,"featured_media":2643,"comment_status":"closed","ping_status":"closed","sticky":false,"template":"","format":"standard","meta":{"footnotes":""},"categories":[10,9],"tags":[13,35,26,16,12,34,19,7,32],"class_list":["post-2649","post","type-post","status-publish","format-standard","has-post-thumbnail","hentry","category-casa-e-mente","category-solucoes-inteligentes","tag-amplitude-visual","tag-apartamento-compacto","tag-aproveitamento-do-espaco","tag-bem-estar","tag-conforto","tag-consultoria-de-interiores","tag-design-inteligente","tag-materiais-naturais","tag-projeto-online-de-interiores"],"yoast_head":"<!-- This site is optimized with the Yoast SEO plugin v28.3 - https:\/\/yoast.com\/product\/yoast-seo-wordpress\/ -->\n<title>Cores para ambientes pequenos: como ampliar espa\u00e7os - Bonsai Arquitetura e Interiores<\/title>\n<meta name=\"description\" content=\"Apartamento apertado? Veja como usar as cores para ambientes pequenos a seu favor com truques de pintura que esticam paredes e trazem leveza.\" \/>\n<meta name=\"robots\" content=\"index, follow, max-snippet:-1, max-image-preview:large, max-video-preview:-1\" \/>\n<link rel=\"canonical\" href=\"https:\/\/bonsaiarquitetura.com.br\/en\/cores-para-ambientes-pequenos\/\" \/>\n<meta property=\"og:locale\" content=\"en_US\" \/>\n<meta property=\"og:type\" content=\"article\" \/>\n<meta property=\"og:title\" content=\"Cores para ambientes pequenos: como ampliar espa\u00e7os - Bonsai Arquitetura e Interiores\" \/>\n<meta property=\"og:description\" content=\"Apartamento apertado? Veja como usar as cores para ambientes pequenos a seu favor com truques de pintura que esticam paredes e trazem leveza.\" \/>\n<meta property=\"og:url\" content=\"https:\/\/bonsaiarquitetura.com.br\/en\/cores-para-ambientes-pequenos\/\" \/>\n<meta property=\"og:site_name\" content=\"Bonsai Arquitetura e Interiores\" \/>\n<meta property=\"article:published_time\" content=\"2026-07-27T08:30:00+00:00\" \/>\n<meta property=\"og:image\" content=\"https:\/\/bonsaiarquitetura.com.br\/wp-content\/uploads\/2026\/06\/telhanorte-acrilica-tinta-fosca-cinza-tubarao-branco-bonsai-arquiteura.webp\" \/>\n\t<meta property=\"og:image:width\" content=\"700\" \/>\n\t<meta property=\"og:image:height\" content=\"700\" \/>\n\t<meta property=\"og:image:type\" content=\"image\/webp\" \/>\n<meta name=\"author\" content=\"Bonsai Arquitetura\" \/>\n<meta name=\"twitter:card\" content=\"summary_large_image\" \/>\n<meta name=\"twitter:label1\" content=\"Written by\" \/>\n\t<meta name=\"twitter:data1\" content=\"Bonsai Arquitetura\" \/>\n\t<meta name=\"twitter:label2\" content=\"Est. reading time\" \/>\n\t<meta name=\"twitter:data2\" content=\"9 minutes\" \/>\n<script type=\"application\/ld+json\" class=\"yoast-schema-graph\">{\"@context\":\"https:\\\/\\\/schema.org\",\"@graph\":[{\"@type\":\"Article\",\"@id\":\"https:\\\/\\\/bonsaiarquitetura.com.br\\\/cores-para-ambientes-pequenos\\\/#article\",\"isPartOf\":{\"@id\":\"https:\\\/\\\/bonsaiarquitetura.com.br\\\/cores-para-ambientes-pequenos\\\/\"},\"author\":{\"name\":\"Bonsai Arquitetura\",\"@id\":\"https:\\\/\\\/bonsaiarquitetura.com.br\\\/#\\\/schema\\\/person\\\/465bc7eea8e418533eb25b8c9d03318a\"},\"headline\":\"Cores para ambientes pequenos: como ampliar espa\u00e7os com pintura\",\"datePublished\":\"2026-07-27T08:30:00+00:00\",\"mainEntityOfPage\":{\"@id\":\"https:\\\/\\\/bonsaiarquitetura.com.br\\\/cores-para-ambientes-pequenos\\\/\"},\"wordCount\":1331,\"image\":{\"@id\":\"https:\\\/\\\/bonsaiarquitetura.com.br\\\/cores-para-ambientes-pequenos\\\/#primaryimage\"},\"thumbnailUrl\":\"https:\\\/\\\/bonsaiarquitetura.com.br\\\/wp-content\\\/uploads\\\/2026\\\/06\\\/telhanorte-acrilica-tinta-fosca-cinza-tubarao-branco-bonsai-arquiteura.webp\",\"keywords\":[\"amplitude visual\",\"apartamento compacto\",\"aproveitamento do espa\u00e7o\",\"bem-estar\",\"conforto\",\"consultoria de interiores\",\"design inteligente\",\"materiais naturais\",\"projeto online de interiores\"],\"articleSection\":[\"Casa e Mente\",\"Solu\u00e7\u00f5es Inteligentes\"],\"inLanguage\":\"en-US\"},{\"@type\":\"WebPage\",\"@id\":\"https:\\\/\\\/bonsaiarquitetura.com.br\\\/cores-para-ambientes-pequenos\\\/\",\"url\":\"https:\\\/\\\/bonsaiarquitetura.com.br\\\/cores-para-ambientes-pequenos\\\/\",\"name\":\"Cores para ambientes pequenos: como ampliar espa\u00e7os - Bonsai Arquitetura e Interiores\",\"isPartOf\":{\"@id\":\"https:\\\/\\\/bonsaiarquitetura.com.br\\\/#website\"},\"primaryImageOfPage\":{\"@id\":\"https:\\\/\\\/bonsaiarquitetura.com.br\\\/cores-para-ambientes-pequenos\\\/#primaryimage\"},\"image\":{\"@id\":\"https:\\\/\\\/bonsaiarquitetura.com.br\\\/cores-para-ambientes-pequenos\\\/#primaryimage\"},\"thumbnailUrl\":\"https:\\\/\\\/bonsaiarquitetura.com.br\\\/wp-content\\\/uploads\\\/2026\\\/06\\\/telhanorte-acrilica-tinta-fosca-cinza-tubarao-branco-bonsai-arquiteura.webp\",\"datePublished\":\"2026-07-27T08:30:00+00:00\",\"author\":{\"@id\":\"https:\\\/\\\/bonsaiarquitetura.com.br\\\/#\\\/schema\\\/person\\\/465bc7eea8e418533eb25b8c9d03318a\"},\"description\":\"Apartamento apertado? Veja como usar as cores para ambientes pequenos a seu favor com truques de pintura que esticam paredes e trazem leveza.\",\"breadcrumb\":{\"@id\":\"https:\\\/\\\/bonsaiarquitetura.com.br\\\/cores-para-ambientes-pequenos\\\/#breadcrumb\"},\"inLanguage\":\"en-US\",\"potentialAction\":[{\"@type\":\"ReadAction\",\"target\":[\"https:\\\/\\\/bonsaiarquitetura.com.br\\\/cores-para-ambientes-pequenos\\\/\"]}]},{\"@type\":\"ImageObject\",\"inLanguage\":\"en-US\",\"@id\":\"https:\\\/\\\/bonsaiarquitetura.com.br\\\/cores-para-ambientes-pequenos\\\/#primaryimage\",\"url\":\"https:\\\/\\\/bonsaiarquitetura.com.br\\\/wp-content\\\/uploads\\\/2026\\\/06\\\/telhanorte-acrilica-tinta-fosca-cinza-tubarao-branco-bonsai-arquiteura.webp\",\"contentUrl\":\"https:\\\/\\\/bonsaiarquitetura.com.br\\\/wp-content\\\/uploads\\\/2026\\\/06\\\/telhanorte-acrilica-tinta-fosca-cinza-tubarao-branco-bonsai-arquiteura.webp\",\"width\":700,\"height\":700},{\"@type\":\"BreadcrumbList\",\"@id\":\"https:\\\/\\\/bonsaiarquitetura.com.br\\\/cores-para-ambientes-pequenos\\\/#breadcrumb\",\"itemListElement\":[{\"@type\":\"ListItem\",\"position\":1,\"name\":\"In\u00edcio\",\"item\":\"https:\\\/\\\/bonsaiarquitetura.com.br\\\/\"},{\"@type\":\"ListItem\",\"position\":2,\"name\":\"Cores para ambientes pequenos: como ampliar espa\u00e7os com pintura\"}]},{\"@type\":\"WebSite\",\"@id\":\"https:\\\/\\\/bonsaiarquitetura.com.br\\\/#website\",\"url\":\"https:\\\/\\\/bonsaiarquitetura.com.br\\\/\",\"name\":\"Bonsai Arquitetura e Interiores\",\"description\":\"Projeto e Consultoria Online para Espa\u00e7os Compactos\",\"potentialAction\":[{\"@type\":\"SearchAction\",\"target\":{\"@type\":\"EntryPoint\",\"urlTemplate\":\"https:\\\/\\\/bonsaiarquitetura.com.br\\\/?s={search_term_string}\"},\"query-input\":{\"@type\":\"PropertyValueSpecification\",\"valueRequired\":true,\"valueName\":\"search_term_string\"}}],\"inLanguage\":\"en-US\"},{\"@type\":\"Person\",\"@id\":\"https:\\\/\\\/bonsaiarquitetura.com.br\\\/#\\\/schema\\\/person\\\/465bc7eea8e418533eb25b8c9d03318a\",\"name\":\"Bonsai Arquitetura\",\"image\":{\"@type\":\"ImageObject\",\"inLanguage\":\"en-US\",\"@id\":\"https:\\\/\\\/secure.gravatar.com\\\/avatar\\\/1ddc926a66842c2b02b2afab2acc7220bb5730ce9cd0c9eb3e91f57f140ebdab?s=96&d=mm&r=g\",\"url\":\"https:\\\/\\\/secure.gravatar.com\\\/avatar\\\/1ddc926a66842c2b02b2afab2acc7220bb5730ce9cd0c9eb3e91f57f140ebdab?s=96&d=mm&r=g\",\"contentUrl\":\"https:\\\/\\\/secure.gravatar.com\\\/avatar\\\/1ddc926a66842c2b02b2afab2acc7220bb5730ce9cd0c9eb3e91f57f140ebdab?s=96&d=mm&r=g\",\"caption\":\"Bonsai Arquitetura\"},\"sameAs\":[\"https:\\\/\\\/bonsaiarquitetura.com.br\"],\"url\":\"https:\\\/\\\/bonsaiarquitetura.com.br\\\/en\\\/author\\\/bonsai\\\/\"}]}<\/script>\n<!-- \/ Yoast SEO plugin. -->","yoast_head_json":{"title":"Cores para ambientes pequenos: como ampliar espa\u00e7os - Bonsai Arquitetura e Interiores","description":"Apartamento apertado? Veja como usar as cores para ambientes pequenos a seu favor com truques de pintura que esticam paredes e trazem leveza.","robots":{"index":"index","follow":"follow","max-snippet":"max-snippet:-1","max-image-preview":"max-image-preview:large","max-video-preview":"max-video-preview:-1"},"canonical":"https:\/\/bonsaiarquitetura.com.br\/en\/cores-para-ambientes-pequenos\/","og_locale":"en_US","og_type":"article","og_title":"Cores para ambientes pequenos: como ampliar espa\u00e7os - Bonsai Arquitetura e Interiores","og_description":"Apartamento apertado? Veja como usar as cores para ambientes pequenos a seu favor com truques de pintura que esticam paredes e trazem leveza.","og_url":"https:\/\/bonsaiarquitetura.com.br\/en\/cores-para-ambientes-pequenos\/","og_site_name":"Bonsai Arquitetura e Interiores","article_published_time":"2026-07-27T08:30:00+00:00","og_image":[{"width":700,"height":700,"url":"https:\/\/bonsaiarquitetura.com.br\/wp-content\/uploads\/2026\/06\/telhanorte-acrilica-tinta-fosca-cinza-tubarao-branco-bonsai-arquiteura.webp","type":"image\/webp"}],"author":"Bonsai Arquitetura","twitter_card":"summary_large_image","twitter_misc":{"Written by":"Bonsai Arquitetura","Est. reading time":"9 minutes"},"schema":{"@context":"https:\/\/schema.org","@graph":[{"@type":"Article","@id":"https:\/\/bonsaiarquitetura.com.br\/cores-para-ambientes-pequenos\/#article","isPartOf":{"@id":"https:\/\/bonsaiarquitetura.com.br\/cores-para-ambientes-pequenos\/"},"author":{"name":"Bonsai Arquitetura","@id":"https:\/\/bonsaiarquitetura.com.br\/#\/schema\/person\/465bc7eea8e418533eb25b8c9d03318a"},"headline":"Cores para ambientes pequenos: como ampliar espa\u00e7os com pintura","datePublished":"2026-07-27T08:30:00+00:00","mainEntityOfPage":{"@id":"https:\/\/bonsaiarquitetura.com.br\/cores-para-ambientes-pequenos\/"},"wordCount":1331,"image":{"@id":"https:\/\/bonsaiarquitetura.com.br\/cores-para-ambientes-pequenos\/#primaryimage"},"thumbnailUrl":"https:\/\/bonsaiarquitetura.com.br\/wp-content\/uploads\/2026\/06\/telhanorte-acrilica-tinta-fosca-cinza-tubarao-branco-bonsai-arquiteura.webp","keywords":["amplitude visual","apartamento compacto","aproveitamento do espa\u00e7o","bem-estar","conforto","consultoria de interiores","design inteligente","materiais naturais","projeto online de interiores"],"articleSection":["Casa e Mente","Solu\u00e7\u00f5es Inteligentes"],"inLanguage":"en-US"},{"@type":"WebPage","@id":"https:\/\/bonsaiarquitetura.com.br\/cores-para-ambientes-pequenos\/","url":"https:\/\/bonsaiarquitetura.com.br\/cores-para-ambientes-pequenos\/","name":"Cores para ambientes pequenos: como ampliar espa\u00e7os - Bonsai Arquitetura e Interiores","isPartOf":{"@id":"https:\/\/bonsaiarquitetura.com.br\/#website"},"primaryImageOfPage":{"@id":"https:\/\/bonsaiarquitetura.com.br\/cores-para-ambientes-pequenos\/#primaryimage"},"image":{"@id":"https:\/\/bonsaiarquitetura.com.br\/cores-para-ambientes-pequenos\/#primaryimage"},"thumbnailUrl":"https:\/\/bonsaiarquitetura.com.br\/wp-content\/uploads\/2026\/06\/telhanorte-acrilica-tinta-fosca-cinza-tubarao-branco-bonsai-arquiteura.webp","datePublished":"2026-07-27T08:30:00+00:00","author":{"@id":"https:\/\/bonsaiarquitetura.com.br\/#\/schema\/person\/465bc7eea8e418533eb25b8c9d03318a"},"description":"Apartamento apertado? Veja como usar as cores para ambientes pequenos a seu favor com truques de pintura que esticam paredes e trazem leveza.","breadcrumb":{"@id":"https:\/\/bonsaiarquitetura.com.br\/cores-para-ambientes-pequenos\/#breadcrumb"},"inLanguage":"en-US","potentialAction":[{"@type":"ReadAction","target":["https:\/\/bonsaiarquitetura.com.br\/cores-para-ambientes-pequenos\/"]}]},{"@type":"ImageObject","inLanguage":"en-US","@id":"https:\/\/bonsaiarquitetura.com.br\/cores-para-ambientes-pequenos\/#primaryimage","url":"https:\/\/bonsaiarquitetura.com.br\/wp-content\/uploads\/2026\/06\/telhanorte-acrilica-tinta-fosca-cinza-tubarao-branco-bonsai-arquiteura.webp","contentUrl":"https:\/\/bonsaiarquitetura.com.br\/wp-content\/uploads\/2026\/06\/telhanorte-acrilica-tinta-fosca-cinza-tubarao-branco-bonsai-arquiteura.webp","width":700,"height":700},{"@type":"BreadcrumbList","@id":"https:\/\/bonsaiarquitetura.com.br\/cores-para-ambientes-pequenos\/#breadcrumb","itemListElement":[{"@type":"ListItem","position":1,"name":"In\u00edcio","item":"https:\/\/bonsaiarquitetura.com.br\/"},{"@type":"ListItem","position":2,"name":"Cores para ambientes pequenos: como ampliar espa\u00e7os com pintura"}]},{"@type":"WebSite","@id":"https:\/\/bonsaiarquitetura.com.br\/#website","url":"https:\/\/bonsaiarquitetura.com.br\/","name":"Bonsai Architecture and Interiors","description":"Projeto e Consultoria Online para Espa\u00e7os Compactos","potentialAction":[{"@type":"SearchAction","target":{"@type":"EntryPoint","urlTemplate":"https:\/\/bonsaiarquitetura.com.br\/?s={search_term_string}"},"query-input":{"@type":"PropertyValueSpecification","valueRequired":true,"valueName":"search_term_string"}}],"inLanguage":"en-US"},{"@type":"Person","@id":"https:\/\/bonsaiarquitetura.com.br\/#\/schema\/person\/465bc7eea8e418533eb25b8c9d03318a","name":"Bonsai Architecture","image":{"@type":"ImageObject","inLanguage":"en-US","@id":"https:\/\/secure.gravatar.com\/avatar\/1ddc926a66842c2b02b2afab2acc7220bb5730ce9cd0c9eb3e91f57f140ebdab?s=96&d=mm&r=g","url":"https:\/\/secure.gravatar.com\/avatar\/1ddc926a66842c2b02b2afab2acc7220bb5730ce9cd0c9eb3e91f57f140ebdab?s=96&d=mm&r=g","contentUrl":"https:\/\/secure.gravatar.com\/avatar\/1ddc926a66842c2b02b2afab2acc7220bb5730ce9cd0c9eb3e91f57f140ebdab?s=96&d=mm&r=g","caption":"Bonsai Arquitetura"},"sameAs":["https:\/\/bonsaiarquitetura.com.br"],"url":"https:\/\/bonsaiarquitetura.com.br\/en\/author\/bonsai\/"}]}},"_links":{"self":[{"href":"https:\/\/bonsaiarquitetura.com.br\/en\/wp-json\/wp\/v2\/posts\/2649","targetHints":{"allow":["GET"]}}],"collection":[{"href":"https:\/\/bonsaiarquitetura.com.br\/en\/wp-json\/wp\/v2\/posts"}],"about":[{"href":"https:\/\/bonsaiarquitetura.com.br\/en\/wp-json\/wp\/v2\/types\/post"}],"author":[{"embeddable":true,"href":"https:\/\/bonsaiarquitetura.com.br\/en\/wp-json\/wp\/v2\/users\/1"}],"replies":[{"embeddable":true,"href":"https:\/\/bonsaiarquitetura.com.br\/en\/wp-json\/wp\/v2\/comments?post=2649"}],"version-history":[{"count":4,"href":"https:\/\/bonsaiarquitetura.com.br\/en\/wp-json\/wp\/v2\/posts\/2649\/revisions"}],"predecessor-version":[{"id":2653,"href":"https:\/\/bonsaiarquitetura.com.br\/en\/wp-json\/wp\/v2\/posts\/2649\/revisions\/2653"}],"wp:featuredmedia":[{"embeddable":true,"href":"https:\/\/bonsaiarquitetura.com.br\/en\/wp-json\/wp\/v2\/media\/2643"}],"wp:attachment":[{"href":"https:\/\/bonsaiarquitetura.com.br\/en\/wp-json\/wp\/v2\/media?parent=2649"}],"wp:term":[{"taxonomy":"category","embeddable":true,"href":"https:\/\/bonsaiarquitetura.com.br\/en\/wp-json\/wp\/v2\/categories?post=2649"},{"taxonomy":"post_tag","embeddable":true,"href":"https:\/\/bonsaiarquitetura.com.br\/en\/wp-json\/wp\/v2\/tags?post=2649"}],"curies":[{"name":"wp","href":"https:\/\/api.w.org\/{rel}","templated":true}]}}