{"id":2658,"date":"2026-07-10T08:30:00","date_gmt":"2026-07-10T08:30:00","guid":{"rendered":"https:\/\/bonsaiarquitetura.com.br\/?p=2658"},"modified":"2026-08-06T12:11:34","modified_gmt":"2026-08-06T12:11:34","slug":"decorar-apartamento-alugado-no-exterior","status":"publish","type":"post","link":"https:\/\/bonsaiarquitetura.com.br\/en\/decorar-apartamento-alugado-no-exterior\/","title":{"rendered":"Otimizando a \u00e1rea social de um apartamento: O caso de Genebra"},"content":{"rendered":"<div style=\"height:100px\" aria-hidden=\"true\" class=\"wp-block-spacer is-style-dots\"><\/div>\n\n\n\n<p class=\"has-text-color has-link-color wp-elements-1 wp-block-paragraph\" style=\"color:#425261;font-size:18px;line-height:2\">Mudar de pa\u00eds traz uma enxurrada de emo\u00e7\u00f5es e o desejo profundo de fincar ra\u00edzes. Nesse sentido, um jovem casal de brasileiros que decidiu se estabelecer na Europa sentia falta de um lar de verdade.<\/p>\n\n\n\n<p class=\"has-text-color has-link-color wp-elements-2 wp-block-paragraph\" style=\"color:#425261;font-size:18px;line-height:2\">Morando em um im\u00f3vel em Genebra, na Su\u00ed\u00e7a, eles enfrentavam o desafio comum de quem vive fora. Como <strong>otimizar e decorar apartamento alugado no exterior<\/strong> expressando a pr\u00f3pria identidade e sem fazer reformas estruturais?<\/p>\n\n\n\n<p class=\"has-text-color has-link-color wp-elements-3 wp-block-paragraph\" style=\"color:#425261;font-size:18px;line-height:2\">A bagun\u00e7a visual e a m\u00e1 distribui\u00e7\u00e3o dos ambientes incomodavam a rotina do casal e da sua cachorrinha. Por isso, eles buscaram a nossa <strong>consultoria online<\/strong> para transformar a \u00e1rea social em um espa\u00e7o acolhedor e funcional.<\/p>\n\n\n\n<div style=\"height:50px\" aria-hidden=\"true\" class=\"wp-block-spacer is-style-dots\"><\/div>\n\n\n\n<p class=\"has-text-color has-link-color wp-elements-4 wp-block-paragraph\" style=\"color:#8c5737;font-size:25px;font-style:normal;font-weight:700;line-height:2\">\ud83c\udf3fO desafio do espa\u00e7o mal distribu\u00eddo e a bagun\u00e7a visual<\/p>\n\n\n\n<p class=\"has-text-color has-link-color wp-elements-5 wp-block-paragraph\" style=\"color:#425261;font-size:18px;line-height:2\">Antes de tudo, o apartamento n\u00e3o era pequeno, contudo, a distribui\u00e7\u00e3o confusa gerava um grande inc\u00f4modo. Os moradores haviam comprado um lindo sof\u00e1 verde-escuro, mas n\u00e3o faziam ideia de onde posicion\u00e1-lo.<\/p>\n\n\n\n<figure class=\"wp-block-gallery has-nested-images columns-2 is-cropped wp-block-gallery-1 is-layout-flex wp-block-gallery-is-layout-flex\" style=\"border-top-left-radius:10px;border-top-right-radius:10px;border-bottom-left-radius:10px;border-bottom-right-radius:10px\">\n<figure class=\"wp-block-image size-large has-custom-border\"><img fetchpriority=\"high\" decoding=\"async\" width=\"700\" height=\"700\" data-id=\"2670\" src=\"https:\/\/bonsaiarquitetura.com.br\/wp-content\/uploads\/2026\/07\/01-entrada-genebra-consultoria-online-bonsai-arquitetura.webp\" alt=\"\" class=\"wp-image-2670\" style=\"border-top-left-radius:10px;border-top-right-radius:10px;border-bottom-left-radius:10px;border-bottom-right-radius:10px\" srcset=\"https:\/\/bonsaiarquitetura.com.br\/wp-content\/uploads\/2026\/07\/01-entrada-genebra-consultoria-online-bonsai-arquitetura.webp 700w, https:\/\/bonsaiarquitetura.com.br\/wp-content\/uploads\/2026\/07\/01-entrada-genebra-consultoria-online-bonsai-arquitetura-300x300.webp 300w, https:\/\/bonsaiarquitetura.com.br\/wp-content\/uploads\/2026\/07\/01-entrada-genebra-consultoria-online-bonsai-arquitetura-150x150.webp 150w, https:\/\/bonsaiarquitetura.com.br\/wp-content\/uploads\/2026\/07\/01-entrada-genebra-consultoria-online-bonsai-arquitetura-12x12.webp 12w\" sizes=\"(max-width: 700px) 100vw, 700px\" \/><\/figure>\n\n\n\n<figure class=\"wp-block-image size-large has-custom-border\"><img decoding=\"async\" width=\"700\" height=\"700\" data-id=\"2672\" src=\"https:\/\/bonsaiarquitetura.com.br\/wp-content\/uploads\/2026\/07\/02-lareira-genebra-consultoria-online-bonsai-arquitetura.webp\" alt=\"\" class=\"wp-image-2672\" style=\"border-top-left-radius:10px;border-top-right-radius:10px;border-bottom-left-radius:10px;border-bottom-right-radius:10px\" srcset=\"https:\/\/bonsaiarquitetura.com.br\/wp-content\/uploads\/2026\/07\/02-lareira-genebra-consultoria-online-bonsai-arquitetura.webp 700w, https:\/\/bonsaiarquitetura.com.br\/wp-content\/uploads\/2026\/07\/02-lareira-genebra-consultoria-online-bonsai-arquitetura-300x300.webp 300w, https:\/\/bonsaiarquitetura.com.br\/wp-content\/uploads\/2026\/07\/02-lareira-genebra-consultoria-online-bonsai-arquitetura-150x150.webp 150w, https:\/\/bonsaiarquitetura.com.br\/wp-content\/uploads\/2026\/07\/02-lareira-genebra-consultoria-online-bonsai-arquitetura-12x12.webp 12w\" sizes=\"(max-width: 700px) 100vw, 700px\" \/><\/figure>\n\n\n\n<figure class=\"wp-block-image size-large has-custom-border\"><img decoding=\"async\" width=\"700\" height=\"700\" data-id=\"2674\" src=\"https:\/\/bonsaiarquitetura.com.br\/wp-content\/uploads\/2026\/07\/03-entrada-mudroom-genebra-consultoria-online-bonsai-arquitetura.webp\" alt=\"\" class=\"wp-image-2674\" style=\"border-top-left-radius:10px;border-top-right-radius:10px;border-bottom-left-radius:10px;border-bottom-right-radius:10px\" srcset=\"https:\/\/bonsaiarquitetura.com.br\/wp-content\/uploads\/2026\/07\/03-entrada-mudroom-genebra-consultoria-online-bonsai-arquitetura.webp 700w, https:\/\/bonsaiarquitetura.com.br\/wp-content\/uploads\/2026\/07\/03-entrada-mudroom-genebra-consultoria-online-bonsai-arquitetura-300x300.webp 300w, https:\/\/bonsaiarquitetura.com.br\/wp-content\/uploads\/2026\/07\/03-entrada-mudroom-genebra-consultoria-online-bonsai-arquitetura-150x150.webp 150w, https:\/\/bonsaiarquitetura.com.br\/wp-content\/uploads\/2026\/07\/03-entrada-mudroom-genebra-consultoria-online-bonsai-arquitetura-12x12.webp 12w\" sizes=\"(max-width: 700px) 100vw, 700px\" \/><\/figure>\n\n\n\n<figure class=\"wp-block-image size-large has-custom-border\"><img loading=\"lazy\" decoding=\"async\" width=\"700\" height=\"700\" data-id=\"2676\" src=\"https:\/\/bonsaiarquitetura.com.br\/wp-content\/uploads\/2026\/07\/04-armario-genebra-consultoria-online-bonsai-arquitetura.webp\" alt=\"\" class=\"wp-image-2676\" style=\"border-top-left-radius:10px;border-top-right-radius:10px;border-bottom-left-radius:10px;border-bottom-right-radius:10px\" srcset=\"https:\/\/bonsaiarquitetura.com.br\/wp-content\/uploads\/2026\/07\/04-armario-genebra-consultoria-online-bonsai-arquitetura.webp 700w, https:\/\/bonsaiarquitetura.com.br\/wp-content\/uploads\/2026\/07\/04-armario-genebra-consultoria-online-bonsai-arquitetura-300x300.webp 300w, https:\/\/bonsaiarquitetura.com.br\/wp-content\/uploads\/2026\/07\/04-armario-genebra-consultoria-online-bonsai-arquitetura-150x150.webp 150w, https:\/\/bonsaiarquitetura.com.br\/wp-content\/uploads\/2026\/07\/04-armario-genebra-consultoria-online-bonsai-arquitetura-12x12.webp 12w\" sizes=\"(max-width: 700px) 100vw, 700px\" \/><\/figure>\n<\/figure>\n\n\n\n<p class=\"has-text-color has-link-color wp-elements-6 wp-block-paragraph\" style=\"color:#425261;font-size:18px;line-height:2\">Al\u00e9m disso, a entrada do im\u00f3vel sofria com nichos improvisados que funcionavam como sapateiras. Essa configura\u00e7\u00e3o criava um ac\u00famulo visual pesado logo no primeiro passo para dentro de casa.<\/p>\n\n\n\n<p class=\"has-text-color has-link-color wp-elements-7 wp-block-paragraph\" style=\"color:#425261;font-size:18px;line-height:2\">O casal tamb\u00e9m precisava encaixar elementos complexos no mesmo ambiente. Eles queriam uma mesa de jantar, um espa\u00e7o de estar, a TV com o videogame e, prioritariamente, o piano do marido.<\/p>\n\n\n\n<figure class=\"wp-block-image aligncenter size-full is-resized has-custom-border is-style-rounded\"><img loading=\"lazy\" decoding=\"async\" width=\"700\" height=\"700\" src=\"https:\/\/bonsaiarquitetura.com.br\/wp-content\/uploads\/2026\/07\/entradar-apartamento-genebra-consultoria-online-bonsai-arquitetura.webp\" alt=\"\" class=\"wp-image-2663\" style=\"border-top-left-radius:10px;border-top-right-radius:10px;border-bottom-left-radius:10px;border-bottom-right-radius:10px;object-fit:cover;width:500px;height:500px\" srcset=\"https:\/\/bonsaiarquitetura.com.br\/wp-content\/uploads\/2026\/07\/entradar-apartamento-genebra-consultoria-online-bonsai-arquitetura.webp 700w, https:\/\/bonsaiarquitetura.com.br\/wp-content\/uploads\/2026\/07\/entradar-apartamento-genebra-consultoria-online-bonsai-arquitetura-300x300.webp 300w, https:\/\/bonsaiarquitetura.com.br\/wp-content\/uploads\/2026\/07\/entradar-apartamento-genebra-consultoria-online-bonsai-arquitetura-150x150.webp 150w, https:\/\/bonsaiarquitetura.com.br\/wp-content\/uploads\/2026\/07\/entradar-apartamento-genebra-consultoria-online-bonsai-arquitetura-12x12.webp 12w\" sizes=\"(max-width: 700px) 100vw, 700px\" \/><\/figure>\n\n\n\n<div style=\"height:50px\" aria-hidden=\"true\" class=\"wp-block-spacer is-style-dots\"><\/div>\n\n\n\n<h2 class=\"wp-block-heading has-text-color has-link-color wp-elements-8\" style=\"color:#8c5737;font-size:25px;font-style:normal;font-weight:700;line-height:2\">\ud83c\udf3f Solu\u00e7\u00f5es inteligentes para decorar apartamento alugado no exterior<\/h2>\n\n\n\n<p class=\"has-text-color has-link-color wp-elements-9 wp-block-paragraph\" style=\"color:#425261;font-size:18px;line-height:2\">A defini\u00e7\u00e3o do novo layout foi o verdadeiro cora\u00e7\u00e3o desse projeto de interiores. Atrav\u00e9s do nosso neuropsicobriefing, descobrimos que a TV havia perdido o protagonismo na rotina deles, servindo basicamente para jogar videogame.<\/p>\n\n\n\n<p class=\"has-text-color has-link-color wp-elements-10 wp-block-paragraph\" style=\"color:#425261;font-size:18px;line-height:2\">A partir dessa informa\u00e7\u00e3o, reduzimos o peso visual do aparelho usando um suporte de ch\u00e3o clean. Desse modo, o sof\u00e1 p\u00f4de ocupar a melhor parede e a socializa\u00e7\u00e3o virou a grande estrela da \u00e1rea social.<\/p>\n\n\n\n<figure class=\"wp-block-gallery has-nested-images columns-default is-cropped wp-block-gallery-2 is-layout-flex wp-block-gallery-is-layout-flex\">\n<figure class=\"wp-block-image size-large has-custom-border\"><img loading=\"lazy\" decoding=\"async\" width=\"700\" height=\"700\" data-id=\"2678\" src=\"https:\/\/bonsaiarquitetura.com.br\/wp-content\/uploads\/2026\/07\/05-mesa-de-jantar-genebra-consultoria-online-bonsai-arquitetura.webp\" alt=\"\" class=\"wp-image-2678\" style=\"border-top-left-radius:10px;border-top-right-radius:10px;border-bottom-left-radius:10px;border-bottom-right-radius:10px\" srcset=\"https:\/\/bonsaiarquitetura.com.br\/wp-content\/uploads\/2026\/07\/05-mesa-de-jantar-genebra-consultoria-online-bonsai-arquitetura.webp 700w, https:\/\/bonsaiarquitetura.com.br\/wp-content\/uploads\/2026\/07\/05-mesa-de-jantar-genebra-consultoria-online-bonsai-arquitetura-300x300.webp 300w, https:\/\/bonsaiarquitetura.com.br\/wp-content\/uploads\/2026\/07\/05-mesa-de-jantar-genebra-consultoria-online-bonsai-arquitetura-150x150.webp 150w, https:\/\/bonsaiarquitetura.com.br\/wp-content\/uploads\/2026\/07\/05-mesa-de-jantar-genebra-consultoria-online-bonsai-arquitetura-12x12.webp 12w\" sizes=\"(max-width: 700px) 100vw, 700px\" \/><\/figure>\n\n\n\n<figure class=\"wp-block-image size-large has-custom-border\"><img loading=\"lazy\" decoding=\"async\" width=\"700\" height=\"700\" data-id=\"2680\" src=\"https:\/\/bonsaiarquitetura.com.br\/wp-content\/uploads\/2026\/07\/06-planta-baixa-genebra-consultoria-online-bonsai-arquitetura.webp\" alt=\"\" class=\"wp-image-2680\" style=\"border-top-left-radius:10px;border-top-right-radius:10px;border-bottom-left-radius:10px;border-bottom-right-radius:10px\" srcset=\"https:\/\/bonsaiarquitetura.com.br\/wp-content\/uploads\/2026\/07\/06-planta-baixa-genebra-consultoria-online-bonsai-arquitetura.webp 700w, https:\/\/bonsaiarquitetura.com.br\/wp-content\/uploads\/2026\/07\/06-planta-baixa-genebra-consultoria-online-bonsai-arquitetura-300x300.webp 300w, https:\/\/bonsaiarquitetura.com.br\/wp-content\/uploads\/2026\/07\/06-planta-baixa-genebra-consultoria-online-bonsai-arquitetura-150x150.webp 150w, https:\/\/bonsaiarquitetura.com.br\/wp-content\/uploads\/2026\/07\/06-planta-baixa-genebra-consultoria-online-bonsai-arquitetura-12x12.webp 12w\" sizes=\"(max-width: 700px) 100vw, 700px\" \/><\/figure>\n\n\n\n<figure class=\"wp-block-image size-large has-custom-border\"><img loading=\"lazy\" decoding=\"async\" width=\"700\" height=\"700\" data-id=\"2682\" src=\"https:\/\/bonsaiarquitetura.com.br\/wp-content\/uploads\/2026\/07\/07-jantar-genebra-consultoria-online-bonsai-arquitetura.webp\" alt=\"\" class=\"wp-image-2682\" style=\"border-top-left-radius:10px;border-top-right-radius:10px;border-bottom-left-radius:10px;border-bottom-right-radius:10px\" srcset=\"https:\/\/bonsaiarquitetura.com.br\/wp-content\/uploads\/2026\/07\/07-jantar-genebra-consultoria-online-bonsai-arquitetura.webp 700w, https:\/\/bonsaiarquitetura.com.br\/wp-content\/uploads\/2026\/07\/07-jantar-genebra-consultoria-online-bonsai-arquitetura-300x300.webp 300w, https:\/\/bonsaiarquitetura.com.br\/wp-content\/uploads\/2026\/07\/07-jantar-genebra-consultoria-online-bonsai-arquitetura-150x150.webp 150w, https:\/\/bonsaiarquitetura.com.br\/wp-content\/uploads\/2026\/07\/07-jantar-genebra-consultoria-online-bonsai-arquitetura-12x12.webp 12w\" sizes=\"(max-width: 700px) 100vw, 700px\" \/><\/figure>\n<\/figure>\n\n\n\n<p class=\"has-text-color has-link-color wp-elements-11 wp-block-paragraph\" style=\"color:#425261;font-size:18px;line-height:2\">Para eliminar o inc\u00f4modo da entrada, sugerimos um arm\u00e1rio \u00fanico de grande porte com portas em palhinha. Al\u00e9m disso, posicionamos um espelho circular acima da lareira para rebater a luz natural e ampliar o espa\u00e7o.<\/p>\n\n\n\n<p class=\"has-text-color has-link-color wp-elements-12 wp-block-paragraph\" style=\"color:#425261;font-size:18px;line-height:2\">A antiga mesa redonda deu lugar a um modelo alongado com pontas arredondadas e cadeiras verde-musgo. Essa mudan\u00e7a liberou espa\u00e7o junto \u00e0 parede de vidro curva, onde criamos o charmoso &#8220;Cantinho do Puff&#8221; com tapete de juta.<\/p>\n\n\n\n<figure class=\"wp-block-image aligncenter size-full is-resized has-custom-border is-style-rounded\"><img loading=\"lazy\" decoding=\"async\" width=\"700\" height=\"700\" src=\"https:\/\/bonsaiarquitetura.com.br\/wp-content\/uploads\/2026\/07\/sala-jantar-apartamento-genebra-consultoria-online-bonsai-arquitetura-1.webp\" alt=\"\" class=\"wp-image-2685\" style=\"border-top-left-radius:10px;border-top-right-radius:10px;border-bottom-left-radius:10px;border-bottom-right-radius:10px;object-fit:cover;width:500px;height:500px\" srcset=\"https:\/\/bonsaiarquitetura.com.br\/wp-content\/uploads\/2026\/07\/sala-jantar-apartamento-genebra-consultoria-online-bonsai-arquitetura-1.webp 700w, https:\/\/bonsaiarquitetura.com.br\/wp-content\/uploads\/2026\/07\/sala-jantar-apartamento-genebra-consultoria-online-bonsai-arquitetura-1-300x300.webp 300w, https:\/\/bonsaiarquitetura.com.br\/wp-content\/uploads\/2026\/07\/sala-jantar-apartamento-genebra-consultoria-online-bonsai-arquitetura-1-150x150.webp 150w, https:\/\/bonsaiarquitetura.com.br\/wp-content\/uploads\/2026\/07\/sala-jantar-apartamento-genebra-consultoria-online-bonsai-arquitetura-1-12x12.webp 12w\" sizes=\"(max-width: 700px) 100vw, 700px\" \/><\/figure>\n\n\n\n<p class=\"has-text-color has-link-color wp-elements-13 wp-block-paragraph\" style=\"color:#425261;font-size:18px;line-height:2\">Por fim, o piano foi colocado estrategicamente atr\u00e1s da janela. Essa era a \u00fanica posi\u00e7\u00e3o vi\u00e1vel para garantir a circula\u00e7\u00e3o e uma persiana milim\u00e9trica garantiu o uso t\u00e9cnico sem impedir a abertura do v\u00e3o.<\/p>\n\n\n\n<div style=\"height:50px\" aria-hidden=\"true\" class=\"wp-block-spacer is-style-dots\"><\/div>\n\n\n\n<h3 class=\"wp-block-heading has-text-color has-link-color wp-elements-14\" style=\"color:#8c5737;font-size:25px;font-style:normal;font-weight:700;line-height:2\">\ud83c\udf3f Curadoria e escolhas pr\u00e1ticas para o dia a dia na Su\u00ed\u00e7a<\/h3>\n\n\n\n<p class=\"has-text-color has-link-color wp-elements-15 wp-block-paragraph\" style=\"color:#425261;font-size:18px;line-height:2\">Como o nosso atendimento \u00e9 feito de forma totalmente online, n\u00f3s ajudamos esse casal a escolher as pe\u00e7as certas em lojas locais. Dessa maneira, a montagem do espa\u00e7o ficou pr\u00e1tica e acess\u00edvel.<\/p>\n\n\n\n<p class=\"has-text-color has-link-color wp-elements-16 wp-block-paragraph\" style=\"color:#425261;font-size:18px;line-height:2\">Inclusive essa \u00e9 uma das grandes d\u00favidas sobre o nosso servi\u00e7o de atendimento remoto.<\/p>\n\n\n\n<p class=\"has-text-color has-link-color wp-elements-17 wp-block-paragraph\" style=\"color:#425261;font-size:18px;line-height:2\">Sim, aqui no Bonsai temos a preocupa\u00e7\u00e3o de sempre acompanhar o mercado de design global. E na europa por exemplo uma das nossas parceiras para ambientes exteriores \u00e9 a Vevor.<\/p>\n\n\n\n<p class=\"has-text-color has-link-color wp-elements-18 wp-block-paragraph\" style=\"color:#425261;font-size:18px;line-height:2\">Para a varanda, por exemplo, selecionamos m\u00f3veis modulares que suportam as intemp\u00e9ries do clima europeu e auxiliam na organiza\u00e7\u00e3o. Confira os principais itens utilizados:<\/p>\n\n\n\n<div style=\"height:50px\" aria-hidden=\"true\" class=\"wp-block-spacer is-style-dots\"><\/div>\n\n\n\n<figure class=\"wp-block-gallery has-nested-images columns-default is-cropped wp-block-gallery-3 is-layout-flex wp-block-gallery-is-layout-flex\">\n<figure class=\"wp-block-image size-large has-custom-border is-style-rounded\"><a href=\"https:\/\/www.awin1.com\/cread.php?awinmid=118431&amp;awinaffid=2656664&amp;ued=https%3A%2F%2Feur.vevor.com%2Fdeck-box-c_11727%2Fvevor-outdoor-wooden-storage-shed-waterproof-garden-tool-shed-31-5x63-8-inch-p_010426500056%3FrequestId%3D6a1e0c75d26e20452fb2c6b4\"><img loading=\"lazy\" decoding=\"async\" width=\"700\" height=\"700\" data-id=\"2656\" src=\"https:\/\/bonsaiarquitetura.com.br\/wp-content\/uploads\/2026\/06\/vevor-outdoor-storage-shed-large-wooden-projeto-consultoria-arquiteto-decorador-online-bonsai-arquitetura.webp\" alt=\"\" class=\"wp-image-2656\" style=\"border-top-left-radius:10px;border-top-right-radius:10px;border-bottom-left-radius:10px;border-bottom-right-radius:10px\" srcset=\"https:\/\/bonsaiarquitetura.com.br\/wp-content\/uploads\/2026\/06\/vevor-outdoor-storage-shed-large-wooden-projeto-consultoria-arquiteto-decorador-online-bonsai-arquitetura.webp 700w, https:\/\/bonsaiarquitetura.com.br\/wp-content\/uploads\/2026\/06\/vevor-outdoor-storage-shed-large-wooden-projeto-consultoria-arquiteto-decorador-online-bonsai-arquitetura-300x300.webp 300w, https:\/\/bonsaiarquitetura.com.br\/wp-content\/uploads\/2026\/06\/vevor-outdoor-storage-shed-large-wooden-projeto-consultoria-arquiteto-decorador-online-bonsai-arquitetura-150x150.webp 150w, https:\/\/bonsaiarquitetura.com.br\/wp-content\/uploads\/2026\/06\/vevor-outdoor-storage-shed-large-wooden-projeto-consultoria-arquiteto-decorador-online-bonsai-arquitetura-12x12.webp 12w\" sizes=\"(max-width: 700px) 100vw, 700px\" \/><\/a><figcaption class=\"wp-element-caption\"><a href=\"https:\/\/www.awin1.com\/cread.php?awinmid=118431&amp;awinaffid=2656664&amp;ued=https%3A%2F%2Feur.vevor.com%2Fdeck-box-c_11727%2Fvevor-outdoor-wooden-storage-shed-waterproof-garden-tool-shed-31-5x63-8-inch-p_010426500056%3FrequestId%3D6a1e0c75d26e20452fb2c6b4\"><mark style=\"background-color:rgba(0, 0, 0, 0);color:#425261\" class=\"has-inline-color\"><strong>Arm\u00e1rio Dep\u00f3sito Vevor<\/strong><\/mark><\/a><\/figcaption><\/figure>\n\n\n\n<figure class=\"wp-block-image size-large has-custom-border is-style-rounded\"><a href=\"https:\/\/www.awin1.com\/cread.php?awinmid=118431&amp;awinaffid=2656664&amp;ued=https%3A%2F%2Feur.vevor.com%2Fgarage-flooring-c_13547%2Fvevor-interlocking-deck-tiles-plastic-wood-10-pack-12-x12-waterproof-for-porch-p_010140393598\"><img loading=\"lazy\" decoding=\"async\" width=\"700\" height=\"700\" data-id=\"2657\" src=\"https:\/\/bonsaiarquitetura.com.br\/wp-content\/uploads\/2026\/06\/vevor-interlocking-deck-tiles-plastic-wood-projeto-consultoria-arquiteto-decorador-online-bonsai-arquitetura.webp\" alt=\"\" class=\"wp-image-2657\" style=\"border-top-left-radius:10px;border-top-right-radius:10px;border-bottom-left-radius:10px;border-bottom-right-radius:10px\" srcset=\"https:\/\/bonsaiarquitetura.com.br\/wp-content\/uploads\/2026\/06\/vevor-interlocking-deck-tiles-plastic-wood-projeto-consultoria-arquiteto-decorador-online-bonsai-arquitetura.webp 700w, https:\/\/bonsaiarquitetura.com.br\/wp-content\/uploads\/2026\/06\/vevor-interlocking-deck-tiles-plastic-wood-projeto-consultoria-arquiteto-decorador-online-bonsai-arquitetura-300x300.webp 300w, https:\/\/bonsaiarquitetura.com.br\/wp-content\/uploads\/2026\/06\/vevor-interlocking-deck-tiles-plastic-wood-projeto-consultoria-arquiteto-decorador-online-bonsai-arquitetura-150x150.webp 150w, https:\/\/bonsaiarquitetura.com.br\/wp-content\/uploads\/2026\/06\/vevor-interlocking-deck-tiles-plastic-wood-projeto-consultoria-arquiteto-decorador-online-bonsai-arquitetura-12x12.webp 12w\" sizes=\"(max-width: 700px) 100vw, 700px\" \/><\/a><figcaption class=\"wp-element-caption\"><a href=\"https:\/\/www.awin1.com\/cread.php?awinmid=118431&amp;awinaffid=2656664&amp;ued=https%3A%2F%2Feur.vevor.com%2Fgarage-flooring-c_13547%2Fvevor-interlocking-deck-tiles-plastic-wood-10-pack-12-x12-waterproof-for-porch-p_010140393598\"><mark style=\"background-color:rgba(0, 0, 0, 0);color:#425261\" class=\"has-inline-color\"><strong>Deck Vevo<\/strong>r<\/mark><\/a><\/figcaption><\/figure>\n\n\n\n<figure class=\"wp-block-image size-large has-custom-border is-style-rounded\"><a href=\"https:\/\/eur.vevor.com\/camping-table-c_12135\/vevor-balcony-hanging-table-25-x-24-in-patio-railing-bar-table-adjusable-p_010424616504\"><img loading=\"lazy\" decoding=\"async\" width=\"700\" height=\"700\" data-id=\"2655\" src=\"https:\/\/bonsaiarquitetura.com.br\/wp-content\/uploads\/2026\/06\/vevor-balcony-hanging-table-projeto-consultoria-arquiteto-decorador-online-bonsai-arquitetura.webp\" alt=\"\" class=\"wp-image-2655\" style=\"border-top-left-radius:10px;border-top-right-radius:10px;border-bottom-left-radius:10px;border-bottom-right-radius:10px\" srcset=\"https:\/\/bonsaiarquitetura.com.br\/wp-content\/uploads\/2026\/06\/vevor-balcony-hanging-table-projeto-consultoria-arquiteto-decorador-online-bonsai-arquitetura.webp 700w, https:\/\/bonsaiarquitetura.com.br\/wp-content\/uploads\/2026\/06\/vevor-balcony-hanging-table-projeto-consultoria-arquiteto-decorador-online-bonsai-arquitetura-300x300.webp 300w, https:\/\/bonsaiarquitetura.com.br\/wp-content\/uploads\/2026\/06\/vevor-balcony-hanging-table-projeto-consultoria-arquiteto-decorador-online-bonsai-arquitetura-150x150.webp 150w, https:\/\/bonsaiarquitetura.com.br\/wp-content\/uploads\/2026\/06\/vevor-balcony-hanging-table-projeto-consultoria-arquiteto-decorador-online-bonsai-arquitetura-12x12.webp 12w\" sizes=\"(max-width: 700px) 100vw, 700px\" \/><\/a><figcaption class=\"wp-element-caption\"><a href=\"https:\/\/eur.vevor.com\/camping-table-c_12135\/vevor-balcony-hanging-table-25-x-24-in-patio-railing-bar-table-adjusable-p_010424616504\"><strong><mark style=\"background-color:rgba(0, 0, 0, 0);color:#425261\" class=\"has-inline-color\">Mesa de apoio<\/mark><\/strong><\/a><\/figcaption><\/figure>\n<\/figure>\n\n\n\n<ul class=\"wp-block-list\">\n<li class=\"has-text-color has-link-color wp-elements-19\" style=\"color:#425261;font-size:18px;line-height:1.8\"><strong><a href=\"https:\/\/www.awin1.com\/cread.php?awinmid=118431&amp;awinaffid=2656664&amp;ued=https%3A%2F%2Feur.vevor.com%2Fdeck-box-c_11727%2Fvevor-outdoor-wooden-storage-shed-waterproof-garden-tool-shed-31-5x63-8-inch-p_010426500056%3FrequestId%3D6a1e0c75d26e20452fb2c6b4\">M\u00f3veis para exterior VEVOR (Arm\u00e1rio-Dep\u00f3sito)<\/a>:<\/strong> Um arm\u00e1rio robusto em madeira clara, perfeito para organizar materiais de limpeza e liberar a \u00e1rea interna. <\/li>\n\n\n\n<li class=\"has-text-color has-link-color wp-elements-20\" style=\"color:#425261;font-size:18px;line-height:1.8\"><strong><a href=\"https:\/\/eur.vevor.com\/camping-table-c_12135\/vevor-balcony-hanging-table-25-x-24-in-patio-railing-bar-table-adjusable-p_010424616504\">Mesa de apoio retr\u00e1til VEVOR<\/a>:<\/strong> Pe\u00e7a fixada no guarda-corpo que otimiza a circula\u00e7\u00e3o e serve de apoio perfeito para os momentos de <em>happy hour<\/em>. <\/li>\n\n\n\n<li class=\"has-text-color has-link-color wp-elements-21\" style=\"color:#425261;font-size:18px;line-height:1.8\"><strong><a href=\"https:\/\/www.awin1.com\/cread.php?awinmid=118431&amp;awinaffid=2656664&amp;ued=https%3A%2F%2Feur.vevor.com%2Fgarage-flooring-c_13547%2Fvevor-interlocking-deck-tiles-plastic-wood-10-pack-12-x12-waterproof-for-porch-p_010140393598\">Deck para piso VEVOR<\/a>:<\/strong> Placas modulares de madeira pl\u00e1stica que transformaram o ch\u00e3o da varanda, trazendo calor instant\u00e2neo ao ambiente externo. <\/li>\n<\/ul>\n\n\n\n<p class=\"has-text-color has-link-color wp-elements-22 wp-block-paragraph\" style=\"color:#425261;font-size:18px;line-height:2\">Se voc\u00ea tamb\u00e9m precisa desse tipo de direcionamento, conhe\u00e7a a nossa <a href=\"https:\/\/projetos.bonsaiarquitetura.com.br\/consultoria-online\/\" target=\"_blank\" rel=\"noreferrer noopener\"><strong>consultoria online<\/strong><\/a> e veja como transformar seu espa\u00e7o.<\/p>\n\n\n\n<div style=\"height:50px\" aria-hidden=\"true\" class=\"wp-block-spacer is-style-dots\"><\/div>\n\n\n\n<h3 class=\"wp-block-heading has-text-color has-link-color wp-elements-23\" style=\"color:#8c5737;font-size:25px;font-style:normal;font-weight:700;line-height:2\">\ud83c\udf3f O resultado: uma vida com identidade e aconchego na Europa<\/h3>\n\n\n\n<p class=\"has-text-color has-link-color wp-elements-24 wp-block-paragraph\" style=\"color:#425261;font-size:18px;line-height:2\">A cereja do bolo desse projeto foi conectar a decora\u00e7\u00e3o \u00e0 hist\u00f3ria afetiva dos moradores. Acima do sof\u00e1, colocamos uma tela imponente com uma paisagem de praia nas cores verde e terracota.<\/p>\n\n\n\n<figure class=\"wp-block-gallery has-nested-images columns-default is-cropped wp-block-gallery-4 is-layout-flex wp-block-gallery-is-layout-flex\">\n<figure class=\"wp-block-image size-large has-custom-border\"><img loading=\"lazy\" decoding=\"async\" width=\"700\" height=\"700\" data-id=\"2683\" src=\"https:\/\/bonsaiarquitetura.com.br\/wp-content\/uploads\/2026\/07\/08-espelho-genebra-consultoria-online-bonsai-arquitetura.webp\" alt=\"\" class=\"wp-image-2683\" style=\"border-top-left-radius:10px;border-top-right-radius:10px;border-bottom-left-radius:10px;border-bottom-right-radius:10px\" srcset=\"https:\/\/bonsaiarquitetura.com.br\/wp-content\/uploads\/2026\/07\/08-espelho-genebra-consultoria-online-bonsai-arquitetura.webp 700w, https:\/\/bonsaiarquitetura.com.br\/wp-content\/uploads\/2026\/07\/08-espelho-genebra-consultoria-online-bonsai-arquitetura-300x300.webp 300w, https:\/\/bonsaiarquitetura.com.br\/wp-content\/uploads\/2026\/07\/08-espelho-genebra-consultoria-online-bonsai-arquitetura-150x150.webp 150w, https:\/\/bonsaiarquitetura.com.br\/wp-content\/uploads\/2026\/07\/08-espelho-genebra-consultoria-online-bonsai-arquitetura-12x12.webp 12w\" sizes=\"(max-width: 700px) 100vw, 700px\" \/><\/figure>\n\n\n\n<figure class=\"wp-block-image size-large has-custom-border\"><img loading=\"lazy\" decoding=\"async\" width=\"700\" height=\"700\" data-id=\"2684\" src=\"https:\/\/bonsaiarquitetura.com.br\/wp-content\/uploads\/2026\/07\/09-projeto-genebra-consultoria-online-bonsai-arquitetura.webp\" alt=\"\" class=\"wp-image-2684\" style=\"border-top-left-radius:10px;border-top-right-radius:10px;border-bottom-left-radius:10px;border-bottom-right-radius:10px\" srcset=\"https:\/\/bonsaiarquitetura.com.br\/wp-content\/uploads\/2026\/07\/09-projeto-genebra-consultoria-online-bonsai-arquitetura.webp 700w, https:\/\/bonsaiarquitetura.com.br\/wp-content\/uploads\/2026\/07\/09-projeto-genebra-consultoria-online-bonsai-arquitetura-300x300.webp 300w, https:\/\/bonsaiarquitetura.com.br\/wp-content\/uploads\/2026\/07\/09-projeto-genebra-consultoria-online-bonsai-arquitetura-150x150.webp 150w, https:\/\/bonsaiarquitetura.com.br\/wp-content\/uploads\/2026\/07\/09-projeto-genebra-consultoria-online-bonsai-arquitetura-12x12.webp 12w\" sizes=\"(max-width: 700px) 100vw, 700px\" \/><\/figure>\n\n\n\n<figure class=\"wp-block-image size-large has-custom-border\"><img loading=\"lazy\" decoding=\"async\" width=\"700\" height=\"700\" data-id=\"2671\" src=\"https:\/\/bonsaiarquitetura.com.br\/wp-content\/uploads\/2026\/07\/10-ideia-lauout-apartamento-genebra-consultoria-online-bonsai-arquitetura.webp\" alt=\"\" class=\"wp-image-2671\" style=\"border-top-left-radius:10px;border-top-right-radius:10px;border-bottom-left-radius:10px;border-bottom-right-radius:10px\" srcset=\"https:\/\/bonsaiarquitetura.com.br\/wp-content\/uploads\/2026\/07\/10-ideia-lauout-apartamento-genebra-consultoria-online-bonsai-arquitetura.webp 700w, https:\/\/bonsaiarquitetura.com.br\/wp-content\/uploads\/2026\/07\/10-ideia-lauout-apartamento-genebra-consultoria-online-bonsai-arquitetura-300x300.webp 300w, https:\/\/bonsaiarquitetura.com.br\/wp-content\/uploads\/2026\/07\/10-ideia-lauout-apartamento-genebra-consultoria-online-bonsai-arquitetura-150x150.webp 150w, https:\/\/bonsaiarquitetura.com.br\/wp-content\/uploads\/2026\/07\/10-ideia-lauout-apartamento-genebra-consultoria-online-bonsai-arquitetura-12x12.webp 12w\" sizes=\"(max-width: 700px) 100vw, 700px\" \/><\/figure>\n\n\n\n<figure class=\"wp-block-image size-large has-custom-border\"><img loading=\"lazy\" decoding=\"async\" width=\"700\" height=\"700\" data-id=\"2673\" src=\"https:\/\/bonsaiarquitetura.com.br\/wp-content\/uploads\/2026\/07\/11-sala-tv-genebra-consultoria-online-bonsai-arquitetura.webp\" alt=\"\" class=\"wp-image-2673\" style=\"border-top-left-radius:10px;border-top-right-radius:10px;border-bottom-left-radius:10px;border-bottom-right-radius:10px\" srcset=\"https:\/\/bonsaiarquitetura.com.br\/wp-content\/uploads\/2026\/07\/11-sala-tv-genebra-consultoria-online-bonsai-arquitetura.webp 700w, https:\/\/bonsaiarquitetura.com.br\/wp-content\/uploads\/2026\/07\/11-sala-tv-genebra-consultoria-online-bonsai-arquitetura-300x300.webp 300w, https:\/\/bonsaiarquitetura.com.br\/wp-content\/uploads\/2026\/07\/11-sala-tv-genebra-consultoria-online-bonsai-arquitetura-150x150.webp 150w, https:\/\/bonsaiarquitetura.com.br\/wp-content\/uploads\/2026\/07\/11-sala-tv-genebra-consultoria-online-bonsai-arquitetura-12x12.webp 12w\" sizes=\"(max-width: 700px) 100vw, 700px\" \/><\/figure>\n\n\n\n<figure class=\"wp-block-image size-large has-custom-border\"><img loading=\"lazy\" decoding=\"async\" width=\"700\" height=\"700\" data-id=\"2675\" src=\"https:\/\/bonsaiarquitetura.com.br\/wp-content\/uploads\/2026\/07\/12-piano-genebra-consultoria-online-bonsai-arquitetura.webp\" alt=\"\" class=\"wp-image-2675\" style=\"border-top-left-radius:10px;border-top-right-radius:10px;border-bottom-left-radius:10px;border-bottom-right-radius:10px\" srcset=\"https:\/\/bonsaiarquitetura.com.br\/wp-content\/uploads\/2026\/07\/12-piano-genebra-consultoria-online-bonsai-arquitetura.webp 700w, https:\/\/bonsaiarquitetura.com.br\/wp-content\/uploads\/2026\/07\/12-piano-genebra-consultoria-online-bonsai-arquitetura-300x300.webp 300w, https:\/\/bonsaiarquitetura.com.br\/wp-content\/uploads\/2026\/07\/12-piano-genebra-consultoria-online-bonsai-arquitetura-150x150.webp 150w, https:\/\/bonsaiarquitetura.com.br\/wp-content\/uploads\/2026\/07\/12-piano-genebra-consultoria-online-bonsai-arquitetura-12x12.webp 12w\" sizes=\"(max-width: 700px) 100vw, 700px\" \/><\/figure>\n<\/figure>\n\n\n\n<div style=\"height:50px\" aria-hidden=\"true\" class=\"wp-block-spacer is-style-dots\"><\/div>\n\n\n\n<p class=\"has-text-color has-link-color wp-elements-25 wp-block-paragraph\" style=\"color:#425261;font-size:18px;line-height:2\">Esse toque de calor trouxe a energia do Brasil diretamente para os dias frios de Genebra. Nesse sentido, os elementos naturais conversam entre si e trazem uma sensa\u00e7\u00e3o de acolhimento imediato.<\/p>\n\n\n\n<figure class=\"wp-block-image aligncenter size-large is-resized has-custom-border\"><img loading=\"lazy\" decoding=\"async\" width=\"700\" height=\"700\" src=\"https:\/\/bonsaiarquitetura.com.br\/wp-content\/uploads\/2026\/07\/sala-estar-apartamento-genebra-consultoria-online-bonsai-arquitetura.webp\" alt=\"\" class=\"wp-image-2661\" style=\"border-top-left-radius:10px;border-top-right-radius:10px;border-bottom-left-radius:10px;border-bottom-right-radius:10px;object-fit:cover;width:500px;height:500px\" srcset=\"https:\/\/bonsaiarquitetura.com.br\/wp-content\/uploads\/2026\/07\/sala-estar-apartamento-genebra-consultoria-online-bonsai-arquitetura.webp 700w, https:\/\/bonsaiarquitetura.com.br\/wp-content\/uploads\/2026\/07\/sala-estar-apartamento-genebra-consultoria-online-bonsai-arquitetura-300x300.webp 300w, https:\/\/bonsaiarquitetura.com.br\/wp-content\/uploads\/2026\/07\/sala-estar-apartamento-genebra-consultoria-online-bonsai-arquitetura-150x150.webp 150w, https:\/\/bonsaiarquitetura.com.br\/wp-content\/uploads\/2026\/07\/sala-estar-apartamento-genebra-consultoria-online-bonsai-arquitetura-12x12.webp 12w\" sizes=\"(max-width: 700px) 100vw, 700px\" \/><\/figure>\n\n\n\n<p class=\"has-text-color has-link-color wp-elements-26 wp-block-paragraph\" style=\"color:#425261;font-size:18px;line-height:2\">Viver no exterior n\u00e3o precisa ser sin\u00f4nimo de morar em um lugar sem personalidade ou com cara de improvisado. Contudo, \u00e9 preciso intelig\u00eancia de layout para fazer o espa\u00e7o render.<\/p>\n\n\n\n<div style=\"height:50px\" aria-hidden=\"true\" class=\"wp-block-spacer is-style-dots\"><\/div>\n\n\n\n<h3 class=\"wp-block-heading has-text-color has-link-color wp-elements-27\" style=\"color:#8c5737;font-size:25px;font-style:normal;font-weight:700;line-height:2\">\ud83c\udf3f O calor do Brasil abra\u00e7ando os dias frios em Genebra<\/h3>\n\n\n\n<p class=\"has-text-color has-link-color wp-elements-28 wp-block-paragraph\" style=\"color:#425261;font-size:18px;font-style:normal;font-weight:400;line-height:2\">Em s\u00edntese, o apartamento alugado deixou de ser um espa\u00e7o mal aproveitado para se tornar um lar sofisticado e pronto para construir mem\u00f3rias. Agora, o casal desfruta de uma \u00e1rea que atende perfeitamente \u00e0 sua rotina real.<\/p>\n\n\n\n<figure class=\"wp-block-gallery has-nested-images columns-default is-cropped wp-block-gallery-5 is-layout-flex wp-block-gallery-is-layout-flex\">\n<figure class=\"wp-block-image size-large has-custom-border\"><img loading=\"lazy\" decoding=\"async\" width=\"700\" height=\"700\" data-id=\"2679\" src=\"https:\/\/bonsaiarquitetura.com.br\/wp-content\/uploads\/2026\/07\/14-varanda-genebra-consultoria-online-bonsai-arquitetura.webp\" alt=\"\" class=\"wp-image-2679\" style=\"border-top-left-radius:10px;border-top-right-radius:10px;border-bottom-left-radius:10px;border-bottom-right-radius:10px\" srcset=\"https:\/\/bonsaiarquitetura.com.br\/wp-content\/uploads\/2026\/07\/14-varanda-genebra-consultoria-online-bonsai-arquitetura.webp 700w, https:\/\/bonsaiarquitetura.com.br\/wp-content\/uploads\/2026\/07\/14-varanda-genebra-consultoria-online-bonsai-arquitetura-300x300.webp 300w, https:\/\/bonsaiarquitetura.com.br\/wp-content\/uploads\/2026\/07\/14-varanda-genebra-consultoria-online-bonsai-arquitetura-150x150.webp 150w, https:\/\/bonsaiarquitetura.com.br\/wp-content\/uploads\/2026\/07\/14-varanda-genebra-consultoria-online-bonsai-arquitetura-12x12.webp 12w\" sizes=\"(max-width: 700px) 100vw, 700px\" \/><\/figure>\n\n\n\n<figure class=\"wp-block-image size-large has-custom-border\"><img loading=\"lazy\" decoding=\"async\" width=\"700\" height=\"700\" data-id=\"2681\" src=\"https:\/\/bonsaiarquitetura.com.br\/wp-content\/uploads\/2026\/07\/15-multifuncional-genebra-consultoria-online-bonsai-arquitetura.webp\" alt=\"\" class=\"wp-image-2681\" style=\"border-top-left-radius:10px;border-top-right-radius:10px;border-bottom-left-radius:10px;border-bottom-right-radius:10px\" srcset=\"https:\/\/bonsaiarquitetura.com.br\/wp-content\/uploads\/2026\/07\/15-multifuncional-genebra-consultoria-online-bonsai-arquitetura.webp 700w, https:\/\/bonsaiarquitetura.com.br\/wp-content\/uploads\/2026\/07\/15-multifuncional-genebra-consultoria-online-bonsai-arquitetura-300x300.webp 300w, https:\/\/bonsaiarquitetura.com.br\/wp-content\/uploads\/2026\/07\/15-multifuncional-genebra-consultoria-online-bonsai-arquitetura-150x150.webp 150w, https:\/\/bonsaiarquitetura.com.br\/wp-content\/uploads\/2026\/07\/15-multifuncional-genebra-consultoria-online-bonsai-arquitetura-12x12.webp 12w\" sizes=\"(max-width: 700px) 100vw, 700px\" \/><\/figure>\n<\/figure>\n\n\n\n<div style=\"height:50px\" aria-hidden=\"true\" class=\"wp-block-spacer is-style-dots\"><\/div>\n\n\n\n<p class=\"has-text-color has-link-color wp-elements-29 wp-block-paragraph\" style=\"color:#425261;font-size:18px;font-style:normal;font-weight:400;line-height:2\">A \u00e1rea social finalmente respira, integrando m\u00fasica, recep\u00e7\u00f5es e descanso. Se voc\u00ea deseja esse mesmo sentimento para o seu endere\u00e7o atual, conte com o nosso time para criar o seu projeto.<\/p>\n\n\n\n<figure class=\"wp-block-image aligncenter size-large is-resized has-custom-border\"><img loading=\"lazy\" decoding=\"async\" width=\"700\" height=\"700\" src=\"https:\/\/bonsaiarquitetura.com.br\/wp-content\/uploads\/2026\/07\/varanda-apartamento-genebra-consultoria-online-bonsai-arquitetura.webp\" alt=\"\" class=\"wp-image-2666\" style=\"border-top-left-radius:10px;border-top-right-radius:10px;border-bottom-left-radius:10px;border-bottom-right-radius:10px;object-fit:cover;width:500px;height:500px\" srcset=\"https:\/\/bonsaiarquitetura.com.br\/wp-content\/uploads\/2026\/07\/varanda-apartamento-genebra-consultoria-online-bonsai-arquitetura.webp 700w, https:\/\/bonsaiarquitetura.com.br\/wp-content\/uploads\/2026\/07\/varanda-apartamento-genebra-consultoria-online-bonsai-arquitetura-300x300.webp 300w, https:\/\/bonsaiarquitetura.com.br\/wp-content\/uploads\/2026\/07\/varanda-apartamento-genebra-consultoria-online-bonsai-arquitetura-150x150.webp 150w, https:\/\/bonsaiarquitetura.com.br\/wp-content\/uploads\/2026\/07\/varanda-apartamento-genebra-consultoria-online-bonsai-arquitetura-12x12.webp 12w\" sizes=\"(max-width: 700px) 100vw, 700px\" \/><\/figure>\n\n\n\n<div style=\"height:50px\" aria-hidden=\"true\" class=\"wp-block-spacer is-style-dots\"><\/div>\n\n\n\n<h2 class=\"wp-block-heading has-text-color has-link-color wp-elements-30\" style=\"color:#8c5737;font-size:25px;font-style:normal;font-weight:700;line-height:2\">\ud83c\udf3f D\u00favidas sobre decorar apartamento alugado no exterior<\/h2>\n\n\n\n<p class=\"has-text-color has-link-color wp-elements-31 wp-block-paragraph\" style=\"color:#425261;font-size:18px;font-style:normal;font-weight:400;line-height:2\"><strong>Como decorar apartamento alugado no exterior sem fazer obras?<\/strong><\/p>\n\n\n\n<p class=\"has-text-color has-link-color wp-elements-32 wp-block-paragraph\" style=\"color:#425261;font-size:18px;font-style:normal;font-weight:400;line-height:2\">A melhor estrat\u00e9gia \u00e9 investir em um layout inteligente, m\u00f3veis multifuncionais e pe\u00e7as modulares de lojas locais. Elementos como tapetes, quadros e ilumina\u00e7\u00e3o transformam a atmosfera sem alterar a estrutura do im\u00f3vel.<\/p>\n\n\n\n<p class=\"has-text-color has-link-color wp-elements-33 wp-block-paragraph\" style=\"color:#425261;font-size:18px;font-style:normal;font-weight:400;line-height:2\"><strong>Como funciona a consultoria de interiores online para quem mora fora?<\/strong><\/p>\n\n\n\n<p class=\"has-text-color has-link-color wp-elements-34 wp-block-paragraph\" style=\"color:#425261;font-size:18px;font-style:normal;font-weight:400;line-height:2\">O processo \u00e9 feito \u00e0 dist\u00e2ncia por meio de reuni\u00f5es virtuais e question\u00e1rios de estilo. Voc\u00ea recebe o projeto em 3D e um guia de compras com links diretos de lojas do pa\u00eds onde voc\u00ea reside.<\/p>\n\n\n\n<p class=\"has-text-color has-link-color wp-elements-35 wp-block-paragraph\" style=\"color:#425261;font-size:18px;font-style:normal;font-weight:400;line-height:2\"><strong>\u00c9 poss\u00edvel colocar a identidade brasileira na decora\u00e7\u00e3o morando na Europa?<\/strong><\/p>\n\n\n\n<p class=\"has-text-color has-link-color wp-elements-36 wp-block-paragraph\" style=\"color:#425261;font-size:18px;font-style:normal;font-weight:400;line-height:2\">Sim. Isso pode ser feito atrav\u00e9s de composi\u00e7\u00f5es de cores quentes como o terracota, uso de texturas naturais como a palhinha e o algod\u00e3o, e a inser\u00e7\u00e3o de quadros ou objetos que remetam \u00e0s mem\u00f3rias afetivas do Brasil.<\/p>\n\n\n\n<div style=\"height:50px\" aria-hidden=\"true\" class=\"wp-block-spacer is-style-dots\"><\/div>\n\n\n\n<p class=\"has-text-color has-link-color wp-elements-37 wp-block-paragraph\" style=\"color:#8c5737;font-size:25px;line-height:2\">\ud83c\udf3f <strong>O seu pr\u00f3ximo passo!<\/strong><\/p>\n\n\n\n<p class=\"has-text-color has-link-color wp-elements-38 wp-block-paragraph\" style=\"color:#425261;font-size:18px;line-height:2\">Agora, o seu pr\u00f3ximo passo \u00e9 <a href=\"https:\/\/api.whatsapp.com\/send\/?phone=559899118046&amp;text&amp;type=phone_number&amp;app_absent=0\"><strong>entrar em contato conosco<\/strong><\/a>!&nbsp;<\/p>\n\n\n\n<p class=\"has-text-color has-link-color wp-elements-39 wp-block-paragraph\" style=\"color:#425261;font-size:18px;line-height:2\">Receba nosso direcionamento profissional para criar o projeto ideal para a sua casa.<\/p>\n\n\n\n<p class=\"has-text-color has-link-color wp-elements-40 wp-block-paragraph\" style=\"color:#425261;font-size:18px;line-height:2\">Se gostou deste artigo, veja tamb\u00e9m: <strong><a href=\"https:\/\/bonsaiarquitetura.com.br\/en\/consultoria-interiores-online-exterior\/\">Como funciona a consultoria de interiores online no exterior?<\/a><\/strong><\/p>\n\n\n\n<p class=\"has-text-color has-link-color wp-elements-41 wp-block-paragraph\" style=\"color:#425261;font-size:18px;line-height:2\">E, por fim, siga-nos no <a href=\"https:\/\/www.instagram.com\/bonsaiarquitetura\/\"><strong>Instagram<\/strong><\/a> e <a href=\"https:\/\/br.pinterest.com\/bonsaiarquitetura\/\"><strong>Pinterest<\/strong><\/a> para continuar recebendo nossos conte\u00fados e inspira\u00e7\u00f5es.<\/p>\n\n\n\n<div style=\"height:50px\" aria-hidden=\"true\" class=\"wp-block-spacer is-style-dots\"><\/div>\n\n\n\n<hr class=\"wp-block-separator has-alpha-channel-opacity\"\/>\n\n\n\n<p class=\"has-text-color has-link-color wp-elements-42 wp-block-paragraph\" style=\"color:#425261\">\ud83e\udeb4 <em>Este artigo pode conter links de marcas parceiras que amamos. Ao adquirir produtos por meio deles, voc\u00ea apoia o Bonsai Arquitetura e Interiores a continuar criando conte\u00fados inspiradores, sem custo adicional para voc\u00ea.<\/em><\/p>\n\n\n\n<div style=\"height:50px\" aria-hidden=\"true\" class=\"wp-block-spacer is-style-dots\"><\/div>\n\n\n\n<p class=\"has-text-color has-link-color wp-elements-43 wp-block-paragraph\" style=\"color:#425261;font-size:18px;line-height:2\"><\/p>\n\n\n\n<p class=\"wp-block-paragraph\"><\/p>","protected":false},"excerpt":{"rendered":"<p>Mudar de pa\u00eds traz uma enxurrada de emo\u00e7\u00f5es e o desejo profundo de fincar ra\u00edzes. Nesse sentido, um jovem casal de brasileiros que decidiu se estabelecer na Europa sentia falta de um lar de verdade. Morando em um im\u00f3vel em Genebra, na Su\u00ed\u00e7a, eles enfrentavam o desafio comum de quem vive fora. Como otimizar e [&hellip;]<\/p>\n","protected":false},"author":1,"featured_media":2666,"comment_status":"open","ping_status":"closed","sticky":false,"template":"","format":"standard","meta":{"footnotes":""},"categories":[27,23],"tags":[35,26,34,19,33,7,18],"class_list":["post-2658","post","type-post","status-publish","format-standard","has-post-thumbnail","hentry","category-identidade-e-raizes","category-projetos-e-consultoria-online","tag-apartamento-compacto","tag-aproveitamento-do-espaco","tag-consultoria-de-interiores","tag-design-inteligente","tag-identidade-cultural","tag-materiais-naturais","tag-organizacao-da-casa"],"yoast_head":"<!-- This site is optimized with the Yoast SEO plugin v28.3 - https:\/\/yoast.com\/product\/yoast-seo-wordpress\/ -->\n<title>Decorar apartamento alugado no exterior: caso Su\u00ed\u00e7a - Bonsai Arquitetura e Interiores<\/title>\n<meta name=\"description\" content=\"Veja como decorar apartamento alugado no exterior. Inspire-se com este projeto real em Genebra que uniu organiza\u00e7\u00e3o e aconchego.\" \/>\n<meta name=\"robots\" content=\"index, follow, max-snippet:-1, max-image-preview:large, max-video-preview:-1\" \/>\n<link rel=\"canonical\" href=\"https:\/\/bonsaiarquitetura.com.br\/en\/decorar-apartamento-alugado-no-exterior\/\" \/>\n<meta property=\"og:locale\" content=\"en_US\" \/>\n<meta property=\"og:type\" content=\"article\" \/>\n<meta property=\"og:title\" content=\"Decorar apartamento alugado no exterior: caso Su\u00ed\u00e7a - Bonsai Arquitetura e Interiores\" \/>\n<meta property=\"og:description\" content=\"Veja como decorar apartamento alugado no exterior. Inspire-se com este projeto real em Genebra que uniu organiza\u00e7\u00e3o e aconchego.\" \/>\n<meta property=\"og:url\" content=\"https:\/\/bonsaiarquitetura.com.br\/en\/decorar-apartamento-alugado-no-exterior\/\" \/>\n<meta property=\"og:site_name\" content=\"Bonsai Arquitetura e Interiores\" \/>\n<meta property=\"article:published_time\" content=\"2026-07-10T08:30:00+00:00\" \/>\n<meta property=\"article:modified_time\" content=\"2026-08-06T12:11:34+00:00\" \/>\n<meta property=\"og:image\" content=\"https:\/\/bonsaiarquitetura.com.br\/wp-content\/uploads\/2026\/07\/varanda-apartamento-genebra-consultoria-online-bonsai-arquitetura.webp\" \/>\n\t<meta property=\"og:image:width\" content=\"700\" \/>\n\t<meta property=\"og:image:height\" content=\"700\" \/>\n\t<meta property=\"og:image:type\" content=\"image\/webp\" \/>\n<meta name=\"author\" content=\"Bonsai Arquitetura\" \/>\n<meta name=\"twitter:card\" content=\"summary_large_image\" \/>\n<meta name=\"twitter:label1\" content=\"Written by\" \/>\n\t<meta name=\"twitter:data1\" content=\"Bonsai Arquitetura\" \/>\n\t<meta name=\"twitter:label2\" content=\"Est. reading time\" \/>\n\t<meta name=\"twitter:data2\" content=\"11 minutes\" \/>\n<script type=\"application\/ld+json\" class=\"yoast-schema-graph\">{\"@context\":\"https:\\\/\\\/schema.org\",\"@graph\":[{\"@type\":\"Article\",\"@id\":\"https:\\\/\\\/bonsaiarquitetura.com.br\\\/decorar-apartamento-alugado-no-exterior\\\/#article\",\"isPartOf\":{\"@id\":\"https:\\\/\\\/bonsaiarquitetura.com.br\\\/decorar-apartamento-alugado-no-exterior\\\/\"},\"author\":{\"name\":\"Bonsai Arquitetura\",\"@id\":\"https:\\\/\\\/bonsaiarquitetura.com.br\\\/#\\\/schema\\\/person\\\/465bc7eea8e418533eb25b8c9d03318a\"},\"headline\":\"Otimizando a \u00e1rea social de um apartamento: O caso de Genebra\",\"datePublished\":\"2026-07-10T08:30:00+00:00\",\"dateModified\":\"2026-08-06T12:11:34+00:00\",\"mainEntityOfPage\":{\"@id\":\"https:\\\/\\\/bonsaiarquitetura.com.br\\\/decorar-apartamento-alugado-no-exterior\\\/\"},\"wordCount\":1118,\"commentCount\":0,\"image\":{\"@id\":\"https:\\\/\\\/bonsaiarquitetura.com.br\\\/decorar-apartamento-alugado-no-exterior\\\/#primaryimage\"},\"thumbnailUrl\":\"https:\\\/\\\/bonsaiarquitetura.com.br\\\/wp-content\\\/uploads\\\/2026\\\/07\\\/varanda-apartamento-genebra-consultoria-online-bonsai-arquitetura.webp\",\"keywords\":[\"apartamento compacto\",\"aproveitamento do espa\u00e7o\",\"consultoria de interiores\",\"design inteligente\",\"identidade cultural\",\"materiais naturais\",\"organiza\u00e7\u00e3o da casa\"],\"articleSection\":[\"Identidade &amp; Ra\u00edzes\",\"Projetos e Consultoria Online\"],\"inLanguage\":\"en-US\",\"potentialAction\":[{\"@type\":\"CommentAction\",\"name\":\"Comment\",\"target\":[\"https:\\\/\\\/bonsaiarquitetura.com.br\\\/decorar-apartamento-alugado-no-exterior\\\/#respond\"]}]},{\"@type\":\"WebPage\",\"@id\":\"https:\\\/\\\/bonsaiarquitetura.com.br\\\/decorar-apartamento-alugado-no-exterior\\\/\",\"url\":\"https:\\\/\\\/bonsaiarquitetura.com.br\\\/decorar-apartamento-alugado-no-exterior\\\/\",\"name\":\"Decorar apartamento alugado no exterior: caso Su\u00ed\u00e7a - Bonsai Arquitetura e Interiores\",\"isPartOf\":{\"@id\":\"https:\\\/\\\/bonsaiarquitetura.com.br\\\/#website\"},\"primaryImageOfPage\":{\"@id\":\"https:\\\/\\\/bonsaiarquitetura.com.br\\\/decorar-apartamento-alugado-no-exterior\\\/#primaryimage\"},\"image\":{\"@id\":\"https:\\\/\\\/bonsaiarquitetura.com.br\\\/decorar-apartamento-alugado-no-exterior\\\/#primaryimage\"},\"thumbnailUrl\":\"https:\\\/\\\/bonsaiarquitetura.com.br\\\/wp-content\\\/uploads\\\/2026\\\/07\\\/varanda-apartamento-genebra-consultoria-online-bonsai-arquitetura.webp\",\"datePublished\":\"2026-07-10T08:30:00+00:00\",\"dateModified\":\"2026-08-06T12:11:34+00:00\",\"author\":{\"@id\":\"https:\\\/\\\/bonsaiarquitetura.com.br\\\/#\\\/schema\\\/person\\\/465bc7eea8e418533eb25b8c9d03318a\"},\"description\":\"Veja como decorar apartamento alugado no exterior. Inspire-se com este projeto real em Genebra que uniu organiza\u00e7\u00e3o e aconchego.\",\"breadcrumb\":{\"@id\":\"https:\\\/\\\/bonsaiarquitetura.com.br\\\/decorar-apartamento-alugado-no-exterior\\\/#breadcrumb\"},\"inLanguage\":\"en-US\",\"potentialAction\":[{\"@type\":\"ReadAction\",\"target\":[\"https:\\\/\\\/bonsaiarquitetura.com.br\\\/decorar-apartamento-alugado-no-exterior\\\/\"]}]},{\"@type\":\"ImageObject\",\"inLanguage\":\"en-US\",\"@id\":\"https:\\\/\\\/bonsaiarquitetura.com.br\\\/decorar-apartamento-alugado-no-exterior\\\/#primaryimage\",\"url\":\"https:\\\/\\\/bonsaiarquitetura.com.br\\\/wp-content\\\/uploads\\\/2026\\\/07\\\/varanda-apartamento-genebra-consultoria-online-bonsai-arquitetura.webp\",\"contentUrl\":\"https:\\\/\\\/bonsaiarquitetura.com.br\\\/wp-content\\\/uploads\\\/2026\\\/07\\\/varanda-apartamento-genebra-consultoria-online-bonsai-arquitetura.webp\",\"width\":700,\"height\":700},{\"@type\":\"BreadcrumbList\",\"@id\":\"https:\\\/\\\/bonsaiarquitetura.com.br\\\/decorar-apartamento-alugado-no-exterior\\\/#breadcrumb\",\"itemListElement\":[{\"@type\":\"ListItem\",\"position\":1,\"name\":\"In\u00edcio\",\"item\":\"https:\\\/\\\/bonsaiarquitetura.com.br\\\/\"},{\"@type\":\"ListItem\",\"position\":2,\"name\":\"Otimizando a \u00e1rea social de um apartamento: O caso de Genebra\"}]},{\"@type\":\"WebSite\",\"@id\":\"https:\\\/\\\/bonsaiarquitetura.com.br\\\/#website\",\"url\":\"https:\\\/\\\/bonsaiarquitetura.com.br\\\/\",\"name\":\"Bonsai Arquitetura e Interiores\",\"description\":\"Projeto e Consultoria Online para Espa\u00e7os Compactos\",\"potentialAction\":[{\"@type\":\"SearchAction\",\"target\":{\"@type\":\"EntryPoint\",\"urlTemplate\":\"https:\\\/\\\/bonsaiarquitetura.com.br\\\/?s={search_term_string}\"},\"query-input\":{\"@type\":\"PropertyValueSpecification\",\"valueRequired\":true,\"valueName\":\"search_term_string\"}}],\"inLanguage\":\"en-US\"},{\"@type\":\"Person\",\"@id\":\"https:\\\/\\\/bonsaiarquitetura.com.br\\\/#\\\/schema\\\/person\\\/465bc7eea8e418533eb25b8c9d03318a\",\"name\":\"Bonsai Arquitetura\",\"image\":{\"@type\":\"ImageObject\",\"inLanguage\":\"en-US\",\"@id\":\"https:\\\/\\\/secure.gravatar.com\\\/avatar\\\/1ddc926a66842c2b02b2afab2acc7220bb5730ce9cd0c9eb3e91f57f140ebdab?s=96&d=mm&r=g\",\"url\":\"https:\\\/\\\/secure.gravatar.com\\\/avatar\\\/1ddc926a66842c2b02b2afab2acc7220bb5730ce9cd0c9eb3e91f57f140ebdab?s=96&d=mm&r=g\",\"contentUrl\":\"https:\\\/\\\/secure.gravatar.com\\\/avatar\\\/1ddc926a66842c2b02b2afab2acc7220bb5730ce9cd0c9eb3e91f57f140ebdab?s=96&d=mm&r=g\",\"caption\":\"Bonsai Arquitetura\"},\"sameAs\":[\"https:\\\/\\\/bonsaiarquitetura.com.br\"],\"url\":\"https:\\\/\\\/bonsaiarquitetura.com.br\\\/en\\\/author\\\/bonsai\\\/\"}]}<\/script>\n<!-- \/ Yoast SEO plugin. -->","yoast_head_json":{"title":"Decorar apartamento alugado no exterior: caso Su\u00ed\u00e7a - Bonsai Arquitetura e Interiores","description":"Veja como decorar apartamento alugado no exterior. Inspire-se com este projeto real em Genebra que uniu organiza\u00e7\u00e3o e aconchego.","robots":{"index":"index","follow":"follow","max-snippet":"max-snippet:-1","max-image-preview":"max-image-preview:large","max-video-preview":"max-video-preview:-1"},"canonical":"https:\/\/bonsaiarquitetura.com.br\/en\/decorar-apartamento-alugado-no-exterior\/","og_locale":"en_US","og_type":"article","og_title":"Decorar apartamento alugado no exterior: caso Su\u00ed\u00e7a - Bonsai Arquitetura e Interiores","og_description":"Veja como decorar apartamento alugado no exterior. Inspire-se com este projeto real em Genebra que uniu organiza\u00e7\u00e3o e aconchego.","og_url":"https:\/\/bonsaiarquitetura.com.br\/en\/decorar-apartamento-alugado-no-exterior\/","og_site_name":"Bonsai Arquitetura e Interiores","article_published_time":"2026-07-10T08:30:00+00:00","article_modified_time":"2026-08-06T12:11:34+00:00","og_image":[{"width":700,"height":700,"url":"https:\/\/bonsaiarquitetura.com.br\/wp-content\/uploads\/2026\/07\/varanda-apartamento-genebra-consultoria-online-bonsai-arquitetura.webp","type":"image\/webp"}],"author":"Bonsai Arquitetura","twitter_card":"summary_large_image","twitter_misc":{"Written by":"Bonsai Arquitetura","Est. reading time":"11 minutes"},"schema":{"@context":"https:\/\/schema.org","@graph":[{"@type":"Article","@id":"https:\/\/bonsaiarquitetura.com.br\/decorar-apartamento-alugado-no-exterior\/#article","isPartOf":{"@id":"https:\/\/bonsaiarquitetura.com.br\/decorar-apartamento-alugado-no-exterior\/"},"author":{"name":"Bonsai Arquitetura","@id":"https:\/\/bonsaiarquitetura.com.br\/#\/schema\/person\/465bc7eea8e418533eb25b8c9d03318a"},"headline":"Otimizando a \u00e1rea social de um apartamento: O caso de Genebra","datePublished":"2026-07-10T08:30:00+00:00","dateModified":"2026-08-06T12:11:34+00:00","mainEntityOfPage":{"@id":"https:\/\/bonsaiarquitetura.com.br\/decorar-apartamento-alugado-no-exterior\/"},"wordCount":1118,"commentCount":0,"image":{"@id":"https:\/\/bonsaiarquitetura.com.br\/decorar-apartamento-alugado-no-exterior\/#primaryimage"},"thumbnailUrl":"https:\/\/bonsaiarquitetura.com.br\/wp-content\/uploads\/2026\/07\/varanda-apartamento-genebra-consultoria-online-bonsai-arquitetura.webp","keywords":["apartamento compacto","aproveitamento do espa\u00e7o","consultoria de interiores","design inteligente","identidade cultural","materiais naturais","organiza\u00e7\u00e3o da casa"],"articleSection":["Identidade &amp; Ra\u00edzes","Projetos e Consultoria Online"],"inLanguage":"en-US","potentialAction":[{"@type":"CommentAction","name":"Comment","target":["https:\/\/bonsaiarquitetura.com.br\/decorar-apartamento-alugado-no-exterior\/#respond"]}]},{"@type":"WebPage","@id":"https:\/\/bonsaiarquitetura.com.br\/decorar-apartamento-alugado-no-exterior\/","url":"https:\/\/bonsaiarquitetura.com.br\/decorar-apartamento-alugado-no-exterior\/","name":"Decorar apartamento alugado no exterior: caso Su\u00ed\u00e7a - Bonsai Arquitetura e Interiores","isPartOf":{"@id":"https:\/\/bonsaiarquitetura.com.br\/#website"},"primaryImageOfPage":{"@id":"https:\/\/bonsaiarquitetura.com.br\/decorar-apartamento-alugado-no-exterior\/#primaryimage"},"image":{"@id":"https:\/\/bonsaiarquitetura.com.br\/decorar-apartamento-alugado-no-exterior\/#primaryimage"},"thumbnailUrl":"https:\/\/bonsaiarquitetura.com.br\/wp-content\/uploads\/2026\/07\/varanda-apartamento-genebra-consultoria-online-bonsai-arquitetura.webp","datePublished":"2026-07-10T08:30:00+00:00","dateModified":"2026-08-06T12:11:34+00:00","author":{"@id":"https:\/\/bonsaiarquitetura.com.br\/#\/schema\/person\/465bc7eea8e418533eb25b8c9d03318a"},"description":"Veja como decorar apartamento alugado no exterior. Inspire-se com este projeto real em Genebra que uniu organiza\u00e7\u00e3o e aconchego.","breadcrumb":{"@id":"https:\/\/bonsaiarquitetura.com.br\/decorar-apartamento-alugado-no-exterior\/#breadcrumb"},"inLanguage":"en-US","potentialAction":[{"@type":"ReadAction","target":["https:\/\/bonsaiarquitetura.com.br\/decorar-apartamento-alugado-no-exterior\/"]}]},{"@type":"ImageObject","inLanguage":"en-US","@id":"https:\/\/bonsaiarquitetura.com.br\/decorar-apartamento-alugado-no-exterior\/#primaryimage","url":"https:\/\/bonsaiarquitetura.com.br\/wp-content\/uploads\/2026\/07\/varanda-apartamento-genebra-consultoria-online-bonsai-arquitetura.webp","contentUrl":"https:\/\/bonsaiarquitetura.com.br\/wp-content\/uploads\/2026\/07\/varanda-apartamento-genebra-consultoria-online-bonsai-arquitetura.webp","width":700,"height":700},{"@type":"BreadcrumbList","@id":"https:\/\/bonsaiarquitetura.com.br\/decorar-apartamento-alugado-no-exterior\/#breadcrumb","itemListElement":[{"@type":"ListItem","position":1,"name":"In\u00edcio","item":"https:\/\/bonsaiarquitetura.com.br\/"},{"@type":"ListItem","position":2,"name":"Otimizando a \u00e1rea social de um apartamento: O caso de Genebra"}]},{"@type":"WebSite","@id":"https:\/\/bonsaiarquitetura.com.br\/#website","url":"https:\/\/bonsaiarquitetura.com.br\/","name":"Bonsai Architecture and Interiors","description":"Projeto e Consultoria Online para Espa\u00e7os Compactos","potentialAction":[{"@type":"SearchAction","target":{"@type":"EntryPoint","urlTemplate":"https:\/\/bonsaiarquitetura.com.br\/?s={search_term_string}"},"query-input":{"@type":"PropertyValueSpecification","valueRequired":true,"valueName":"search_term_string"}}],"inLanguage":"en-US"},{"@type":"Person","@id":"https:\/\/bonsaiarquitetura.com.br\/#\/schema\/person\/465bc7eea8e418533eb25b8c9d03318a","name":"Bonsai Architecture","image":{"@type":"ImageObject","inLanguage":"en-US","@id":"https:\/\/secure.gravatar.com\/avatar\/1ddc926a66842c2b02b2afab2acc7220bb5730ce9cd0c9eb3e91f57f140ebdab?s=96&d=mm&r=g","url":"https:\/\/secure.gravatar.com\/avatar\/1ddc926a66842c2b02b2afab2acc7220bb5730ce9cd0c9eb3e91f57f140ebdab?s=96&d=mm&r=g","contentUrl":"https:\/\/secure.gravatar.com\/avatar\/1ddc926a66842c2b02b2afab2acc7220bb5730ce9cd0c9eb3e91f57f140ebdab?s=96&d=mm&r=g","caption":"Bonsai Arquitetura"},"sameAs":["https:\/\/bonsaiarquitetura.com.br"],"url":"https:\/\/bonsaiarquitetura.com.br\/en\/author\/bonsai\/"}]}},"_links":{"self":[{"href":"https:\/\/bonsaiarquitetura.com.br\/en\/wp-json\/wp\/v2\/posts\/2658","targetHints":{"allow":["GET"]}}],"collection":[{"href":"https:\/\/bonsaiarquitetura.com.br\/en\/wp-json\/wp\/v2\/posts"}],"about":[{"href":"https:\/\/bonsaiarquitetura.com.br\/en\/wp-json\/wp\/v2\/types\/post"}],"author":[{"embeddable":true,"href":"https:\/\/bonsaiarquitetura.com.br\/en\/wp-json\/wp\/v2\/users\/1"}],"replies":[{"embeddable":true,"href":"https:\/\/bonsaiarquitetura.com.br\/en\/wp-json\/wp\/v2\/comments?post=2658"}],"version-history":[{"count":4,"href":"https:\/\/bonsaiarquitetura.com.br\/en\/wp-json\/wp\/v2\/posts\/2658\/revisions"}],"predecessor-version":[{"id":2795,"href":"https:\/\/bonsaiarquitetura.com.br\/en\/wp-json\/wp\/v2\/posts\/2658\/revisions\/2795"}],"wp:featuredmedia":[{"embeddable":true,"href":"https:\/\/bonsaiarquitetura.com.br\/en\/wp-json\/wp\/v2\/media\/2666"}],"wp:attachment":[{"href":"https:\/\/bonsaiarquitetura.com.br\/en\/wp-json\/wp\/v2\/media?parent=2658"}],"wp:term":[{"taxonomy":"category","embeddable":true,"href":"https:\/\/bonsaiarquitetura.com.br\/en\/wp-json\/wp\/v2\/categories?post=2658"},{"taxonomy":"post_tag","embeddable":true,"href":"https:\/\/bonsaiarquitetura.com.br\/en\/wp-json\/wp\/v2\/tags?post=2658"}],"curies":[{"name":"wp","href":"https:\/\/api.w.org\/{rel}","templated":true}]}}