{"id":2713,"date":"2026-08-03T08:30:00","date_gmt":"2026-08-03T08:30:00","guid":{"rendered":"https:\/\/bonsaiarquitetura.com.br\/?p=2713"},"modified":"2026-07-23T20:34:51","modified_gmt":"2026-07-23T20:34:51","slug":"design-brasileiro-no-exterior","status":"publish","type":"post","link":"https:\/\/bonsaiarquitetura.com.br\/en\/design-brasileiro-no-exterior\/","title":{"rendered":"Como trazer o design brasileiro para apartamentos compactos no exterior"},"content":{"rendered":"<div style=\"height:100px\" aria-hidden=\"true\" class=\"wp-block-spacer is-style-dots\"><\/div>\n\n\n\n<p class=\"has-text-color has-link-color wp-elements-1 wp-block-paragraph\" style=\"color:#425261;font-size:18px;line-height:2\">Voltar para casa depois de um dia intenso deveria trazer uma sensa\u00e7\u00e3o imediata de conforto. Mas, para muitos brasileiros que vivem no exterior, acontece justamente o contr\u00e1rio. O apartamento \u00e9 bonito, organizado e funcional, por\u00e9m falta algo dif\u00edcil de explicar. Parece um im\u00f3vel alugado, um quarto de hotel ou um espa\u00e7o tempor\u00e1rio, mesmo depois de anos morando ali.<\/p>\n\n\n\n<p class=\"has-text-color has-link-color wp-elements-2 wp-block-paragraph\" style=\"color:#425261;font-size:18px;line-height:2\">Essa sensa\u00e7\u00e3o raramente tem rela\u00e7\u00e3o com o tamanho do apartamento ou com a qualidade dos m\u00f3veis. Na maioria das vezes, ela nasce da aus\u00eancia de identidade. A boa not\u00edcia \u00e9 que o <strong>design brasileiro para apartamentos compactos<\/strong> pode ajudar a reconstruir esse v\u00ednculo de forma sutil, elegante e profundamente afetiva, sem recorrer a clich\u00eas ou decora\u00e7\u00f5es tem\u00e1ticas.<\/p>\n\n\n\n<div style=\"height:50px\" aria-hidden=\"true\" class=\"wp-block-spacer is-style-dots\"><\/div>\n\n\n\n<h2 class=\"wp-block-heading has-text-color has-link-color wp-elements-3\" style=\"color:#8c5737;font-size:25px\">\ud83c\udf3fQuando a casa funciona, mas n\u00e3o representa quem voc\u00ea \u00e9?<\/h2>\n\n\n\n<p class=\"has-text-color has-link-color wp-elements-4 wp-block-paragraph\" style=\"color:#425261;font-size:18px;line-height:2\">Muitas pessoas acreditam que basta decorar para que um apartamento tenha personalidade. Compram objetos bonitos, seguem tend\u00eancias e reproduzem ambientes vistos nas redes sociais.<\/p>\n\n\n\n<p class=\"has-text-color has-link-color wp-elements-5 wp-block-paragraph\" style=\"color:#425261;font-size:18px;line-height:2\">O resultado costuma ser agrad\u00e1vel aos olhos, mas pouco significativo para quem vive ali.<\/p>\n\n\n\n<p class=\"has-text-color has-link-color wp-elements-6 wp-block-paragraph\" style=\"color:#425261;font-size:18px;line-height:2\">Isso acontece porque uma casa n\u00e3o \u00e9 constru\u00edda apenas por m\u00f3veis ou objetos. Visto que ela tamb\u00e9m \u00e9 formada pelas hist\u00f3rias que conta, pelos materiais que despertam lembran\u00e7as e pela maneira como acolhe a rotina.<\/p>\n\n\n\n<p class=\"has-text-color has-link-color wp-elements-7 wp-block-paragraph\" style=\"color:#425261;font-size:18px;line-height:2\">Para quem mora fora do Brasil, essa necessidade costuma ser ainda mais intensa. Pequenos detalhes podem despertar mem\u00f3rias da inf\u00e2ncia, das reuni\u00f5es de fam\u00edlia, da luz do fim da tarde ou do contato com a natureza que faz parte da cultura brasileira.<\/p>\n\n\n\n<p class=\"has-text-color has-link-color wp-elements-8 wp-block-paragraph\" style=\"color:#425261;font-size:18px;line-height:2\">Quando esses elementos desaparecem completamente, a casa pode perder sua capacidade de gerar pertencimento.<\/p>\n\n\n\n<div style=\"height:50px\" aria-hidden=\"true\" class=\"wp-block-spacer is-style-dots\"><\/div>\n\n\n\n<h2 class=\"wp-block-heading has-text-color has-link-color wp-elements-9\" style=\"color:#8c5737;font-size:25px;font-style:normal;font-weight:700;line-height:2\">\ud83c\udf3f A causa invis\u00edvel: identidade n\u00e3o se compra, ela se constr\u00f3i<\/h2>\n\n\n\n<p class=\"has-text-color has-link-color wp-elements-10 wp-block-paragraph\" style=\"color:#425261;font-size:18px;line-height:2\">Existe uma ideia bastante comum de que representar o Brasil significa usar bandeiras, muitas estampas tropicais ou exagerar nas cores.<\/p>\n\n\n\n<p class=\"has-text-color has-link-color wp-elements-11 wp-block-paragraph\" style=\"color:#425261;font-size:18px;line-height:2\">Ou seja, na pr\u00e1tica, o design brasileiro segue outro caminho.<\/p>\n\n\n\n<p class=\"has-text-color has-link-color wp-elements-12 wp-block-paragraph\" style=\"color:#425261;font-size:18px;line-height:2\">Sua ess\u00eancia est\u00e1 na simplicidade acolhedora, no uso de materiais naturais, na integra\u00e7\u00e3o entre interior e natureza, na valoriza\u00e7\u00e3o do artesanal e na presen\u00e7a de objetos que carregam mem\u00f3ria.<\/p>\n\n\n\n<p class=\"has-text-color has-link-color wp-elements-13 wp-block-paragraph\" style=\"color:#425261;font-size:18px;line-height:2\">Dessa forma, a psicoarquitetura mostra que nosso c\u00e9rebro cria v\u00ednculos emocionais com os ambientes atrav\u00e9s das experi\u00eancias sensoriais. Logo, texturas, ilumina\u00e7\u00e3o, cores e materiais despertam lembran\u00e7as antes mesmo de percebermos conscientemente.<\/p>\n\n\n\n<p class=\"has-text-color has-link-color wp-elements-14 wp-block-paragraph\" style=\"color:#425261;font-size:18px;line-height:2\">Por isso, um apartamento pode transmitir uma sensa\u00e7\u00e3o familiar mesmo estando a milhares de quil\u00f4metros do Brasil.<\/p>\n\n\n\n<p class=\"has-text-color has-link-color wp-elements-15 wp-block-paragraph\" style=\"color:#425261;font-size:18px;line-height:2\">Em outras palavras, quando essas escolhas fazem parte do projeto desde o in\u00edcio, o resultado \u00e9 muito mais consistente do que simplesmente adicionar elementos decorativos depois.<\/p>\n\n\n\n<p class=\"has-text-color has-link-color wp-elements-16 wp-block-paragraph\" style=\"color:#425261;font-size:18px;line-height:2\">Se voc\u00ea deseja adaptar essas ideias ao seu pr\u00f3prio apartamento, uma boa alternativa \u00e9 contar com uma orienta\u00e7\u00e3o profissional atrav\u00e9s da nossa <a href=\"https:\/\/projetos.bonsaiarquitetura.com.br\/consultoria-online\/\"><strong>consultoria online<\/strong><\/a> no Bonsai Arquitetura:<br><\/p>\n\n\n\n<div style=\"height:50px\" aria-hidden=\"true\" class=\"wp-block-spacer is-style-dots\"><\/div>\n\n\n\n<h2 class=\"wp-block-heading has-text-color has-link-color wp-elements-17\" style=\"color:#8c5737;font-size:25px;font-style:normal;font-weight:700;line-height:2\">\ud83c\udf3f Como aplicar essas ideias na pr\u00e1tica<\/h2>\n\n\n\n<p class=\"has-text-color has-link-color wp-elements-18 wp-block-paragraph\" style=\"color:#425261;font-size:18px;line-height:2\">Trazer a ess\u00eancia do design brasileiro n\u00e3o significa reproduzir uma est\u00e9tica espec\u00edfica. Ou seja, o objetivo \u00e9 criar uma atmosfera.<\/p>\n\n\n\n<p class=\"has-text-color has-link-color wp-elements-19 wp-block-paragraph\" style=\"color:#425261;font-size:18px;line-height:2\">Comece pelos materiais.<\/p>\n\n\n\n<p class=\"has-text-color has-link-color wp-elements-20 wp-block-paragraph\" style=\"color:#425261;font-size:18px;line-height:2\">A madeira natural transmite calor visual e aproxima o ambiente da natureza. Mesmo em pequenas doses, como uma prateleira, uma mesa lateral ou um cabideiro, ela muda completamente a percep\u00e7\u00e3o do espa\u00e7o.<\/p>\n\n\n\n<p class=\"has-text-color has-link-color wp-elements-21 wp-block-paragraph\" style=\"color:#425261;font-size:18px;line-height:2\">As fibras naturais tamb\u00e9m cumprem esse papel. Rattan, palha e linho adicionam textura sem sobrecarregar apartamentos compactos.<\/p>\n\n\n\n<p class=\"has-text-color has-link-color wp-elements-22 wp-block-paragraph\" style=\"color:#425261;font-size:18px;line-height:2\">Outro elemento importante \u00e9 a ilumina\u00e7\u00e3o.<\/p>\n\n\n\n<p class=\"has-text-color has-link-color wp-elements-23 wp-block-paragraph\" style=\"color:#425261;font-size:18px;line-height:2\">Luzes muito frias costumam deixar os ambientes impessoais. J\u00e1 uma ilumina\u00e7\u00e3o quente cria uma atmosfera mais acolhedora e aproxima a experi\u00eancia de morar daquela sensa\u00e7\u00e3o agrad\u00e1vel das casas brasileiras.<\/p>\n\n\n\n<p class=\"has-text-color has-link-color wp-elements-24 wp-block-paragraph\" style=\"color:#425261;font-size:18px;line-height:2\">As plantas tamb\u00e9m fazem parte dessa linguagem.<\/p>\n\n\n\n<p class=\"has-text-color has-link-color wp-elements-25 wp-block-paragraph\" style=\"color:#425261;font-size:18px;line-height:2\">N\u00e3o \u00e9 necess\u00e1rio criar uma floresta dentro de casa. Algumas esp\u00e9cies bem posicionadas j\u00e1 fortalecem essa conex\u00e3o entre interior e natureza, caracter\u00edstica marcante da arquitetura brasileira.<\/p>\n\n\n\n<p class=\"has-text-color has-link-color wp-elements-26 wp-block-paragraph\" style=\"color:#425261;font-size:18px;line-height:2\">A arte merece aten\u00e7\u00e3o especial.<\/p>\n\n\n\n<p class=\"has-text-color has-link-color wp-elements-27 wp-block-paragraph\" style=\"color:#425261;font-size:18px;line-height:2\">Em vez de preencher paredes apenas com imagens gen\u00e9ricas, escolha obras que contem hist\u00f3rias. Ilustra\u00e7\u00f5es inspiradas na cultura brasileira, paisagens, cer\u00e2micas ou trabalhos de artistas nacionais ajudam a criar identidade sem transformar a decora\u00e7\u00e3o em um tema.<\/p>\n\n\n\n<p class=\"has-text-color has-link-color wp-elements-28 wp-block-paragraph\" style=\"color:#425261;font-size:18px;line-height:2\">Por fim, pratique a curadoria.<\/p>\n\n\n\n<p class=\"has-text-color has-link-color wp-elements-29 wp-block-paragraph\" style=\"color:#425261;font-size:18px;line-height:2\">Em apartamentos pequenos, menos objetos quase sempre produzem mais significado.<\/p>\n\n\n\n<p class=\"has-text-color has-link-color wp-elements-30 wp-block-paragraph\" style=\"color:#425261;font-size:18px;line-height:2\">Cada pe\u00e7a deve ter uma fun\u00e7\u00e3o, uma mem\u00f3ria ou uma inten\u00e7\u00e3o clara. Quando tudo possui um motivo para estar ali, o ambiente ganha personalidade naturalmente.<\/p>\n\n\n\n<div style=\"height:50px\" aria-hidden=\"true\" class=\"wp-block-spacer is-style-dots\"><\/div>\n\n\n\n<h2 class=\"wp-block-heading has-text-color has-link-color wp-elements-31\" style=\"color:#8c5737;font-size:25px;font-style:normal;font-weight:700;line-height:2\">\ud83c\udf3f A atmosfera final: quando o apartamento come\u00e7a a contar sua hist\u00f3ria<\/h2>\n\n\n\n<p class=\"has-text-color has-link-color wp-elements-32 wp-block-paragraph\" style=\"color:#425261;font-size:18px;line-height:2\">Existe um momento interessante durante um projeto de arquitetura.<\/p>\n\n\n\n<p class=\"has-text-color has-link-color wp-elements-33 wp-block-paragraph\" style=\"color:#425261;font-size:18px;line-height:2\">Ele acontece quando o cliente deixa de dizer &#8220;meu apartamento est\u00e1 bonito&#8221; e passa a dizer &#8220;agora ele parece minha casa&#8221;.<\/p>\n\n\n\n<p class=\"has-text-color has-link-color wp-elements-34 wp-block-paragraph\" style=\"color:#425261;font-size:18px;line-height:2\">Essa mudan\u00e7a n\u00e3o acontece porque surgiram mais objetos.<\/p>\n\n\n\n<p class=\"has-text-color has-link-color wp-elements-35 wp-block-paragraph\" style=\"color:#425261;font-size:18px;line-height:2\">Ela acontece porque o ambiente passou a refletir quem mora ali.<\/p>\n\n\n\n<p class=\"has-text-color has-link-color wp-elements-36 wp-block-paragraph\" style=\"color:#425261;font-size:18px;line-height:2\">A madeira aquece o olhar.<\/p>\n\n\n\n<p class=\"has-text-color has-link-color wp-elements-37 wp-block-paragraph\" style=\"color:#425261;font-size:18px;line-height:2\">A luz convida ao descanso.<\/p>\n\n\n\n<p class=\"has-text-color has-link-color wp-elements-38 wp-block-paragraph\" style=\"color:#425261;font-size:18px;line-height:2\">Uma obra de arte desperta lembran\u00e7as.<\/p>\n\n\n\n<p class=\"has-text-color has-link-color wp-elements-39 wp-block-paragraph\" style=\"color:#425261;font-size:18px;line-height:2\">Uma pe\u00e7a artesanal conecta diferentes momentos da vida.<\/p>\n\n\n\n<p class=\"has-text-color has-link-color wp-elements-40 wp-block-paragraph\" style=\"color:#425261;font-size:18px;line-height:2\">Mesmo em poucos metros quadrados, essas escolhas criam uma sensa\u00e7\u00e3o dif\u00edcil de medir, mas f\u00e1cil de sentir.<\/p>\n\n\n\n<p class=\"has-text-color has-link-color wp-elements-41 wp-block-paragraph\" style=\"color:#425261;font-size:18px;line-height:2\">A casa deixa de ser apenas um endere\u00e7o e passa a participar da rotina, das mem\u00f3rias e da constru\u00e7\u00e3o da pr\u00f3pria identidade.<\/p>\n\n\n\n<div style=\"height:50px\" aria-hidden=\"true\" class=\"wp-block-spacer is-style-dots\"><\/div>\n\n\n\n<h2 class=\"wp-block-heading has-text-color has-link-color wp-elements-42\" style=\"color:#8c5737;font-size:25px;font-style:normal;font-weight:700;line-height:2\">\ud83c\udf3f Monte esse clima na sua casa<\/h2>\n\n\n\n<p class=\"has-text-color has-link-color wp-elements-43 wp-block-paragraph\" style=\"color:#425261;font-size:18px;font-style:normal;font-weight:400;line-height:2\">Os produtos abaixo seguem os princ\u00edpios apresentados neste artigo e podem ajudar voc\u00ea a criar esse ambiente na sua casa. Selecionamos itens da Amazon com o mesmo olhar que utilizamos em nossos projetos de arquitetura, priorizando conforto, funcionalidade e identidade.<\/p>\n\n\n\n<h3 class=\"wp-block-heading has-text-color has-link-color wp-elements-44\" style=\"color:#425261;font-size:18px\">\ud83c\udf3f<strong>Arte e Quadros<\/strong><\/h3>\n\n\n\n<p class=\"has-text-color has-link-color wp-elements-45 wp-block-paragraph\" style=\"color:#425261;font-size:18px;font-style:normal;font-weight:400;line-height:2\">Quadros que remetem ao Sert\u00e3o Nordestino e sua cultura. <\/p>\n\n\n\n<p class=\"has-text-color has-link-color wp-elements-46 wp-block-paragraph\" style=\"color:#425261;font-size:18px;font-style:normal;font-weight:400;line-height:2\">Uma composi\u00e7\u00e3o que valoriza paisagens brasileiras de forma contempor\u00e2nea, trazendo mem\u00f3ria e identidade sem exageros.<\/p>\n\n\n\n<p class=\"has-text-color has-link-color wp-elements-47 wp-block-paragraph\" style=\"color:#425261;font-size:18px;font-style:normal;font-weight:400;line-height:2\">Ideal para criar um ponto de destaque cheio de significado e aproximar o ambiente da cultura brasileira.<\/p>\n\n\n\n<figure class=\"wp-block-gallery has-nested-images columns-default is-cropped wp-block-gallery-1 is-layout-flex wp-block-gallery-is-layout-flex\">\n<figure class=\"wp-block-image size-large has-custom-border\"><a href=\"https:\/\/link.amazon\/B02Mp1TCa\"><img fetchpriority=\"high\" decoding=\"async\" width=\"700\" height=\"700\" data-id=\"2691\" src=\"https:\/\/bonsaiarquitetura.com.br\/wp-content\/uploads\/2026\/07\/amazon-kit-quadros-decorativos-cactos-coloridos-com-moldura-bonsai-arquitetura.webp\" alt=\"\" class=\"wp-image-2691\" style=\"border-top-left-radius:10px;border-top-right-radius:10px;border-bottom-left-radius:10px;border-bottom-right-radius:10px\" srcset=\"https:\/\/bonsaiarquitetura.com.br\/wp-content\/uploads\/2026\/07\/amazon-kit-quadros-decorativos-cactos-coloridos-com-moldura-bonsai-arquitetura.webp 700w, https:\/\/bonsaiarquitetura.com.br\/wp-content\/uploads\/2026\/07\/amazon-kit-quadros-decorativos-cactos-coloridos-com-moldura-bonsai-arquitetura-300x300.webp 300w, https:\/\/bonsaiarquitetura.com.br\/wp-content\/uploads\/2026\/07\/amazon-kit-quadros-decorativos-cactos-coloridos-com-moldura-bonsai-arquitetura-150x150.webp 150w, https:\/\/bonsaiarquitetura.com.br\/wp-content\/uploads\/2026\/07\/amazon-kit-quadros-decorativos-cactos-coloridos-com-moldura-bonsai-arquitetura-12x12.webp 12w\" sizes=\"(max-width: 700px) 100vw, 700px\" \/><\/a><figcaption class=\"wp-element-caption\"><a href=\"https:\/\/link.amazon\/B02Mp1TCa\"><strong><mark style=\"background-color:rgba(0, 0, 0, 0);color:#425261\" class=\"has-inline-color\">Cactos Coloridos Com Moldura<\/mark><\/strong><\/a><\/figcaption><\/figure>\n\n\n\n<figure class=\"wp-block-image size-large has-custom-border is-style-rounded\"><a href=\"https:\/\/link.amazon\/B0hQz7sa7\"><img decoding=\"async\" width=\"700\" height=\"700\" data-id=\"2690\" src=\"https:\/\/bonsaiarquitetura.com.br\/wp-content\/uploads\/2026\/07\/amazon-quadro-nao-sei-so-sei-que-foi-assim-com-moldura-arte-nordestina-sertao-bonsai-arquitetura.webp\" alt=\"\" class=\"wp-image-2690\" style=\"border-top-left-radius:10px;border-top-right-radius:10px;border-bottom-left-radius:10px;border-bottom-right-radius:10px\" srcset=\"https:\/\/bonsaiarquitetura.com.br\/wp-content\/uploads\/2026\/07\/amazon-quadro-nao-sei-so-sei-que-foi-assim-com-moldura-arte-nordestina-sertao-bonsai-arquitetura.webp 700w, https:\/\/bonsaiarquitetura.com.br\/wp-content\/uploads\/2026\/07\/amazon-quadro-nao-sei-so-sei-que-foi-assim-com-moldura-arte-nordestina-sertao-bonsai-arquitetura-300x300.webp 300w, https:\/\/bonsaiarquitetura.com.br\/wp-content\/uploads\/2026\/07\/amazon-quadro-nao-sei-so-sei-que-foi-assim-com-moldura-arte-nordestina-sertao-bonsai-arquitetura-150x150.webp 150w, https:\/\/bonsaiarquitetura.com.br\/wp-content\/uploads\/2026\/07\/amazon-quadro-nao-sei-so-sei-que-foi-assim-com-moldura-arte-nordestina-sertao-bonsai-arquitetura-12x12.webp 12w\" sizes=\"(max-width: 700px) 100vw, 700px\" \/><\/a><figcaption class=\"wp-element-caption\"><strong><a href=\"https:\/\/link.amazon\/B0hQz7sa7\"><mark style=\"background-color:rgba(0, 0, 0, 0);color:#425261\" class=\"has-inline-color\">N\u00e3o Sei S\u00f3 Sei Que Foi Assim<\/mark><\/a><\/strong><\/figcaption><\/figure>\n\n\n\n<figure class=\"wp-block-image size-large has-custom-border is-style-rounded\"><a href=\"https:\/\/link.amazon\/B09iULEbc\"><img decoding=\"async\" width=\"700\" height=\"700\" data-id=\"2689\" src=\"https:\/\/bonsaiarquitetura.com.br\/wp-content\/uploads\/2026\/07\/amazon-quadro-nordeste-cacto-sertao-bonsai-arquitetura.webp\" alt=\"\" class=\"wp-image-2689\" style=\"border-top-left-radius:10px;border-top-right-radius:10px;border-bottom-left-radius:10px;border-bottom-right-radius:10px\" srcset=\"https:\/\/bonsaiarquitetura.com.br\/wp-content\/uploads\/2026\/07\/amazon-quadro-nordeste-cacto-sertao-bonsai-arquitetura.webp 700w, https:\/\/bonsaiarquitetura.com.br\/wp-content\/uploads\/2026\/07\/amazon-quadro-nordeste-cacto-sertao-bonsai-arquitetura-300x300.webp 300w, https:\/\/bonsaiarquitetura.com.br\/wp-content\/uploads\/2026\/07\/amazon-quadro-nordeste-cacto-sertao-bonsai-arquitetura-150x150.webp 150w, https:\/\/bonsaiarquitetura.com.br\/wp-content\/uploads\/2026\/07\/amazon-quadro-nordeste-cacto-sertao-bonsai-arquitetura-12x12.webp 12w\" sizes=\"(max-width: 700px) 100vw, 700px\" \/><\/a><figcaption class=\"wp-element-caption\"><a href=\"https:\/\/link.amazon\/B09iULEbc\"><strong><mark style=\"background-color:rgba(0, 0, 0, 0);color:#425261\" class=\"has-inline-color\">Quadro Nordeste Cactos Sert\u00e3o<\/mark><\/strong><\/a><\/figcaption><\/figure>\n<\/figure>\n\n\n\n<div style=\"height:50px\" aria-hidden=\"true\" class=\"wp-block-spacer is-style-dots\"><\/div>\n\n\n\n<h3 class=\"wp-block-heading has-text-color has-link-color wp-elements-48\" style=\"color:#425261;font-size:18px\">\ud83c\udf3f<strong>Materiais e Texturas<\/strong><\/h3>\n\n\n\n<p class=\"has-text-color has-link-color wp-elements-49 wp-block-paragraph\" style=\"color:#425261;font-size:18px;font-style:normal;font-weight:400;line-height:2\"><strong><a href=\"https:\/\/link.amazon\/B05C3YJLN\">Cabideiro com prateleira e detalhe em rattan<\/a><\/strong>: Al\u00e9m de organizar pequenos espa\u00e7os, incorpora uma textura natural muito presente no design brasileiro.<\/p>\n\n\n\n<p class=\"has-text-color has-link-color wp-elements-50 wp-block-paragraph\" style=\"color:#425261;font-size:18px;font-style:normal;font-weight:400;line-height:2\"><strong><a href=\"https:\/\/link.amazon\/B0bjfOKJy\">Arandela Boho em rattan<\/a><\/strong>: A combina\u00e7\u00e3o entre fibra natural e luz quente cria uma atmosfera acolhedora sem ocupar espa\u00e7o \u00fatil.<\/p>\n\n\n\n<p class=\"has-text-color has-link-color wp-elements-51 wp-block-paragraph\" style=\"color:#425261;font-size:18px;font-style:normal;font-weight:400;line-height:2\"><strong><a href=\"https:\/\/link.amazon\/B00pf8KZC\">Banqueta Lisboa em rattan<\/a><\/strong>: Uma \u00f3tima op\u00e7\u00e3o para cozinhas integradas ou bancadas, acrescentando leveza visual e materiais naturais ao ambiente.<\/p>\n\n\n\n<figure class=\"wp-block-gallery has-nested-images columns-default is-cropped wp-block-gallery-2 is-layout-flex wp-block-gallery-is-layout-flex\">\n<figure class=\"wp-block-image size-large has-custom-border is-style-rounded\"><a href=\"https:\/\/link.amazon\/B05C3YJLN\"><img loading=\"lazy\" decoding=\"async\" width=\"700\" height=\"700\" data-id=\"2692\" src=\"https:\/\/bonsaiarquitetura.com.br\/wp-content\/uploads\/2026\/07\/amazon-cabideiro-porta-bolsas-prateleira-rattan-bonsai-arquitetura.webp\" alt=\"\" class=\"wp-image-2692\" style=\"border-top-left-radius:10px;border-top-right-radius:10px;border-bottom-left-radius:10px;border-bottom-right-radius:10px\" srcset=\"https:\/\/bonsaiarquitetura.com.br\/wp-content\/uploads\/2026\/07\/amazon-cabideiro-porta-bolsas-prateleira-rattan-bonsai-arquitetura.webp 700w, https:\/\/bonsaiarquitetura.com.br\/wp-content\/uploads\/2026\/07\/amazon-cabideiro-porta-bolsas-prateleira-rattan-bonsai-arquitetura-300x300.webp 300w, https:\/\/bonsaiarquitetura.com.br\/wp-content\/uploads\/2026\/07\/amazon-cabideiro-porta-bolsas-prateleira-rattan-bonsai-arquitetura-150x150.webp 150w, https:\/\/bonsaiarquitetura.com.br\/wp-content\/uploads\/2026\/07\/amazon-cabideiro-porta-bolsas-prateleira-rattan-bonsai-arquitetura-12x12.webp 12w\" sizes=\"(max-width: 700px) 100vw, 700px\" \/><\/a><figcaption class=\"wp-element-caption\"><a href=\"https:\/\/link.amazon\/B05C3YJLN\"><strong><mark style=\"background-color:rgba(0, 0, 0, 0);color:#425261\" class=\"has-inline-color\">Cabideiro com prateleira Rattan<\/mark><\/strong><\/a><\/figcaption><\/figure>\n\n\n\n<figure class=\"wp-block-image size-large has-custom-border is-style-rounded\"><a href=\"https:\/\/link.amazon\/B0bjfOKJy\"><img loading=\"lazy\" decoding=\"async\" width=\"700\" height=\"700\" data-id=\"2693\" src=\"https:\/\/bonsaiarquitetura.com.br\/wp-content\/uploads\/2026\/07\/amazon-arandela-boho-rattan-tecida-a-mao-vime-bonsai-arquitetura.webp\" alt=\"\" class=\"wp-image-2693\" style=\"border-top-left-radius:10px;border-top-right-radius:10px;border-bottom-left-radius:10px;border-bottom-right-radius:10px\" srcset=\"https:\/\/bonsaiarquitetura.com.br\/wp-content\/uploads\/2026\/07\/amazon-arandela-boho-rattan-tecida-a-mao-vime-bonsai-arquitetura.webp 700w, https:\/\/bonsaiarquitetura.com.br\/wp-content\/uploads\/2026\/07\/amazon-arandela-boho-rattan-tecida-a-mao-vime-bonsai-arquitetura-300x300.webp 300w, https:\/\/bonsaiarquitetura.com.br\/wp-content\/uploads\/2026\/07\/amazon-arandela-boho-rattan-tecida-a-mao-vime-bonsai-arquitetura-150x150.webp 150w, https:\/\/bonsaiarquitetura.com.br\/wp-content\/uploads\/2026\/07\/amazon-arandela-boho-rattan-tecida-a-mao-vime-bonsai-arquitetura-12x12.webp 12w\" sizes=\"(max-width: 700px) 100vw, 700px\" \/><\/a><figcaption class=\"wp-element-caption\"><a href=\"https:\/\/link.amazon\/B0bjfOKJy\"><strong><mark style=\"background-color:rgba(0, 0, 0, 0);color:#425261\" class=\"has-inline-color\">Arandela Boho Rattan<\/mark><\/strong><\/a><\/figcaption><\/figure>\n\n\n\n<figure class=\"wp-block-image size-large has-custom-border is-style-rounded\"><a href=\"https:\/\/link.amazon\/B00pf8KZC\"><img loading=\"lazy\" decoding=\"async\" width=\"700\" height=\"700\" data-id=\"2694\" src=\"https:\/\/bonsaiarquitetura.com.br\/wp-content\/uploads\/2026\/07\/amazon-banqueta-lisboa-rattan-bonsai-arquitetura.webp\" alt=\"\" class=\"wp-image-2694\" style=\"border-top-left-radius:10px;border-top-right-radius:10px;border-bottom-left-radius:10px;border-bottom-right-radius:10px\" srcset=\"https:\/\/bonsaiarquitetura.com.br\/wp-content\/uploads\/2026\/07\/amazon-banqueta-lisboa-rattan-bonsai-arquitetura.webp 700w, https:\/\/bonsaiarquitetura.com.br\/wp-content\/uploads\/2026\/07\/amazon-banqueta-lisboa-rattan-bonsai-arquitetura-300x300.webp 300w, https:\/\/bonsaiarquitetura.com.br\/wp-content\/uploads\/2026\/07\/amazon-banqueta-lisboa-rattan-bonsai-arquitetura-150x150.webp 150w, https:\/\/bonsaiarquitetura.com.br\/wp-content\/uploads\/2026\/07\/amazon-banqueta-lisboa-rattan-bonsai-arquitetura-12x12.webp 12w\" sizes=\"(max-width: 700px) 100vw, 700px\" \/><\/a><figcaption class=\"wp-element-caption\"><a href=\"https:\/\/link.amazon\/B00pf8KZC\"><strong><mark style=\"background-color:rgba(0, 0, 0, 0);color:#425261\" class=\"has-inline-color\">Banqueta em Rattan<\/mark><\/strong><\/a><\/figcaption><\/figure>\n<\/figure>\n\n\n\n<div style=\"height:50px\" aria-hidden=\"true\" class=\"wp-block-spacer is-style-dots\"><\/div>\n\n\n\n<h2 class=\"wp-block-heading has-text-color has-link-color wp-elements-52\" style=\"color:#8c5737;font-size:25px;font-style:normal;font-weight:700;line-height:2\">\ud83c\udf3f Morar tamb\u00e9m \u00e9 uma forma de lembrar quem somos<\/h2>\n\n\n\n<p class=\"has-text-color has-link-color wp-elements-53 wp-block-paragraph\" style=\"color:#425261;font-size:18px;font-style:normal;font-weight:400;line-height:2\">Morar longe do Brasil n\u00e3o significa deixar o Brasil para tr\u00e1s.<\/p>\n\n\n\n<p class=\"has-text-color has-link-color wp-elements-54 wp-block-paragraph\" style=\"color:#425261;font-size:18px;font-style:normal;font-weight:400;line-height:2\">Nossa identidade n\u00e3o est\u00e1 apenas nas lembran\u00e7as, mas tamb\u00e9m nas escolhas que fazemos todos os dias dentro de casa.<\/p>\n\n\n\n<p class=\"has-text-color has-link-color wp-elements-55 wp-block-paragraph\" style=\"color:#425261;font-size:18px;font-style:normal;font-weight:400;line-height:2\">Quando a arquitetura considera mem\u00f3rias, materiais, luz, natureza e modo de viver, ela cria ambientes que acolhem muito al\u00e9m da est\u00e9tica.<\/p>\n\n\n\n<p class=\"has-text-color has-link-color wp-elements-56 wp-block-paragraph\" style=\"color:#425261;font-size:18px;font-style:normal;font-weight:400;line-height:2\">No fim, talvez o verdadeiro design brasileiro n\u00e3o seja um estilo de decora\u00e7\u00e3o.<\/p>\n\n\n\n<p class=\"has-text-color has-link-color wp-elements-57 wp-block-paragraph\" style=\"color:#425261;font-size:18px;font-style:normal;font-weight:400;line-height:2\">Talvez seja a capacidade de fazer algu\u00e9m se sentir em casa, independentemente do pa\u00eds onde esteja. <\/p>\n\n\n\n<div style=\"height:50px\" aria-hidden=\"true\" class=\"wp-block-spacer is-style-dots\"><\/div>\n\n\n\n<h2 class=\"wp-block-heading has-text-color has-link-color wp-elements-58\" style=\"color:#8c5737;font-size:25px\">\ud83c\udf3f <strong>Perguntas frequentes sobre design brasileiro para apartamentos compactos<\/strong><\/h2>\n\n\n\n<p class=\"has-text-color has-link-color wp-elements-59 wp-block-paragraph\" style=\"color:#425261;font-size:18px;line-height:2\"><strong>Como trazer o design brasileiro para um apartamento no exterior?<\/strong><\/p>\n\n\n\n<p class=\"has-text-color has-link-color wp-elements-60 wp-block-paragraph\" style=\"color:#425261;font-size:18px;line-height:2\">A ilumina\u00e7\u00e3o bem distribu\u00edda reduz sombras duras e cria continuidade visual, fazendo o ambiente parecer maior.Priorize materiais naturais, ilumina\u00e7\u00e3o quente, plantas, arte brasileira e objetos que tenham significado para sua hist\u00f3ria. O objetivo \u00e9 criar identidade, n\u00e3o uma decora\u00e7\u00e3o tem\u00e1tica.<\/p>\n\n\n\n<p class=\"has-text-color has-link-color wp-elements-61 wp-block-paragraph\" style=\"color:#425261;font-size:18px;line-height:2\"><strong>O design brasileiro combina com apartamentos pequenos?<\/strong><\/p>\n\n\n\n<p class=\"has-text-color has-link-color wp-elements-62 wp-block-paragraph\" style=\"color:#425261;font-size:18px;line-height:2\">Sim. O design brasileiro valoriza simplicidade, conforto e conex\u00e3o com a natureza, caracter\u00edsticas que funcionam muito bem em apartamentos compactos quando existe uma boa organiza\u00e7\u00e3o do espa\u00e7o.<\/p>\n\n\n\n<p class=\"has-text-color has-link-color wp-elements-63 wp-block-paragraph\" style=\"color:#425261;font-size:18px;line-height:2\"><strong>Preciso usar muitas cores para criar um ambiente brasileiro?<\/strong><\/p>\n\n\n\n<p class=\"has-text-color has-link-color wp-elements-64 wp-block-paragraph\" style=\"color:#425261;font-size:18px;line-height:2\">N\u00e3o. A ess\u00eancia do design brasileiro est\u00e1 muito mais nas texturas, nos materiais, na ilumina\u00e7\u00e3o e na rela\u00e7\u00e3o entre os ambientes do que em uma paleta de cores intensa.<\/p>\n\n\n\n<div style=\"height:50px\" aria-hidden=\"true\" class=\"wp-block-spacer is-style-dots\"><\/div>\n\n\n\n<h2 class=\"wp-block-heading has-text-color has-link-color wp-elements-65\" style=\"color:#8c5737;font-size:25px\">\ud83c\udf3f <strong>O seu pr\u00f3ximo passo!<\/strong><\/h2>\n\n\n\n<p class=\"has-text-color has-link-color wp-elements-66 wp-block-paragraph\" style=\"color:#425261;font-size:18px;line-height:2\">Agora, o seu pr\u00f3ximo passo \u00e9 <a href=\"https:\/\/api.whatsapp.com\/send\/?phone=559899118046&amp;text&amp;type=phone_number&amp;app_absent=0\"><strong>entrar em contato conosco<\/strong><\/a>!&nbsp;<\/p>\n\n\n\n<p class=\"has-text-color has-link-color wp-elements-67 wp-block-paragraph\" style=\"color:#425261;font-size:18px;line-height:2\">Receba nosso direcionamento profissional para criar o projeto ideal para a sua casa.<\/p>\n\n\n\n<p class=\"has-text-color has-link-color wp-elements-68 wp-block-paragraph\" style=\"color:#425261;font-size:18px;line-height:2\">Se gostou deste artigo, veja tamb\u00e9m: <strong><a href=\"https:\/\/bonsaiarquitetura.com.br\/en\/cores-para-ambientes-pequenos\/\">Cores para ambientes pequenos: como ampliar espa\u00e7os com pintura<\/a><\/strong>.<\/p>\n\n\n\n<p class=\"has-text-color has-link-color wp-elements-69 wp-block-paragraph\" style=\"color:#425261;font-size:18px;line-height:2\">E, por fim, siga-nos no <a href=\"https:\/\/www.instagram.com\/bonsaiarquitetura\/\"><strong>Instagram<\/strong><\/a> e <a href=\"https:\/\/br.pinterest.com\/bonsaiarquitetura\/\"><strong>Pinterest<\/strong><\/a> para continuar recebendo nossos conte\u00fados e inspira\u00e7\u00f5es.<\/p>\n\n\n\n<div style=\"height:50px\" aria-hidden=\"true\" class=\"wp-block-spacer is-style-dots\"><\/div>\n\n\n\n<hr class=\"wp-block-separator has-alpha-channel-opacity\"\/>\n\n\n\n<p class=\"has-text-color has-link-color wp-elements-70 wp-block-paragraph\" style=\"color:#425261\">\ud83e\udeb4 <em>Este artigo pode conter links de marcas parceiras que amamos. Ao adquirir produtos por meio deles, voc\u00ea apoia o Bonsai Arquitetura e Interiores a continuar criando conte\u00fados inspiradores, sem custo adicional para voc\u00ea.<\/em><\/p>\n\n\n\n<div style=\"height:50px\" aria-hidden=\"true\" class=\"wp-block-spacer is-style-dots\"><\/div>\n\n\n\n<p class=\"has-text-color has-link-color wp-elements-71 wp-block-paragraph\" style=\"color:#425261;font-size:18px;line-height:2\"><\/p>\n\n\n\n<p class=\"wp-block-paragraph\"><\/p>","protected":false},"excerpt":{"rendered":"<p>Voltar para casa depois de um dia intenso deveria trazer uma sensa\u00e7\u00e3o imediata de conforto. Mas, para muitos brasileiros que vivem no exterior, acontece justamente o contr\u00e1rio. O apartamento \u00e9 bonito, organizado e funcional, por\u00e9m falta algo dif\u00edcil de explicar. Parece um im\u00f3vel alugado, um quarto de hotel ou um espa\u00e7o tempor\u00e1rio, mesmo depois de [&hellip;]<\/p>\n","protected":false},"author":1,"featured_media":2691,"comment_status":"open","ping_status":"open","sticky":false,"template":"","format":"standard","meta":{"footnotes":""},"categories":[27],"tags":[35,16,12,34,11,53,19,20,33,7,32],"class_list":["post-2713","post","type-post","status-publish","format-standard","has-post-thumbnail","hentry","category-identidade-e-raizes","tag-apartamento-compacto","tag-bem-estar","tag-conforto","tag-consultoria-de-interiores","tag-decoracao-com-plantas","tag-design-brasileiro","tag-design-inteligente","tag-harmonia-no-espaco","tag-identidade-cultural","tag-materiais-naturais","tag-projeto-online-de-interiores"],"yoast_head":"<!-- This site is optimized with the Yoast SEO plugin v28.3 - https:\/\/yoast.com\/product\/yoast-seo-wordpress\/ -->\n<title>Design brasileiro no exterior: como criar aconchego - Bonsai Arquitetura e Interiores<\/title>\n<meta name=\"description\" content=\"Descubra como usar o design brasileiro no exterior para criar um apartamento acolhedor, cheio de identidade, mem\u00f3ria e conforto, sem clich\u00eas.\" \/>\n<meta name=\"robots\" content=\"index, follow, max-snippet:-1, max-image-preview:large, max-video-preview:-1\" \/>\n<link rel=\"canonical\" href=\"https:\/\/bonsaiarquitetura.com.br\/en\/design-brasileiro-no-exterior\/\" \/>\n<meta property=\"og:locale\" content=\"en_US\" \/>\n<meta property=\"og:type\" content=\"article\" \/>\n<meta property=\"og:title\" content=\"Design brasileiro no exterior: como criar aconchego - Bonsai Arquitetura e Interiores\" \/>\n<meta property=\"og:description\" content=\"Descubra como usar o design brasileiro no exterior para criar um apartamento acolhedor, cheio de identidade, mem\u00f3ria e conforto, sem clich\u00eas.\" \/>\n<meta property=\"og:url\" content=\"https:\/\/bonsaiarquitetura.com.br\/en\/design-brasileiro-no-exterior\/\" \/>\n<meta property=\"og:site_name\" content=\"Bonsai Arquitetura e Interiores\" \/>\n<meta property=\"article:published_time\" content=\"2026-08-03T08:30:00+00:00\" \/>\n<meta property=\"og:image\" content=\"https:\/\/bonsaiarquitetura.com.br\/wp-content\/uploads\/2026\/07\/amazon-kit-quadros-decorativos-cactos-coloridos-com-moldura-bonsai-arquitetura.webp\" \/>\n\t<meta property=\"og:image:width\" content=\"700\" \/>\n\t<meta property=\"og:image:height\" content=\"700\" \/>\n\t<meta property=\"og:image:type\" content=\"image\/webp\" \/>\n<meta name=\"author\" content=\"Bonsai Arquitetura\" \/>\n<meta name=\"twitter:card\" content=\"summary_large_image\" \/>\n<meta name=\"twitter:label1\" content=\"Written by\" \/>\n\t<meta name=\"twitter:data1\" content=\"Bonsai Arquitetura\" \/>\n\t<meta name=\"twitter:label2\" content=\"Est. reading time\" \/>\n\t<meta name=\"twitter:data2\" content=\"9 minutes\" \/>\n<script type=\"application\/ld+json\" class=\"yoast-schema-graph\">{\"@context\":\"https:\\\/\\\/schema.org\",\"@graph\":[{\"@type\":\"Article\",\"@id\":\"https:\\\/\\\/bonsaiarquitetura.com.br\\\/design-brasileiro-no-exterior\\\/#article\",\"isPartOf\":{\"@id\":\"https:\\\/\\\/bonsaiarquitetura.com.br\\\/design-brasileiro-no-exterior\\\/\"},\"author\":{\"name\":\"Bonsai Arquitetura\",\"@id\":\"https:\\\/\\\/bonsaiarquitetura.com.br\\\/#\\\/schema\\\/person\\\/465bc7eea8e418533eb25b8c9d03318a\"},\"headline\":\"Como trazer o design brasileiro para apartamentos compactos no exterior\",\"datePublished\":\"2026-08-03T08:30:00+00:00\",\"mainEntityOfPage\":{\"@id\":\"https:\\\/\\\/bonsaiarquitetura.com.br\\\/design-brasileiro-no-exterior\\\/\"},\"wordCount\":1401,\"commentCount\":0,\"image\":{\"@id\":\"https:\\\/\\\/bonsaiarquitetura.com.br\\\/design-brasileiro-no-exterior\\\/#primaryimage\"},\"thumbnailUrl\":\"https:\\\/\\\/bonsaiarquitetura.com.br\\\/wp-content\\\/uploads\\\/2026\\\/07\\\/amazon-kit-quadros-decorativos-cactos-coloridos-com-moldura-bonsai-arquitetura.webp\",\"keywords\":[\"apartamento compacto\",\"bem-estar\",\"conforto\",\"consultoria de interiores\",\"decora\u00e7\u00e3o com plantas\",\"design brasileiro\",\"design inteligente\",\"harmonia no espa\u00e7o\",\"identidade cultural\",\"materiais naturais\",\"projeto online de interiores\"],\"articleSection\":[\"Identidade &amp; Ra\u00edzes\"],\"inLanguage\":\"en-US\",\"potentialAction\":[{\"@type\":\"CommentAction\",\"name\":\"Comment\",\"target\":[\"https:\\\/\\\/bonsaiarquitetura.com.br\\\/design-brasileiro-no-exterior\\\/#respond\"]}]},{\"@type\":\"WebPage\",\"@id\":\"https:\\\/\\\/bonsaiarquitetura.com.br\\\/design-brasileiro-no-exterior\\\/\",\"url\":\"https:\\\/\\\/bonsaiarquitetura.com.br\\\/design-brasileiro-no-exterior\\\/\",\"name\":\"Design brasileiro no exterior: como criar aconchego - Bonsai Arquitetura e Interiores\",\"isPartOf\":{\"@id\":\"https:\\\/\\\/bonsaiarquitetura.com.br\\\/#website\"},\"primaryImageOfPage\":{\"@id\":\"https:\\\/\\\/bonsaiarquitetura.com.br\\\/design-brasileiro-no-exterior\\\/#primaryimage\"},\"image\":{\"@id\":\"https:\\\/\\\/bonsaiarquitetura.com.br\\\/design-brasileiro-no-exterior\\\/#primaryimage\"},\"thumbnailUrl\":\"https:\\\/\\\/bonsaiarquitetura.com.br\\\/wp-content\\\/uploads\\\/2026\\\/07\\\/amazon-kit-quadros-decorativos-cactos-coloridos-com-moldura-bonsai-arquitetura.webp\",\"datePublished\":\"2026-08-03T08:30:00+00:00\",\"author\":{\"@id\":\"https:\\\/\\\/bonsaiarquitetura.com.br\\\/#\\\/schema\\\/person\\\/465bc7eea8e418533eb25b8c9d03318a\"},\"description\":\"Descubra como usar o design brasileiro no exterior para criar um apartamento acolhedor, cheio de identidade, mem\u00f3ria e conforto, sem clich\u00eas.\",\"breadcrumb\":{\"@id\":\"https:\\\/\\\/bonsaiarquitetura.com.br\\\/design-brasileiro-no-exterior\\\/#breadcrumb\"},\"inLanguage\":\"en-US\",\"potentialAction\":[{\"@type\":\"ReadAction\",\"target\":[\"https:\\\/\\\/bonsaiarquitetura.com.br\\\/design-brasileiro-no-exterior\\\/\"]}]},{\"@type\":\"ImageObject\",\"inLanguage\":\"en-US\",\"@id\":\"https:\\\/\\\/bonsaiarquitetura.com.br\\\/design-brasileiro-no-exterior\\\/#primaryimage\",\"url\":\"https:\\\/\\\/bonsaiarquitetura.com.br\\\/wp-content\\\/uploads\\\/2026\\\/07\\\/amazon-kit-quadros-decorativos-cactos-coloridos-com-moldura-bonsai-arquitetura.webp\",\"contentUrl\":\"https:\\\/\\\/bonsaiarquitetura.com.br\\\/wp-content\\\/uploads\\\/2026\\\/07\\\/amazon-kit-quadros-decorativos-cactos-coloridos-com-moldura-bonsai-arquitetura.webp\",\"width\":700,\"height\":700,\"caption\":\"Apartamento compacto com design brasileiro no exterior, madeira, plantas e ilumina\u00e7\u00e3o aconchegante.\"},{\"@type\":\"BreadcrumbList\",\"@id\":\"https:\\\/\\\/bonsaiarquitetura.com.br\\\/design-brasileiro-no-exterior\\\/#breadcrumb\",\"itemListElement\":[{\"@type\":\"ListItem\",\"position\":1,\"name\":\"In\u00edcio\",\"item\":\"https:\\\/\\\/bonsaiarquitetura.com.br\\\/\"},{\"@type\":\"ListItem\",\"position\":2,\"name\":\"Como trazer o design brasileiro para apartamentos compactos no exterior\"}]},{\"@type\":\"WebSite\",\"@id\":\"https:\\\/\\\/bonsaiarquitetura.com.br\\\/#website\",\"url\":\"https:\\\/\\\/bonsaiarquitetura.com.br\\\/\",\"name\":\"Bonsai Arquitetura e Interiores\",\"description\":\"Projeto e Consultoria Online para Espa\u00e7os Compactos\",\"potentialAction\":[{\"@type\":\"SearchAction\",\"target\":{\"@type\":\"EntryPoint\",\"urlTemplate\":\"https:\\\/\\\/bonsaiarquitetura.com.br\\\/?s={search_term_string}\"},\"query-input\":{\"@type\":\"PropertyValueSpecification\",\"valueRequired\":true,\"valueName\":\"search_term_string\"}}],\"inLanguage\":\"en-US\"},{\"@type\":\"Person\",\"@id\":\"https:\\\/\\\/bonsaiarquitetura.com.br\\\/#\\\/schema\\\/person\\\/465bc7eea8e418533eb25b8c9d03318a\",\"name\":\"Bonsai Arquitetura\",\"image\":{\"@type\":\"ImageObject\",\"inLanguage\":\"en-US\",\"@id\":\"https:\\\/\\\/secure.gravatar.com\\\/avatar\\\/1ddc926a66842c2b02b2afab2acc7220bb5730ce9cd0c9eb3e91f57f140ebdab?s=96&d=mm&r=g\",\"url\":\"https:\\\/\\\/secure.gravatar.com\\\/avatar\\\/1ddc926a66842c2b02b2afab2acc7220bb5730ce9cd0c9eb3e91f57f140ebdab?s=96&d=mm&r=g\",\"contentUrl\":\"https:\\\/\\\/secure.gravatar.com\\\/avatar\\\/1ddc926a66842c2b02b2afab2acc7220bb5730ce9cd0c9eb3e91f57f140ebdab?s=96&d=mm&r=g\",\"caption\":\"Bonsai Arquitetura\"},\"sameAs\":[\"https:\\\/\\\/bonsaiarquitetura.com.br\"],\"url\":\"https:\\\/\\\/bonsaiarquitetura.com.br\\\/en\\\/author\\\/bonsai\\\/\"}]}<\/script>\n<!-- \/ Yoast SEO plugin. -->","yoast_head_json":{"title":"Design brasileiro no exterior: como criar aconchego - Bonsai Arquitetura e Interiores","description":"Descubra como usar o design brasileiro no exterior para criar um apartamento acolhedor, cheio de identidade, mem\u00f3ria e conforto, sem clich\u00eas.","robots":{"index":"index","follow":"follow","max-snippet":"max-snippet:-1","max-image-preview":"max-image-preview:large","max-video-preview":"max-video-preview:-1"},"canonical":"https:\/\/bonsaiarquitetura.com.br\/en\/design-brasileiro-no-exterior\/","og_locale":"en_US","og_type":"article","og_title":"Design brasileiro no exterior: como criar aconchego - Bonsai Arquitetura e Interiores","og_description":"Descubra como usar o design brasileiro no exterior para criar um apartamento acolhedor, cheio de identidade, mem\u00f3ria e conforto, sem clich\u00eas.","og_url":"https:\/\/bonsaiarquitetura.com.br\/en\/design-brasileiro-no-exterior\/","og_site_name":"Bonsai Arquitetura e Interiores","article_published_time":"2026-08-03T08:30:00+00:00","og_image":[{"width":700,"height":700,"url":"https:\/\/bonsaiarquitetura.com.br\/wp-content\/uploads\/2026\/07\/amazon-kit-quadros-decorativos-cactos-coloridos-com-moldura-bonsai-arquitetura.webp","type":"image\/webp"}],"author":"Bonsai Arquitetura","twitter_card":"summary_large_image","twitter_misc":{"Written by":"Bonsai Arquitetura","Est. reading time":"9 minutes"},"schema":{"@context":"https:\/\/schema.org","@graph":[{"@type":"Article","@id":"https:\/\/bonsaiarquitetura.com.br\/design-brasileiro-no-exterior\/#article","isPartOf":{"@id":"https:\/\/bonsaiarquitetura.com.br\/design-brasileiro-no-exterior\/"},"author":{"name":"Bonsai Arquitetura","@id":"https:\/\/bonsaiarquitetura.com.br\/#\/schema\/person\/465bc7eea8e418533eb25b8c9d03318a"},"headline":"Como trazer o design brasileiro para apartamentos compactos no exterior","datePublished":"2026-08-03T08:30:00+00:00","mainEntityOfPage":{"@id":"https:\/\/bonsaiarquitetura.com.br\/design-brasileiro-no-exterior\/"},"wordCount":1401,"commentCount":0,"image":{"@id":"https:\/\/bonsaiarquitetura.com.br\/design-brasileiro-no-exterior\/#primaryimage"},"thumbnailUrl":"https:\/\/bonsaiarquitetura.com.br\/wp-content\/uploads\/2026\/07\/amazon-kit-quadros-decorativos-cactos-coloridos-com-moldura-bonsai-arquitetura.webp","keywords":["apartamento compacto","bem-estar","conforto","consultoria de interiores","decora\u00e7\u00e3o com plantas","design brasileiro","design inteligente","harmonia no espa\u00e7o","identidade cultural","materiais naturais","projeto online de interiores"],"articleSection":["Identidade &amp; Ra\u00edzes"],"inLanguage":"en-US","potentialAction":[{"@type":"CommentAction","name":"Comment","target":["https:\/\/bonsaiarquitetura.com.br\/design-brasileiro-no-exterior\/#respond"]}]},{"@type":"WebPage","@id":"https:\/\/bonsaiarquitetura.com.br\/design-brasileiro-no-exterior\/","url":"https:\/\/bonsaiarquitetura.com.br\/design-brasileiro-no-exterior\/","name":"Design brasileiro no exterior: como criar aconchego - Bonsai Arquitetura e Interiores","isPartOf":{"@id":"https:\/\/bonsaiarquitetura.com.br\/#website"},"primaryImageOfPage":{"@id":"https:\/\/bonsaiarquitetura.com.br\/design-brasileiro-no-exterior\/#primaryimage"},"image":{"@id":"https:\/\/bonsaiarquitetura.com.br\/design-brasileiro-no-exterior\/#primaryimage"},"thumbnailUrl":"https:\/\/bonsaiarquitetura.com.br\/wp-content\/uploads\/2026\/07\/amazon-kit-quadros-decorativos-cactos-coloridos-com-moldura-bonsai-arquitetura.webp","datePublished":"2026-08-03T08:30:00+00:00","author":{"@id":"https:\/\/bonsaiarquitetura.com.br\/#\/schema\/person\/465bc7eea8e418533eb25b8c9d03318a"},"description":"Descubra como usar o design brasileiro no exterior para criar um apartamento acolhedor, cheio de identidade, mem\u00f3ria e conforto, sem clich\u00eas.","breadcrumb":{"@id":"https:\/\/bonsaiarquitetura.com.br\/design-brasileiro-no-exterior\/#breadcrumb"},"inLanguage":"en-US","potentialAction":[{"@type":"ReadAction","target":["https:\/\/bonsaiarquitetura.com.br\/design-brasileiro-no-exterior\/"]}]},{"@type":"ImageObject","inLanguage":"en-US","@id":"https:\/\/bonsaiarquitetura.com.br\/design-brasileiro-no-exterior\/#primaryimage","url":"https:\/\/bonsaiarquitetura.com.br\/wp-content\/uploads\/2026\/07\/amazon-kit-quadros-decorativos-cactos-coloridos-com-moldura-bonsai-arquitetura.webp","contentUrl":"https:\/\/bonsaiarquitetura.com.br\/wp-content\/uploads\/2026\/07\/amazon-kit-quadros-decorativos-cactos-coloridos-com-moldura-bonsai-arquitetura.webp","width":700,"height":700,"caption":"Apartamento compacto com design brasileiro no exterior, madeira, plantas e ilumina\u00e7\u00e3o aconchegante."},{"@type":"BreadcrumbList","@id":"https:\/\/bonsaiarquitetura.com.br\/design-brasileiro-no-exterior\/#breadcrumb","itemListElement":[{"@type":"ListItem","position":1,"name":"In\u00edcio","item":"https:\/\/bonsaiarquitetura.com.br\/"},{"@type":"ListItem","position":2,"name":"Como trazer o design brasileiro para apartamentos compactos no exterior"}]},{"@type":"WebSite","@id":"https:\/\/bonsaiarquitetura.com.br\/#website","url":"https:\/\/bonsaiarquitetura.com.br\/","name":"Bonsai Architecture and Interiors","description":"Projeto e Consultoria Online para Espa\u00e7os Compactos","potentialAction":[{"@type":"SearchAction","target":{"@type":"EntryPoint","urlTemplate":"https:\/\/bonsaiarquitetura.com.br\/?s={search_term_string}"},"query-input":{"@type":"PropertyValueSpecification","valueRequired":true,"valueName":"search_term_string"}}],"inLanguage":"en-US"},{"@type":"Person","@id":"https:\/\/bonsaiarquitetura.com.br\/#\/schema\/person\/465bc7eea8e418533eb25b8c9d03318a","name":"Bonsai Architecture","image":{"@type":"ImageObject","inLanguage":"en-US","@id":"https:\/\/secure.gravatar.com\/avatar\/1ddc926a66842c2b02b2afab2acc7220bb5730ce9cd0c9eb3e91f57f140ebdab?s=96&d=mm&r=g","url":"https:\/\/secure.gravatar.com\/avatar\/1ddc926a66842c2b02b2afab2acc7220bb5730ce9cd0c9eb3e91f57f140ebdab?s=96&d=mm&r=g","contentUrl":"https:\/\/secure.gravatar.com\/avatar\/1ddc926a66842c2b02b2afab2acc7220bb5730ce9cd0c9eb3e91f57f140ebdab?s=96&d=mm&r=g","caption":"Bonsai Arquitetura"},"sameAs":["https:\/\/bonsaiarquitetura.com.br"],"url":"https:\/\/bonsaiarquitetura.com.br\/en\/author\/bonsai\/"}]}},"_links":{"self":[{"href":"https:\/\/bonsaiarquitetura.com.br\/en\/wp-json\/wp\/v2\/posts\/2713","targetHints":{"allow":["GET"]}}],"collection":[{"href":"https:\/\/bonsaiarquitetura.com.br\/en\/wp-json\/wp\/v2\/posts"}],"about":[{"href":"https:\/\/bonsaiarquitetura.com.br\/en\/wp-json\/wp\/v2\/types\/post"}],"author":[{"embeddable":true,"href":"https:\/\/bonsaiarquitetura.com.br\/en\/wp-json\/wp\/v2\/users\/1"}],"replies":[{"embeddable":true,"href":"https:\/\/bonsaiarquitetura.com.br\/en\/wp-json\/wp\/v2\/comments?post=2713"}],"version-history":[{"count":3,"href":"https:\/\/bonsaiarquitetura.com.br\/en\/wp-json\/wp\/v2\/posts\/2713\/revisions"}],"predecessor-version":[{"id":2719,"href":"https:\/\/bonsaiarquitetura.com.br\/en\/wp-json\/wp\/v2\/posts\/2713\/revisions\/2719"}],"wp:featuredmedia":[{"embeddable":true,"href":"https:\/\/bonsaiarquitetura.com.br\/en\/wp-json\/wp\/v2\/media\/2691"}],"wp:attachment":[{"href":"https:\/\/bonsaiarquitetura.com.br\/en\/wp-json\/wp\/v2\/media?parent=2713"}],"wp:term":[{"taxonomy":"category","embeddable":true,"href":"https:\/\/bonsaiarquitetura.com.br\/en\/wp-json\/wp\/v2\/categories?post=2713"},{"taxonomy":"post_tag","embeddable":true,"href":"https:\/\/bonsaiarquitetura.com.br\/en\/wp-json\/wp\/v2\/tags?post=2713"}],"curies":[{"name":"wp","href":"https:\/\/api.w.org\/{rel}","templated":true}]}}