{"id":2717,"date":"2026-08-10T08:30:00","date_gmt":"2026-08-10T08:30:00","guid":{"rendered":"https:\/\/bonsaiarquitetura.com.br\/?p=2717"},"modified":"2026-07-23T20:33:36","modified_gmt":"2026-07-23T20:33:36","slug":"decoracao-afetiva-apartamento-pequeno","status":"publish","type":"post","link":"https:\/\/bonsaiarquitetura.com.br\/en\/decoracao-afetiva-apartamento-pequeno\/","title":{"rendered":"Como expor mem\u00f3rias do Brasil em um studio sem perder amplitude"},"content":{"rendered":"<div style=\"height:100px\" aria-hidden=\"true\" class=\"wp-block-spacer is-style-dots\"><\/div>\n\n\n\n<p class=\"has-text-color has-link-color wp-elements-1 wp-block-paragraph\" style=\"color:#425261;font-size:18px;line-height:2\">Voc\u00ea abre uma caixa que veio do Brasil. L\u00e1 dentro est\u00e3o fotografias, uma cer\u00e2mica comprada em uma viagem, um livro antigo, um pequeno quadro e lembran\u00e7as que atravessaram oceanos. A vontade \u00e9 deixar tudo \u00e0 vista. Afinal, esses objetos carregam pessoas, lugares e hist\u00f3rias. Mas basta come\u00e7ar a distribu\u00ed-los pelo studio para surgir outra preocupa\u00e7\u00e3o: ser\u00e1 que o apartamento vai parecer bagun\u00e7ado?<\/p>\n\n\n\n<p class=\"has-text-color has-link-color wp-elements-2 wp-block-paragraph\" style=\"color:#425261;font-size:18px;line-height:2\">Essa d\u00favida \u00e9 comum entre brasileiros que vivem no exterior. Em apartamentos compactos, cada objeto parece disputar espa\u00e7o com o ambiente. Por isso, a boa not\u00edcia \u00e9 que <strong>expor mem\u00f3rias em um studio<\/strong> n\u00e3o significa abrir m\u00e3o da organiza\u00e7\u00e3o nem da sensa\u00e7\u00e3o de amplitude. Logo, com algumas escolhas conscientes, \u00e9 poss\u00edvel transformar lembran\u00e7as em parte da arquitetura da casa, criando um ambiente que transmite identidade sem excesso.<\/p>\n\n\n\n<div style=\"height:50px\" aria-hidden=\"true\" class=\"wp-block-spacer is-style-dots\"><\/div>\n\n\n\n<p class=\"has-text-color has-link-color wp-elements-3 wp-block-paragraph\" style=\"color:#8c5737;font-size:25px;font-style:normal;font-weight:700;line-height:2\">\ud83c\udf3fQuando as lembran\u00e7as competem entre si?<\/p>\n\n\n\n<p class=\"has-text-color has-link-color wp-elements-4 wp-block-paragraph\" style=\"color:#425261;font-size:18px;line-height:2\">Quem mora em um studio costuma seguir um de dois caminhos.<\/p>\n\n\n\n<p class=\"has-text-color has-link-color wp-elements-5 wp-block-paragraph\" style=\"color:#425261;font-size:18px;line-height:2\">O primeiro \u00e9 guardar quase tudo em caixas para manter o ambiente limpo visualmente. O segundo \u00e9 expor todas as lembran\u00e7as ao mesmo tempo, acreditando que elas precisam estar sempre vis\u00edveis para continuarem presentes.<\/p>\n\n\n\n<p class=\"has-text-color has-link-color wp-elements-6 wp-block-paragraph\" style=\"color:#425261;font-size:18px;line-height:2\">Nenhuma dessas solu\u00e7\u00f5es costuma funcionar por muito tempo.<\/p>\n\n\n\n<p class=\"has-text-color has-link-color wp-elements-7 wp-block-paragraph\" style=\"color:#425261;font-size:18px;line-height:2\">Quando as mem\u00f3rias ficam escondidas, a casa perde parte da sua hist\u00f3ria. Assim, quando tudo fica exposto, o olhar n\u00e3o encontra descanso e nenhum objeto recebe a aten\u00e7\u00e3o que merece.<\/p>\n\n\n\n<p class=\"has-text-color has-link-color wp-elements-8 wp-block-paragraph\" style=\"color:#425261;font-size:18px;line-height:2\">Em apartamentos pequenos, a sensa\u00e7\u00e3o de conforto n\u00e3o depende da quantidade de objetos, mas da rela\u00e7\u00e3o entre eles. Dessa forma, a arquitetura nos ensina que o espa\u00e7o precisa de equil\u00edbrio para acolher quem vive ali.<\/p>\n\n\n\n<div style=\"height:50px\" aria-hidden=\"true\" class=\"wp-block-spacer is-style-dots\"><\/div>\n\n\n\n<h2 class=\"wp-block-heading has-text-color has-link-color wp-elements-9\" style=\"color:#8c5737;font-size:25px;font-style:normal;font-weight:700;line-height:2\">\ud83c\udf3f Mem\u00f3ria afetiva tamb\u00e9m precisa de curadoria<\/h2>\n\n\n\n<p class=\"has-text-color has-link-color wp-elements-10 wp-block-paragraph\" style=\"color:#425261;font-size:18px;line-height:2\">Existe um equ\u00edvoco muito comum: acreditar que mem\u00f3ria afetiva significa quantidade.<\/p>\n\n\n\n<p class=\"has-text-color has-link-color wp-elements-11 wp-block-paragraph\" style=\"color:#425261;font-size:18px;line-height:2\">Na pr\u00e1tica, nosso c\u00e9rebro funciona de outra maneira.<\/p>\n\n\n\n<p class=\"has-text-color has-link-color wp-elements-12 wp-block-paragraph\" style=\"color:#425261;font-size:18px;line-height:2\">A psicoarquitetura mostra que ambientes com excesso de est\u00edmulos exigem mais esfor\u00e7o para serem processados. Quando muitas pe\u00e7as competem pela aten\u00e7\u00e3o, a sensa\u00e7\u00e3o de tranquilidade diminui, mesmo que todos os objetos tenham valor emocional.<\/p>\n\n\n\n<p class=\"has-text-color has-link-color wp-elements-13 wp-block-paragraph\" style=\"color:#425261;font-size:18px;line-height:2\">Por isso, uma casa cheia de lembran\u00e7as pode acabar escondendo justamente aquilo que deveria destacar.<\/p>\n\n\n\n<p class=\"has-text-color has-link-color wp-elements-14 wp-block-paragraph\" style=\"color:#425261;font-size:18px;line-height:2\">Curadoria n\u00e3o significa desapego. De fato, significa escolher quais hist\u00f3rias ser\u00e3o contadas naquele momento.<\/p>\n\n\n\n<p class=\"has-text-color has-link-color wp-elements-15 wp-block-paragraph\" style=\"color:#425261;font-size:18px;line-height:2\">Quando essa sele\u00e7\u00e3o faz parte do projeto de interiores, o resultado \u00e9 um ambiente mais leve, organizado e profundamente pessoal.<\/p>\n\n\n\n<p class=\"has-text-color has-link-color wp-elements-16 wp-block-paragraph\" style=\"color:#425261;font-size:18px;line-height:2\">Por fim, se voc\u00ea deseja adaptar essas ideias ao seu apartamento, a nossa <a href=\"https:\/\/projetos.bonsaiarquitetura.com.br\/consultoria-online\/\"><strong>consultoria online<\/strong><\/a> pode ajudar a transformar suas mem\u00f3rias em um projeto que fa\u00e7a sentido para a sua rotina.<\/p>\n\n\n\n<div style=\"height:50px\" aria-hidden=\"true\" class=\"wp-block-spacer is-style-dots\"><\/div>\n\n\n\n<h3 class=\"wp-block-heading has-text-color has-link-color wp-elements-17\" style=\"color:#8c5737;font-size:25px;font-style:normal;font-weight:700;line-height:2\">\ud83c\udf3f Como aplicar essas ideias na pr\u00e1tica<\/h3>\n\n\n\n<h2 class=\"wp-block-heading has-text-color has-link-color wp-elements-18\" style=\"color:#425261;font-size:18px\">1. <strong>Crie uma pequena composi\u00e7\u00e3o de quadros<\/strong><\/h2>\n\n\n\n<ol class=\"wp-block-list\"><\/ol>\n\n\n\n<p class=\"has-text-color has-link-color wp-elements-19 wp-block-paragraph\" style=\"color:#425261;font-size:18px;line-height:2\">Voc\u00ea n\u00e3o precisa preencher uma parede inteira.<\/p>\n\n\n\n<p class=\"has-text-color has-link-color wp-elements-20 wp-block-paragraph\" style=\"color:#425261;font-size:18px;line-height:2\">Uma composi\u00e7\u00e3o com tr\u00eas ou cinco pe\u00e7as j\u00e1 cria um ponto de interesse visual. Dessa forma, misture fotografias, ilustra\u00e7\u00f5es e obras que representem diferentes momentos da sua hist\u00f3ria.<\/p>\n\n\n\n<p class=\"has-text-color has-link-color wp-elements-21 wp-block-paragraph\" style=\"color:#425261;font-size:18px;line-height:2\">Logo, quando as molduras compartilham uma linguagem semelhante, o conjunto transmite organiza\u00e7\u00e3o mesmo reunindo lembran\u00e7as distintas.<\/p>\n\n\n\n<h2 class=\"wp-block-heading has-text-color has-link-color wp-elements-22\" style=\"color:#425261;font-size:18px\">2. <strong>Transforme objetos afetivos em decora\u00e7\u00e3o funcional<\/strong><\/h2>\n\n\n\n<p class=\"has-text-color has-link-color wp-elements-23 wp-block-paragraph\" style=\"color:#425261;font-size:18px;line-height:2\">Uma lembran\u00e7a n\u00e3o precisa ocupar uma prateleira apenas como enfeite.<\/p>\n\n\n\n<p class=\"has-text-color has-link-color wp-elements-24 wp-block-paragraph\" style=\"color:#425261;font-size:18px;line-height:2\">Uma cer\u00e2mica pode organizar chaves.<\/p>\n\n\n\n<p class=\"has-text-color has-link-color wp-elements-25 wp-block-paragraph\" style=\"color:#425261;font-size:18px;line-height:2\">Um cesto artesanal pode guardar mantas.<\/p>\n\n\n\n<p class=\"has-text-color has-link-color wp-elements-26 wp-block-paragraph\" style=\"color:#425261;font-size:18px;line-height:2\">Livros brasileiros podem apoiar um vaso ou servir de base para uma composi\u00e7\u00e3o.<\/p>\n\n\n\n<p class=\"has-text-color has-link-color wp-elements-27 wp-block-paragraph\" style=\"color:#425261;font-size:18px;line-height:2\">Uma bandeja pode reunir pequenos objetos do cotidiano.<\/p>\n\n\n\n<p class=\"has-text-color has-link-color wp-elements-28 wp-block-paragraph\" style=\"color:#425261;font-size:18px;line-height:2\">Em outras palavras, quando as mem\u00f3rias tamb\u00e9m desempenham uma fun\u00e7\u00e3o, elas passam a participar da rotina de forma natural. Por isso, essa \u00e9 uma das estrat\u00e9gias mais eficientes para studios e apartamentos compactos.<\/p>\n\n\n\n<h2 class=\"wp-block-heading has-text-color has-link-color wp-elements-29\" style=\"color:#425261;font-size:18px\">3. <strong>Fa\u00e7a a rota\u00e7\u00e3o das lembran\u00e7as<\/strong><\/h2>\n\n\n\n<p class=\"has-text-color has-link-color wp-elements-30 wp-block-paragraph\" style=\"color:#425261;font-size:18px;line-height:2\">Nem todas as mem\u00f3rias precisam ficar expostas o ano inteiro.<\/p>\n\n\n\n<p class=\"has-text-color has-link-color wp-elements-31 wp-block-paragraph\" style=\"color:#425261;font-size:18px;line-height:2\">Criar uma pequena cole\u00e7\u00e3o rotativa permite renovar o ambiente sem comprar novos objetos.<\/p>\n\n\n\n<p class=\"has-text-color has-link-color wp-elements-32 wp-block-paragraph\" style=\"color:#425261;font-size:18px;line-height:2\">A cada esta\u00e7\u00e3o ou em momentos especiais, escolha outras pe\u00e7as para ocupar aquele espa\u00e7o.<\/p>\n\n\n\n<p class=\"has-text-color has-link-color wp-elements-33 wp-block-paragraph\" style=\"color:#425261;font-size:18px;line-height:2\">Desse modo, al\u00e9m de preservar os objetos, essa mudan\u00e7a faz com que cada lembran\u00e7a volte a chamar sua aten\u00e7\u00e3o quando reaparece.<\/p>\n\n\n\n<div style=\"height:50px\" aria-hidden=\"true\" class=\"wp-block-spacer is-style-dots\"><\/div>\n\n\n\n<h3 class=\"wp-block-heading has-text-color has-link-color wp-elements-34\" style=\"color:#8c5737;font-size:25px;font-style:normal;font-weight:700;line-height:2\">\ud83c\udf3f A atmosfera final: quando cada objeto encontra seu lugar<\/h3>\n\n\n\n<p class=\"has-text-color has-link-color wp-elements-35 wp-block-paragraph\" style=\"color:#425261;font-size:18px;line-height:2\">Existe uma diferen\u00e7a importante entre uma casa cheia de objetos e uma casa cheia de significado.<\/p>\n\n\n\n<p class=\"has-text-color has-link-color wp-elements-36 wp-block-paragraph\" style=\"color:#425261;font-size:18px;line-height:2\">Na primeira, o olhar percorre o ambiente sem encontrar um ponto de descanso.<\/p>\n\n\n\n<p class=\"has-text-color has-link-color wp-elements-37 wp-block-paragraph\" style=\"color:#425261;font-size:18px;line-height:2\">Na segunda, cada elemento parece conversar com o espa\u00e7o.<\/p>\n\n\n\n<p class=\"has-text-color has-link-color wp-elements-38 wp-block-paragraph\" style=\"color:#425261;font-size:18px;line-height:2\">Assim, as fotografias contam hist\u00f3rias.<\/p>\n\n\n\n<p class=\"has-text-color has-link-color wp-elements-39 wp-block-paragraph\" style=\"color:#425261;font-size:18px;line-height:2\">A cer\u00e2mica lembra uma viagem.<\/p>\n\n\n\n<p class=\"has-text-color has-link-color wp-elements-40 wp-block-paragraph\" style=\"color:#425261;font-size:18px;line-height:2\">O quadro desperta uma mem\u00f3ria da inf\u00e2ncia.<\/p>\n\n\n\n<p class=\"has-text-color has-link-color wp-elements-41 wp-block-paragraph\" style=\"color:#425261;font-size:18px;line-height:2\">O livro aproxima voc\u00ea da sua l\u00edngua e da sua cultura.<\/p>\n\n\n\n<p class=\"has-text-color has-link-color wp-elements-42 wp-block-paragraph\" style=\"color:#425261;font-size:18px;line-height:2\">Nada est\u00e1 ali apenas para decorar.<\/p>\n\n\n\n<p class=\"has-text-color has-link-color wp-elements-43 wp-block-paragraph\" style=\"color:#425261;font-size:18px;line-height:2\">Tudo participa da experi\u00eancia de morar.<\/p>\n\n\n\n<p class=\"has-text-color has-link-color wp-elements-44 wp-block-paragraph\" style=\"color:#425261;font-size:18px;line-height:2\">Ou seja, mesmo em poucos metros quadrados, essa curadoria transforma o studio em um ambiente que acolhe quem voc\u00ea \u00e9 hoje sem perder a conex\u00e3o com suas origens.<\/p>\n\n\n\n<div style=\"height:50px\" aria-hidden=\"true\" class=\"wp-block-spacer is-style-dots\"><\/div>\n\n\n\n<h3 class=\"wp-block-heading has-text-color has-link-color wp-elements-45\" style=\"color:#8c5737;font-size:25px;font-style:normal;font-weight:700;line-height:2\">\ud83c\udf3f Monte esse clima na sua casa<\/h3>\n\n\n\n<p class=\"has-text-color has-link-color wp-elements-46 wp-block-paragraph\" style=\"color:#425261;font-size:18px;font-style:normal;font-weight:400;line-height:2\"><strong><a href=\"https:\/\/link.amazon\/B07Rk18Kv\">Quadro Ney Matogrosso<\/a><\/strong>: Uma obra que adiciona personalidade e valor cultural ao ambiente sem ocupar espa\u00e7o \u00fatil.<\/p>\n\n\n\n<p class=\"has-text-color has-link-color wp-elements-47 wp-block-paragraph\" style=\"color:#425261;font-size:18px;font-style:normal;font-weight:400;line-height:2\"><strong><a href=\"https:\/\/link.amazon\/B05vMMbwc\">Tela Copacabana Rio de Janeiro<\/a><\/strong>: Ideal para criar uma pequena gallery wall inspirada em lembran\u00e7as do Brasil.<\/p>\n\n\n\n<p class=\"has-text-color has-link-color wp-elements-48 wp-block-paragraph\" style=\"color:#425261;font-size:18px;font-style:normal;font-weight:400;line-height:2\"><strong><a href=\"https:\/\/link.amazon\/B072tWnwy\">Quadro Mulher Flores Coloridas com Moldura<\/a><\/strong>: Acrescenta cor e identidade de forma equilibrada, tornando a composi\u00e7\u00e3o mais acolhedora.<\/p>\n\n\n\n<figure class=\"wp-block-gallery has-nested-images columns-default is-cropped wp-block-gallery-1 is-layout-flex wp-block-gallery-is-layout-flex\">\n<figure class=\"wp-block-image size-large has-custom-border\"><a href=\"https:\/\/link.amazon\/B07Rk18Kv\"><img fetchpriority=\"high\" decoding=\"async\" width=\"700\" height=\"700\" data-id=\"2696\" src=\"https:\/\/bonsaiarquitetura.com.br\/wp-content\/uploads\/2026\/07\/amazon-quadro-ney-matogrosso-bonsai-arquitetura.webp\" alt=\"\" class=\"wp-image-2696\" style=\"border-top-left-radius:10px;border-top-right-radius:10px;border-bottom-left-radius:10px;border-bottom-right-radius:10px\" srcset=\"https:\/\/bonsaiarquitetura.com.br\/wp-content\/uploads\/2026\/07\/amazon-quadro-ney-matogrosso-bonsai-arquitetura.webp 700w, https:\/\/bonsaiarquitetura.com.br\/wp-content\/uploads\/2026\/07\/amazon-quadro-ney-matogrosso-bonsai-arquitetura-300x300.webp 300w, https:\/\/bonsaiarquitetura.com.br\/wp-content\/uploads\/2026\/07\/amazon-quadro-ney-matogrosso-bonsai-arquitetura-150x150.webp 150w, https:\/\/bonsaiarquitetura.com.br\/wp-content\/uploads\/2026\/07\/amazon-quadro-ney-matogrosso-bonsai-arquitetura-12x12.webp 12w\" sizes=\"(max-width: 700px) 100vw, 700px\" \/><\/a><figcaption class=\"wp-element-caption\"><a href=\"https:\/\/link.amazon\/B07Rk18Kv\"><strong><mark style=\"background-color:rgba(0, 0, 0, 0);color:#425261\" class=\"has-inline-color\">Quadro Ney Mato Grosso<\/mark><\/strong><\/a><\/figcaption><\/figure>\n\n\n\n<figure class=\"wp-block-image size-large has-custom-border\"><a href=\"https:\/\/link.amazon\/B05vMMbwc\"><img decoding=\"async\" width=\"700\" height=\"700\" data-id=\"2695\" src=\"https:\/\/bonsaiarquitetura.com.br\/wp-content\/uploads\/2026\/07\/amazon-quadro-copacabana-rio-de-janeiro-decorativo-bonsai-arquitetura.webp\" alt=\"\" class=\"wp-image-2695\" style=\"border-top-left-radius:10px;border-top-right-radius:10px;border-bottom-left-radius:10px;border-bottom-right-radius:10px\" srcset=\"https:\/\/bonsaiarquitetura.com.br\/wp-content\/uploads\/2026\/07\/amazon-quadro-copacabana-rio-de-janeiro-decorativo-bonsai-arquitetura.webp 700w, https:\/\/bonsaiarquitetura.com.br\/wp-content\/uploads\/2026\/07\/amazon-quadro-copacabana-rio-de-janeiro-decorativo-bonsai-arquitetura-300x300.webp 300w, https:\/\/bonsaiarquitetura.com.br\/wp-content\/uploads\/2026\/07\/amazon-quadro-copacabana-rio-de-janeiro-decorativo-bonsai-arquitetura-150x150.webp 150w, https:\/\/bonsaiarquitetura.com.br\/wp-content\/uploads\/2026\/07\/amazon-quadro-copacabana-rio-de-janeiro-decorativo-bonsai-arquitetura-12x12.webp 12w\" sizes=\"(max-width: 700px) 100vw, 700px\" \/><\/a><figcaption class=\"wp-element-caption\"><a href=\"https:\/\/link.amazon\/B05vMMbwc\"><strong><mark style=\"background-color:rgba(0, 0, 0, 0);color:#425261\" class=\"has-inline-color\">Tela Copacabana Rio de Janeiro<\/mark><\/strong><\/a><\/figcaption><\/figure>\n\n\n\n<figure class=\"wp-block-image size-large has-custom-border\"><a href=\"https:\/\/link.amazon\/B072tWnwy\"><img decoding=\"async\" width=\"700\" height=\"700\" data-id=\"2700\" src=\"https:\/\/bonsaiarquitetura.com.br\/wp-content\/uploads\/2026\/07\/amazon-quadro-mulher-flores-coloridas-com-moldura-bonsai-arquitetura.webp\" alt=\"\" class=\"wp-image-2700\" style=\"border-top-left-radius:10px;border-top-right-radius:10px;border-bottom-left-radius:10px;border-bottom-right-radius:10px\" srcset=\"https:\/\/bonsaiarquitetura.com.br\/wp-content\/uploads\/2026\/07\/amazon-quadro-mulher-flores-coloridas-com-moldura-bonsai-arquitetura.webp 700w, https:\/\/bonsaiarquitetura.com.br\/wp-content\/uploads\/2026\/07\/amazon-quadro-mulher-flores-coloridas-com-moldura-bonsai-arquitetura-300x300.webp 300w, https:\/\/bonsaiarquitetura.com.br\/wp-content\/uploads\/2026\/07\/amazon-quadro-mulher-flores-coloridas-com-moldura-bonsai-arquitetura-150x150.webp 150w, https:\/\/bonsaiarquitetura.com.br\/wp-content\/uploads\/2026\/07\/amazon-quadro-mulher-flores-coloridas-com-moldura-bonsai-arquitetura-12x12.webp 12w\" sizes=\"(max-width: 700px) 100vw, 700px\" \/><\/a><figcaption class=\"wp-element-caption\"><strong><mark style=\"background-color:rgba(0, 0, 0, 0);color:#425261\" class=\"has-inline-color\"><a href=\"https:\/\/link.amazon\/B072tWnwy\">Quadro Mulher Flores Colorida<\/a>s<\/mark><\/strong><\/figcaption><\/figure>\n<\/figure>\n\n\n\n<div style=\"height:50px\" aria-hidden=\"true\" class=\"wp-block-spacer is-style-dots\"><\/div>\n\n\n\n<p class=\"has-text-color has-link-color wp-elements-49 wp-block-paragraph\" style=\"color:#425261;font-size:18px;font-style:normal;font-weight:400;line-height:2\"><strong><a href=\"https:\/\/link.amazon\/B0hx4HUY5\">Cesto Arcos Redondo em Rattan<\/a><\/strong>: Ajuda a organizar mantas, revistas ou objetos do dia a dia enquanto incorpora uma textura natural ao ambiente.<\/p>\n\n\n\n<p class=\"has-text-color has-link-color wp-elements-50 wp-block-paragraph\" style=\"color:#425261;font-size:18px;font-style:normal;font-weight:400;line-height:2\"><strong><a href=\"https:\/\/link.amazon\/B046EzAgZ\">Abajur Ravely em Rattan<\/a><\/strong>: A ilumina\u00e7\u00e3o quente valoriza as pe\u00e7as afetivas e cria uma atmosfera confort\u00e1vel durante a noite.<\/p>\n\n\n\n<p class=\"has-text-color has-link-color wp-elements-51 wp-block-paragraph\" style=\"color:#425261;font-size:18px;font-style:normal;font-weight:400;line-height:2\"><strong><a href=\"https:\/\/link.amazon\/B05w3LKg3\">Cadeiras em Madeira e Rattan<\/a><\/strong>: A combina\u00e7\u00e3o entre madeira e fibras naturais refor\u00e7a a simplicidade acolhedora presente no design brasileiro.<\/p>\n\n\n\n<figure class=\"wp-block-gallery has-nested-images columns-default is-cropped wp-block-gallery-2 is-layout-flex wp-block-gallery-is-layout-flex\">\n<figure class=\"wp-block-image size-large has-custom-border\"><a href=\"https:\/\/link.amazon\/B0hx4HUY5\"><img loading=\"lazy\" decoding=\"async\" width=\"700\" height=\"700\" data-id=\"2699\" src=\"https:\/\/bonsaiarquitetura.com.br\/wp-content\/uploads\/2026\/07\/amazon-cesto-arcos-redondo-rattan-bonsai-arquitetura.webp\" alt=\"\" class=\"wp-image-2699\" style=\"border-top-left-radius:10px;border-top-right-radius:10px;border-bottom-left-radius:10px;border-bottom-right-radius:10px\" srcset=\"https:\/\/bonsaiarquitetura.com.br\/wp-content\/uploads\/2026\/07\/amazon-cesto-arcos-redondo-rattan-bonsai-arquitetura.webp 700w, https:\/\/bonsaiarquitetura.com.br\/wp-content\/uploads\/2026\/07\/amazon-cesto-arcos-redondo-rattan-bonsai-arquitetura-300x300.webp 300w, https:\/\/bonsaiarquitetura.com.br\/wp-content\/uploads\/2026\/07\/amazon-cesto-arcos-redondo-rattan-bonsai-arquitetura-150x150.webp 150w, https:\/\/bonsaiarquitetura.com.br\/wp-content\/uploads\/2026\/07\/amazon-cesto-arcos-redondo-rattan-bonsai-arquitetura-12x12.webp 12w\" sizes=\"(max-width: 700px) 100vw, 700px\" \/><\/a><figcaption class=\"wp-element-caption\"><strong><a href=\"https:\/\/link.amazon\/B0hx4HUY5\"><mark style=\"background-color:rgba(0, 0, 0, 0);color:#425261\" class=\"has-inline-color\">Cesto Arcos Redondo em Rattan<\/mark><\/a><\/strong><\/figcaption><\/figure>\n\n\n\n<figure class=\"wp-block-image size-full has-custom-border\"><a href=\"https:\/\/link.amazon\/B046EzAgZ\"><img loading=\"lazy\" decoding=\"async\" width=\"700\" height=\"700\" data-id=\"2698\" src=\"https:\/\/bonsaiarquitetura.com.br\/wp-content\/uploads\/2026\/07\/amazon-kit-abajur-chao-ravely-rattan-bonsai-arquitetura.webp\" alt=\"\" class=\"wp-image-2698\" style=\"border-top-left-radius:10px;border-top-right-radius:10px;border-bottom-left-radius:10px;border-bottom-right-radius:10px\" srcset=\"https:\/\/bonsaiarquitetura.com.br\/wp-content\/uploads\/2026\/07\/amazon-kit-abajur-chao-ravely-rattan-bonsai-arquitetura.webp 700w, https:\/\/bonsaiarquitetura.com.br\/wp-content\/uploads\/2026\/07\/amazon-kit-abajur-chao-ravely-rattan-bonsai-arquitetura-300x300.webp 300w, https:\/\/bonsaiarquitetura.com.br\/wp-content\/uploads\/2026\/07\/amazon-kit-abajur-chao-ravely-rattan-bonsai-arquitetura-150x150.webp 150w, https:\/\/bonsaiarquitetura.com.br\/wp-content\/uploads\/2026\/07\/amazon-kit-abajur-chao-ravely-rattan-bonsai-arquitetura-12x12.webp 12w\" sizes=\"(max-width: 700px) 100vw, 700px\" \/><\/a><figcaption class=\"wp-element-caption\"><strong><a href=\"https:\/\/link.amazon\/B046EzAgZ\"><mark style=\"background-color:rgba(0, 0, 0, 0);color:#425261\" class=\"has-inline-color\">Abajur Ravely em Rattan<\/mark><\/a><\/strong><\/figcaption><\/figure>\n\n\n\n<figure class=\"wp-block-image size-large has-custom-border\"><img loading=\"lazy\" decoding=\"async\" width=\"700\" height=\"700\" data-id=\"2697\" src=\"https:\/\/bonsaiarquitetura.com.br\/wp-content\/uploads\/2026\/07\/amazon-kit-cadeiras-estofada-em-madeira-e-rattan-bonsai-arquitetura.webp\" alt=\"\" class=\"wp-image-2697\" style=\"border-top-left-radius:10px;border-top-right-radius:10px;border-bottom-left-radius:10px;border-bottom-right-radius:10px\" srcset=\"https:\/\/bonsaiarquitetura.com.br\/wp-content\/uploads\/2026\/07\/amazon-kit-cadeiras-estofada-em-madeira-e-rattan-bonsai-arquitetura.webp 700w, https:\/\/bonsaiarquitetura.com.br\/wp-content\/uploads\/2026\/07\/amazon-kit-cadeiras-estofada-em-madeira-e-rattan-bonsai-arquitetura-300x300.webp 300w, https:\/\/bonsaiarquitetura.com.br\/wp-content\/uploads\/2026\/07\/amazon-kit-cadeiras-estofada-em-madeira-e-rattan-bonsai-arquitetura-150x150.webp 150w, https:\/\/bonsaiarquitetura.com.br\/wp-content\/uploads\/2026\/07\/amazon-kit-cadeiras-estofada-em-madeira-e-rattan-bonsai-arquitetura-12x12.webp 12w\" sizes=\"(max-width: 700px) 100vw, 700px\" \/><figcaption class=\"wp-element-caption\"><strong><a href=\"https:\/\/link.amazon\/B05w3LKg3\"><mark style=\"background-color:rgba(0, 0, 0, 0);color:#425261\" class=\"has-inline-color\">Cadeiras em Madeira e Rattan<\/mark><\/a><\/strong><\/figcaption><\/figure>\n<\/figure>\n\n\n\n<div style=\"height:50px\" aria-hidden=\"true\" class=\"wp-block-spacer is-style-dots\"><\/div>\n\n\n\n<h2 class=\"wp-block-heading has-text-color has-link-color wp-elements-52\" style=\"color:#8c5737;font-size:25px;font-style:normal;font-weight:700;line-height:2\">\ud83c\udf3f As lembran\u00e7as tamb\u00e9m desenham a casa<\/h2>\n\n\n\n<p class=\"has-text-color has-link-color wp-elements-53 wp-block-paragraph\" style=\"color:#425261;font-size:18px;font-style:normal;font-weight:400;line-height:2\">Quando moramos longe, \u00e9 natural querer preservar aquilo que nos conecta \u00e0s nossas origens.<\/p>\n\n\n\n<p class=\"has-text-color has-link-color wp-elements-54 wp-block-paragraph\" style=\"color:#425261;font-size:18px;font-style:normal;font-weight:400;line-height:2\">Mas uma casa n\u00e3o precisa mostrar todas as hist\u00f3rias ao mesmo tempo.<\/p>\n\n\n\n<p class=\"has-text-color has-link-color wp-elements-55 wp-block-paragraph\" style=\"color:#425261;font-size:18px;font-style:normal;font-weight:400;line-height:2\">Assim, ela apenas precisa contar as mais importantes.<\/p>\n\n\n\n<p class=\"has-text-color has-link-color wp-elements-56 wp-block-paragraph\" style=\"color:#425261;font-size:18px;font-style:normal;font-weight:400;line-height:2\">Ao escolher com cuidado aquilo que permanece \u00e0 vista, voc\u00ea cria um ambiente que acolhe sua rotina, respeita o espa\u00e7o dispon\u00edvel e mant\u00e9m vivas as mem\u00f3rias que realmente fazem parte da sua forma de morar.<\/p>\n\n\n\n<div style=\"height:50px\" aria-hidden=\"true\" class=\"wp-block-spacer is-style-dots\"><\/div>\n\n\n\n<h2 class=\"wp-block-heading has-text-color has-link-color wp-elements-57\" style=\"color:#8c5737;font-size:25px;font-style:normal;font-weight:700;line-height:2\">\ud83c\udf3f Perguntas frequentes sobre como expor mem\u00f3rias em um studio<\/h2>\n\n\n\n<p class=\"has-text-color has-link-color wp-elements-58 wp-block-paragraph\" style=\"color:#425261;font-size:18px;line-height:2\"><strong>Como decorar um studio com lembran\u00e7as sem deix\u00e1-lo carregado?<\/strong><\/p>\n\n\n\n<p class=\"has-text-color has-link-color wp-elements-59 wp-block-paragraph\" style=\"color:#425261;font-size:18px;line-height:2\">O segredo est\u00e1 na curadoria. Ou seja, escolha poucas pe\u00e7as com significado, organize-as em composi\u00e7\u00f5es e mantenha espa\u00e7os livres para preservar a sensa\u00e7\u00e3o de amplitude.<\/p>\n\n\n\n<p class=\"has-text-color has-link-color wp-elements-60 wp-block-paragraph\" style=\"color:#425261;font-size:18px;line-height:2\"><strong>Quantos objetos decorativos devo deixar expostos em um studio?<\/strong><\/p>\n\n\n\n<p class=\"has-text-color has-link-color wp-elements-61 wp-block-paragraph\" style=\"color:#425261;font-size:18px;line-height:2\">N\u00e3o existe um n\u00famero ideal. Dessa forma, o importante \u00e9 que cada objeto tenha espa\u00e7o para ser percebido e n\u00e3o comprometa a circula\u00e7\u00e3o nem a organiza\u00e7\u00e3o do ambiente.<\/p>\n\n\n\n<p class=\"has-text-color has-link-color wp-elements-62 wp-block-paragraph\" style=\"color:#425261;font-size:18px;line-height:2\"><strong>Vale a pena fazer rod\u00edzio dos objetos decorativos?<\/strong><\/p>\n\n\n\n<p class=\"has-text-color has-link-color wp-elements-63 wp-block-paragraph\" style=\"color:#425261;font-size:18px;line-height:2\">Sim. Pois a rota\u00e7\u00e3o mant\u00e9m o ambiente interessante, reduz o excesso visual e permite que diferentes mem\u00f3rias recebam destaque ao longo do ano.<\/p>\n\n\n\n<div style=\"height:50px\" aria-hidden=\"true\" class=\"wp-block-spacer is-style-dots\"><\/div>\n\n\n\n<p class=\"has-text-color has-link-color wp-elements-64 wp-block-paragraph\" style=\"color:#8c5737;font-size:25px;line-height:2\">\ud83c\udf3f <strong>O seu pr\u00f3ximo passo!<\/strong><\/p>\n\n\n\n<p class=\"has-text-color has-link-color wp-elements-65 wp-block-paragraph\" style=\"color:#425261;font-size:18px;line-height:2\">Agora, o seu pr\u00f3ximo passo \u00e9 <a href=\"https:\/\/api.whatsapp.com\/send\/?phone=559899118046&amp;text&amp;type=phone_number&amp;app_absent=0\"><strong>entrar em contato conosco<\/strong><\/a>!&nbsp;<\/p>\n\n\n\n<p class=\"has-text-color has-link-color wp-elements-66 wp-block-paragraph\" style=\"color:#425261;font-size:18px;line-height:2\">Receba nosso direcionamento profissional para criar o projeto ideal para a sua casa.<\/p>\n\n\n\n<p class=\"has-text-color has-link-color wp-elements-67 wp-block-paragraph\" style=\"color:#425261;font-size:18px;line-height:2\">Se gostou deste artigo, veja tamb\u00e9m: <a href=\"https:\/\/bonsaiarquitetura.com.br\/en\/arquiteto-online-morando-no-exterior\/\"><strong>Como trazer o design brasileiro para apartamentos compactos no exterior<\/strong><\/a>.<\/p>\n\n\n\n<p class=\"has-text-color has-link-color wp-elements-68 wp-block-paragraph\" style=\"color:#425261;font-size:18px;line-height:2\">E, por fim, siga-nos no <a href=\"https:\/\/www.instagram.com\/bonsaiarquitetura\/\"><strong>Instagram<\/strong><\/a> e <a href=\"https:\/\/br.pinterest.com\/bonsaiarquitetura\/\"><strong>Pinterest<\/strong><\/a> para continuar recebendo nossos conte\u00fados e inspira\u00e7\u00f5es.<\/p>\n\n\n\n<div style=\"height:50px\" aria-hidden=\"true\" class=\"wp-block-spacer is-style-dots\"><\/div>\n\n\n\n<hr class=\"wp-block-separator has-alpha-channel-opacity\"\/>\n\n\n\n<p class=\"has-text-color has-link-color wp-elements-69 wp-block-paragraph\" style=\"color:#425261\">\ud83e\udeb4 <em>Este artigo pode conter links de marcas parceiras que amamos. Ao adquirir produtos por meio deles, voc\u00ea apoia o Bonsai Arquitetura e Interiores a continuar criando conte\u00fados inspiradores, sem custo adicional para voc\u00ea.<\/em><\/p>\n\n\n\n<div style=\"height:50px\" aria-hidden=\"true\" class=\"wp-block-spacer is-style-dots\"><\/div>\n\n\n\n<p class=\"has-text-color has-link-color wp-elements-70 wp-block-paragraph\" style=\"color:#425261;font-size:18px;line-height:2\"><\/p>\n\n\n\n<p class=\"wp-block-paragraph\"><\/p>","protected":false},"excerpt":{"rendered":"<p>Voc\u00ea abre uma caixa que veio do Brasil. L\u00e1 dentro est\u00e3o fotografias, uma cer\u00e2mica comprada em uma viagem, um livro antigo, um pequeno quadro e lembran\u00e7as que atravessaram oceanos. A vontade \u00e9 deixar tudo \u00e0 vista. Afinal, esses objetos carregam pessoas, lugares e hist\u00f3rias. Mas basta come\u00e7ar a distribu\u00ed-los pelo studio para surgir outra preocupa\u00e7\u00e3o: [&hellip;]<\/p>\n","protected":false},"author":1,"featured_media":2698,"comment_status":"open","ping_status":"closed","sticky":false,"template":"","format":"standard","meta":{"footnotes":""},"categories":[27],"tags":[35,26,55,12,34,20,33,54],"class_list":["post-2717","post","type-post","status-publish","format-standard","has-post-thumbnail","hentry","category-identidade-e-raizes","tag-apartamento-compacto","tag-aproveitamento-do-espaco","tag-bem-estar-2","tag-conforto","tag-consultoria-de-interiores","tag-harmonia-no-espaco","tag-identidade-cultural","tag-projetos-online-de-interiores"],"yoast_head":"<!-- This site is optimized with the Yoast SEO plugin v28.3 - https:\/\/yoast.com\/product\/yoast-seo-wordpress\/ -->\n<title>decora\u00e7\u00e3o afetiva para apartamento pequeno - Bonsai Arquitetura e Interiores<\/title>\n<meta name=\"description\" content=\"Descubra como usar a decora\u00e7\u00e3o afetiva para apartamento pequeno e expor mem\u00f3rias com equil\u00edbrio, organiza\u00e7\u00e3o e identidade.\" \/>\n<meta name=\"robots\" content=\"index, follow, max-snippet:-1, max-image-preview:large, max-video-preview:-1\" \/>\n<link rel=\"canonical\" href=\"https:\/\/bonsaiarquitetura.com.br\/en\/decoracao-afetiva-apartamento-pequeno\/\" \/>\n<meta property=\"og:locale\" content=\"en_US\" \/>\n<meta property=\"og:type\" content=\"article\" \/>\n<meta property=\"og:title\" content=\"decora\u00e7\u00e3o afetiva para apartamento pequeno - Bonsai Arquitetura e Interiores\" \/>\n<meta property=\"og:description\" content=\"Descubra como usar a decora\u00e7\u00e3o afetiva para apartamento pequeno e expor mem\u00f3rias com equil\u00edbrio, organiza\u00e7\u00e3o e identidade.\" \/>\n<meta property=\"og:url\" content=\"https:\/\/bonsaiarquitetura.com.br\/en\/decoracao-afetiva-apartamento-pequeno\/\" \/>\n<meta property=\"og:site_name\" content=\"Bonsai Arquitetura e Interiores\" \/>\n<meta property=\"article:published_time\" content=\"2026-08-10T08:30:00+00:00\" \/>\n<meta property=\"og:image\" content=\"https:\/\/bonsaiarquitetura.com.br\/wp-content\/uploads\/2026\/07\/amazon-kit-abajur-chao-ravely-rattan-bonsai-arquitetura.webp\" \/>\n\t<meta property=\"og:image:width\" content=\"700\" \/>\n\t<meta property=\"og:image:height\" content=\"700\" \/>\n\t<meta property=\"og:image:type\" content=\"image\/webp\" \/>\n<meta name=\"author\" content=\"Bonsai Arquitetura\" \/>\n<meta name=\"twitter:card\" content=\"summary_large_image\" \/>\n<meta name=\"twitter:label1\" content=\"Written by\" \/>\n\t<meta name=\"twitter:data1\" content=\"Bonsai Arquitetura\" \/>\n\t<meta name=\"twitter:label2\" content=\"Est. reading time\" \/>\n\t<meta name=\"twitter:data2\" content=\"8 minutes\" \/>\n<script type=\"application\/ld+json\" class=\"yoast-schema-graph\">{\"@context\":\"https:\\\/\\\/schema.org\",\"@graph\":[{\"@type\":\"Article\",\"@id\":\"https:\\\/\\\/bonsaiarquitetura.com.br\\\/decoracao-afetiva-apartamento-pequeno\\\/#article\",\"isPartOf\":{\"@id\":\"https:\\\/\\\/bonsaiarquitetura.com.br\\\/decoracao-afetiva-apartamento-pequeno\\\/\"},\"author\":{\"name\":\"Bonsai Arquitetura\",\"@id\":\"https:\\\/\\\/bonsaiarquitetura.com.br\\\/#\\\/schema\\\/person\\\/465bc7eea8e418533eb25b8c9d03318a\"},\"headline\":\"Como expor mem\u00f3rias do Brasil em um studio sem perder amplitude\",\"datePublished\":\"2026-08-10T08:30:00+00:00\",\"mainEntityOfPage\":{\"@id\":\"https:\\\/\\\/bonsaiarquitetura.com.br\\\/decoracao-afetiva-apartamento-pequeno\\\/\"},\"wordCount\":1265,\"commentCount\":0,\"image\":{\"@id\":\"https:\\\/\\\/bonsaiarquitetura.com.br\\\/decoracao-afetiva-apartamento-pequeno\\\/#primaryimage\"},\"thumbnailUrl\":\"https:\\\/\\\/bonsaiarquitetura.com.br\\\/wp-content\\\/uploads\\\/2026\\\/07\\\/amazon-kit-abajur-chao-ravely-rattan-bonsai-arquitetura.webp\",\"keywords\":[\"apartamento compacto\",\"aproveitamento do espa\u00e7o\",\"bem estar\",\"conforto\",\"consultoria de interiores\",\"harmonia no espa\u00e7o\",\"identidade cultural\",\"projetos online de interiores\"],\"articleSection\":[\"Identidade &amp; Ra\u00edzes\"],\"inLanguage\":\"en-US\",\"potentialAction\":[{\"@type\":\"CommentAction\",\"name\":\"Comment\",\"target\":[\"https:\\\/\\\/bonsaiarquitetura.com.br\\\/decoracao-afetiva-apartamento-pequeno\\\/#respond\"]}]},{\"@type\":\"WebPage\",\"@id\":\"https:\\\/\\\/bonsaiarquitetura.com.br\\\/decoracao-afetiva-apartamento-pequeno\\\/\",\"url\":\"https:\\\/\\\/bonsaiarquitetura.com.br\\\/decoracao-afetiva-apartamento-pequeno\\\/\",\"name\":\"decora\u00e7\u00e3o afetiva para apartamento pequeno - Bonsai Arquitetura e Interiores\",\"isPartOf\":{\"@id\":\"https:\\\/\\\/bonsaiarquitetura.com.br\\\/#website\"},\"primaryImageOfPage\":{\"@id\":\"https:\\\/\\\/bonsaiarquitetura.com.br\\\/decoracao-afetiva-apartamento-pequeno\\\/#primaryimage\"},\"image\":{\"@id\":\"https:\\\/\\\/bonsaiarquitetura.com.br\\\/decoracao-afetiva-apartamento-pequeno\\\/#primaryimage\"},\"thumbnailUrl\":\"https:\\\/\\\/bonsaiarquitetura.com.br\\\/wp-content\\\/uploads\\\/2026\\\/07\\\/amazon-kit-abajur-chao-ravely-rattan-bonsai-arquitetura.webp\",\"datePublished\":\"2026-08-10T08:30:00+00:00\",\"author\":{\"@id\":\"https:\\\/\\\/bonsaiarquitetura.com.br\\\/#\\\/schema\\\/person\\\/465bc7eea8e418533eb25b8c9d03318a\"},\"description\":\"Descubra como usar a decora\u00e7\u00e3o afetiva para apartamento pequeno e expor mem\u00f3rias com equil\u00edbrio, organiza\u00e7\u00e3o e identidade.\",\"breadcrumb\":{\"@id\":\"https:\\\/\\\/bonsaiarquitetura.com.br\\\/decoracao-afetiva-apartamento-pequeno\\\/#breadcrumb\"},\"inLanguage\":\"en-US\",\"potentialAction\":[{\"@type\":\"ReadAction\",\"target\":[\"https:\\\/\\\/bonsaiarquitetura.com.br\\\/decoracao-afetiva-apartamento-pequeno\\\/\"]}]},{\"@type\":\"ImageObject\",\"inLanguage\":\"en-US\",\"@id\":\"https:\\\/\\\/bonsaiarquitetura.com.br\\\/decoracao-afetiva-apartamento-pequeno\\\/#primaryimage\",\"url\":\"https:\\\/\\\/bonsaiarquitetura.com.br\\\/wp-content\\\/uploads\\\/2026\\\/07\\\/amazon-kit-abajur-chao-ravely-rattan-bonsai-arquitetura.webp\",\"contentUrl\":\"https:\\\/\\\/bonsaiarquitetura.com.br\\\/wp-content\\\/uploads\\\/2026\\\/07\\\/amazon-kit-abajur-chao-ravely-rattan-bonsai-arquitetura.webp\",\"width\":700,\"height\":700,\"caption\":\"Decora\u00e7\u00e3o afetiva para apartamento pequeno com quadros, livros e objetos que representam mem\u00f3rias do Brasil.\"},{\"@type\":\"BreadcrumbList\",\"@id\":\"https:\\\/\\\/bonsaiarquitetura.com.br\\\/decoracao-afetiva-apartamento-pequeno\\\/#breadcrumb\",\"itemListElement\":[{\"@type\":\"ListItem\",\"position\":1,\"name\":\"In\u00edcio\",\"item\":\"https:\\\/\\\/bonsaiarquitetura.com.br\\\/\"},{\"@type\":\"ListItem\",\"position\":2,\"name\":\"Como expor mem\u00f3rias do Brasil em um studio sem perder amplitude\"}]},{\"@type\":\"WebSite\",\"@id\":\"https:\\\/\\\/bonsaiarquitetura.com.br\\\/#website\",\"url\":\"https:\\\/\\\/bonsaiarquitetura.com.br\\\/\",\"name\":\"Bonsai Arquitetura e Interiores\",\"description\":\"Projeto e Consultoria Online para Espa\u00e7os Compactos\",\"potentialAction\":[{\"@type\":\"SearchAction\",\"target\":{\"@type\":\"EntryPoint\",\"urlTemplate\":\"https:\\\/\\\/bonsaiarquitetura.com.br\\\/?s={search_term_string}\"},\"query-input\":{\"@type\":\"PropertyValueSpecification\",\"valueRequired\":true,\"valueName\":\"search_term_string\"}}],\"inLanguage\":\"en-US\"},{\"@type\":\"Person\",\"@id\":\"https:\\\/\\\/bonsaiarquitetura.com.br\\\/#\\\/schema\\\/person\\\/465bc7eea8e418533eb25b8c9d03318a\",\"name\":\"Bonsai Arquitetura\",\"image\":{\"@type\":\"ImageObject\",\"inLanguage\":\"en-US\",\"@id\":\"https:\\\/\\\/secure.gravatar.com\\\/avatar\\\/1ddc926a66842c2b02b2afab2acc7220bb5730ce9cd0c9eb3e91f57f140ebdab?s=96&d=mm&r=g\",\"url\":\"https:\\\/\\\/secure.gravatar.com\\\/avatar\\\/1ddc926a66842c2b02b2afab2acc7220bb5730ce9cd0c9eb3e91f57f140ebdab?s=96&d=mm&r=g\",\"contentUrl\":\"https:\\\/\\\/secure.gravatar.com\\\/avatar\\\/1ddc926a66842c2b02b2afab2acc7220bb5730ce9cd0c9eb3e91f57f140ebdab?s=96&d=mm&r=g\",\"caption\":\"Bonsai Arquitetura\"},\"sameAs\":[\"https:\\\/\\\/bonsaiarquitetura.com.br\"],\"url\":\"https:\\\/\\\/bonsaiarquitetura.com.br\\\/en\\\/author\\\/bonsai\\\/\"}]}<\/script>\n<!-- \/ Yoast SEO plugin. -->","yoast_head_json":{"title":"decora\u00e7\u00e3o afetiva para apartamento pequeno - Bonsai Arquitetura e Interiores","description":"Descubra como usar a decora\u00e7\u00e3o afetiva para apartamento pequeno e expor mem\u00f3rias com equil\u00edbrio, organiza\u00e7\u00e3o e identidade.","robots":{"index":"index","follow":"follow","max-snippet":"max-snippet:-1","max-image-preview":"max-image-preview:large","max-video-preview":"max-video-preview:-1"},"canonical":"https:\/\/bonsaiarquitetura.com.br\/en\/decoracao-afetiva-apartamento-pequeno\/","og_locale":"en_US","og_type":"article","og_title":"decora\u00e7\u00e3o afetiva para apartamento pequeno - Bonsai Arquitetura e Interiores","og_description":"Descubra como usar a decora\u00e7\u00e3o afetiva para apartamento pequeno e expor mem\u00f3rias com equil\u00edbrio, organiza\u00e7\u00e3o e identidade.","og_url":"https:\/\/bonsaiarquitetura.com.br\/en\/decoracao-afetiva-apartamento-pequeno\/","og_site_name":"Bonsai Arquitetura e Interiores","article_published_time":"2026-08-10T08:30:00+00:00","og_image":[{"width":700,"height":700,"url":"https:\/\/bonsaiarquitetura.com.br\/wp-content\/uploads\/2026\/07\/amazon-kit-abajur-chao-ravely-rattan-bonsai-arquitetura.webp","type":"image\/webp"}],"author":"Bonsai Arquitetura","twitter_card":"summary_large_image","twitter_misc":{"Written by":"Bonsai Arquitetura","Est. reading time":"8 minutes"},"schema":{"@context":"https:\/\/schema.org","@graph":[{"@type":"Article","@id":"https:\/\/bonsaiarquitetura.com.br\/decoracao-afetiva-apartamento-pequeno\/#article","isPartOf":{"@id":"https:\/\/bonsaiarquitetura.com.br\/decoracao-afetiva-apartamento-pequeno\/"},"author":{"name":"Bonsai Arquitetura","@id":"https:\/\/bonsaiarquitetura.com.br\/#\/schema\/person\/465bc7eea8e418533eb25b8c9d03318a"},"headline":"Como expor mem\u00f3rias do Brasil em um studio sem perder amplitude","datePublished":"2026-08-10T08:30:00+00:00","mainEntityOfPage":{"@id":"https:\/\/bonsaiarquitetura.com.br\/decoracao-afetiva-apartamento-pequeno\/"},"wordCount":1265,"commentCount":0,"image":{"@id":"https:\/\/bonsaiarquitetura.com.br\/decoracao-afetiva-apartamento-pequeno\/#primaryimage"},"thumbnailUrl":"https:\/\/bonsaiarquitetura.com.br\/wp-content\/uploads\/2026\/07\/amazon-kit-abajur-chao-ravely-rattan-bonsai-arquitetura.webp","keywords":["apartamento compacto","aproveitamento do espa\u00e7o","bem estar","conforto","consultoria de interiores","harmonia no espa\u00e7o","identidade cultural","projetos online de interiores"],"articleSection":["Identidade &amp; Ra\u00edzes"],"inLanguage":"en-US","potentialAction":[{"@type":"CommentAction","name":"Comment","target":["https:\/\/bonsaiarquitetura.com.br\/decoracao-afetiva-apartamento-pequeno\/#respond"]}]},{"@type":"WebPage","@id":"https:\/\/bonsaiarquitetura.com.br\/decoracao-afetiva-apartamento-pequeno\/","url":"https:\/\/bonsaiarquitetura.com.br\/decoracao-afetiva-apartamento-pequeno\/","name":"decora\u00e7\u00e3o afetiva para apartamento pequeno - Bonsai Arquitetura e Interiores","isPartOf":{"@id":"https:\/\/bonsaiarquitetura.com.br\/#website"},"primaryImageOfPage":{"@id":"https:\/\/bonsaiarquitetura.com.br\/decoracao-afetiva-apartamento-pequeno\/#primaryimage"},"image":{"@id":"https:\/\/bonsaiarquitetura.com.br\/decoracao-afetiva-apartamento-pequeno\/#primaryimage"},"thumbnailUrl":"https:\/\/bonsaiarquitetura.com.br\/wp-content\/uploads\/2026\/07\/amazon-kit-abajur-chao-ravely-rattan-bonsai-arquitetura.webp","datePublished":"2026-08-10T08:30:00+00:00","author":{"@id":"https:\/\/bonsaiarquitetura.com.br\/#\/schema\/person\/465bc7eea8e418533eb25b8c9d03318a"},"description":"Descubra como usar a decora\u00e7\u00e3o afetiva para apartamento pequeno e expor mem\u00f3rias com equil\u00edbrio, organiza\u00e7\u00e3o e identidade.","breadcrumb":{"@id":"https:\/\/bonsaiarquitetura.com.br\/decoracao-afetiva-apartamento-pequeno\/#breadcrumb"},"inLanguage":"en-US","potentialAction":[{"@type":"ReadAction","target":["https:\/\/bonsaiarquitetura.com.br\/decoracao-afetiva-apartamento-pequeno\/"]}]},{"@type":"ImageObject","inLanguage":"en-US","@id":"https:\/\/bonsaiarquitetura.com.br\/decoracao-afetiva-apartamento-pequeno\/#primaryimage","url":"https:\/\/bonsaiarquitetura.com.br\/wp-content\/uploads\/2026\/07\/amazon-kit-abajur-chao-ravely-rattan-bonsai-arquitetura.webp","contentUrl":"https:\/\/bonsaiarquitetura.com.br\/wp-content\/uploads\/2026\/07\/amazon-kit-abajur-chao-ravely-rattan-bonsai-arquitetura.webp","width":700,"height":700,"caption":"Decora\u00e7\u00e3o afetiva para apartamento pequeno com quadros, livros e objetos que representam mem\u00f3rias do Brasil."},{"@type":"BreadcrumbList","@id":"https:\/\/bonsaiarquitetura.com.br\/decoracao-afetiva-apartamento-pequeno\/#breadcrumb","itemListElement":[{"@type":"ListItem","position":1,"name":"In\u00edcio","item":"https:\/\/bonsaiarquitetura.com.br\/"},{"@type":"ListItem","position":2,"name":"Como expor mem\u00f3rias do Brasil em um studio sem perder amplitude"}]},{"@type":"WebSite","@id":"https:\/\/bonsaiarquitetura.com.br\/#website","url":"https:\/\/bonsaiarquitetura.com.br\/","name":"Bonsai Architecture and Interiors","description":"Projeto e Consultoria Online para Espa\u00e7os Compactos","potentialAction":[{"@type":"SearchAction","target":{"@type":"EntryPoint","urlTemplate":"https:\/\/bonsaiarquitetura.com.br\/?s={search_term_string}"},"query-input":{"@type":"PropertyValueSpecification","valueRequired":true,"valueName":"search_term_string"}}],"inLanguage":"en-US"},{"@type":"Person","@id":"https:\/\/bonsaiarquitetura.com.br\/#\/schema\/person\/465bc7eea8e418533eb25b8c9d03318a","name":"Bonsai Architecture","image":{"@type":"ImageObject","inLanguage":"en-US","@id":"https:\/\/secure.gravatar.com\/avatar\/1ddc926a66842c2b02b2afab2acc7220bb5730ce9cd0c9eb3e91f57f140ebdab?s=96&d=mm&r=g","url":"https:\/\/secure.gravatar.com\/avatar\/1ddc926a66842c2b02b2afab2acc7220bb5730ce9cd0c9eb3e91f57f140ebdab?s=96&d=mm&r=g","contentUrl":"https:\/\/secure.gravatar.com\/avatar\/1ddc926a66842c2b02b2afab2acc7220bb5730ce9cd0c9eb3e91f57f140ebdab?s=96&d=mm&r=g","caption":"Bonsai Arquitetura"},"sameAs":["https:\/\/bonsaiarquitetura.com.br"],"url":"https:\/\/bonsaiarquitetura.com.br\/en\/author\/bonsai\/"}]}},"_links":{"self":[{"href":"https:\/\/bonsaiarquitetura.com.br\/en\/wp-json\/wp\/v2\/posts\/2717","targetHints":{"allow":["GET"]}}],"collection":[{"href":"https:\/\/bonsaiarquitetura.com.br\/en\/wp-json\/wp\/v2\/posts"}],"about":[{"href":"https:\/\/bonsaiarquitetura.com.br\/en\/wp-json\/wp\/v2\/types\/post"}],"author":[{"embeddable":true,"href":"https:\/\/bonsaiarquitetura.com.br\/en\/wp-json\/wp\/v2\/users\/1"}],"replies":[{"embeddable":true,"href":"https:\/\/bonsaiarquitetura.com.br\/en\/wp-json\/wp\/v2\/comments?post=2717"}],"version-history":[{"count":1,"href":"https:\/\/bonsaiarquitetura.com.br\/en\/wp-json\/wp\/v2\/posts\/2717\/revisions"}],"predecessor-version":[{"id":2718,"href":"https:\/\/bonsaiarquitetura.com.br\/en\/wp-json\/wp\/v2\/posts\/2717\/revisions\/2718"}],"wp:featuredmedia":[{"embeddable":true,"href":"https:\/\/bonsaiarquitetura.com.br\/en\/wp-json\/wp\/v2\/media\/2698"}],"wp:attachment":[{"href":"https:\/\/bonsaiarquitetura.com.br\/en\/wp-json\/wp\/v2\/media?parent=2717"}],"wp:term":[{"taxonomy":"category","embeddable":true,"href":"https:\/\/bonsaiarquitetura.com.br\/en\/wp-json\/wp\/v2\/categories?post=2717"},{"taxonomy":"post_tag","embeddable":true,"href":"https:\/\/bonsaiarquitetura.com.br\/en\/wp-json\/wp\/v2\/tags?post=2717"}],"curies":[{"name":"wp","href":"https:\/\/api.w.org\/{rel}","templated":true}]}}