{"id":2720,"date":"2026-08-17T08:30:00","date_gmt":"2026-08-17T08:30:00","guid":{"rendered":"https:\/\/bonsaiarquitetura.com.br\/?p=2720"},"modified":"2026-07-23T23:19:43","modified_gmt":"2026-07-23T23:19:43","slug":"casa-acolhedora-apartamento-pequeno","status":"publish","type":"post","link":"https:\/\/bonsaiarquitetura.com.br\/en\/casa-acolhedora-apartamento-pequeno\/","title":{"rendered":"Como criar uma casa acolhedora em apartamento pequeno usando os sentidos"},"content":{"rendered":"<div style=\"height:100px\" aria-hidden=\"true\" class=\"wp-block-spacer is-style-dots\"><\/div>\n\n\n\n<p class=\"has-text-color has-link-color wp-elements-1 wp-block-paragraph\" style=\"color:#425261;font-size:18px;line-height:2\">Voltar para casa depois de um dia de trabalho costuma despertar um desejo simples: sentir que aquele lugar realmente pertence a voc\u00ea. Para muitos brasileiros que vivem no exterior, esse sentimento nem sempre acontece. O apartamento \u00e9 bonito, organizado e funcional, mas parece faltar calor humano. A rea\u00e7\u00e3o mais comum \u00e9 comprar objetos que lembrem o Brasil. No entanto, nem sempre isso resolve. Em apartamentos compactos, o excesso pode at\u00e9 provocar o efeito contr\u00e1rio. A boa not\u00edcia \u00e9 que <strong>criar uma casa acolhedora em apartamento pequeno<\/strong> depende muito mais da experi\u00eancia que o ambiente proporciona do que da quantidade de objetos que ele abriga. Cores, texturas, aromas e ilumina\u00e7\u00e3o podem despertar mem\u00f3rias profundas ocupando muito menos espa\u00e7o.<\/p>\n\n\n\n<div style=\"height:50px\" aria-hidden=\"true\" class=\"wp-block-spacer is-style-dots\"><\/div>\n\n\n\n<h2 class=\"wp-block-heading has-text-color has-link-color wp-elements-2\" style=\"color:#8c5737;font-size:25px\">\ud83c\udf3fQuando tentamos guardar nosso pa\u00eds em objetos<\/h2>\n\n\n\n<p class=\"has-text-color has-link-color wp-elements-3 wp-block-paragraph\" style=\"color:#425261;font-size:18px;line-height:2\">Quem mora longe costuma atribuir \u00e0s lembran\u00e7as f\u00edsicas a miss\u00e3o de manter viva a conex\u00e3o com suas origens.<\/p>\n\n\n\n<p class=\"has-text-color has-link-color wp-elements-4 wp-block-paragraph\" style=\"color:#425261;font-size:18px;line-height:2\">Um quadro aqui, uma lembran\u00e7a de viagem ali, presentes da fam\u00edlia, artesanato, fotografias.<\/p>\n\n\n\n<p class=\"has-text-color has-link-color wp-elements-5 wp-block-paragraph\" style=\"color:#425261;font-size:18px;line-height:2\">Cada pe\u00e7a tem um significado.<\/p>\n\n\n\n<p class=\"has-text-color has-link-color wp-elements-6 wp-block-paragraph\" style=\"color:#425261;font-size:18px;line-height:2\">Mas, aos poucos, o apartamento come\u00e7a a ficar visualmente carregado.<\/p>\n\n\n\n<p class=\"has-text-color has-link-color wp-elements-7 wp-block-paragraph\" style=\"color:#425261;font-size:18px;line-height:2\">Em espa\u00e7os pequenos isso acontece com facilidade. O olhar encontra muitos est\u00edmulos ao mesmo tempo e o ambiente perde leveza. Assim, curiosamente, quanto mais objetos acumulamos para nos sentir em casa, menor pode ser a sensa\u00e7\u00e3o de acolhimento.<\/p>\n\n\n\n<div style=\"height:50px\" aria-hidden=\"true\" class=\"wp-block-spacer is-style-dots\"><\/div>\n\n\n\n<h2 class=\"wp-block-heading has-text-color has-link-color wp-elements-8\" style=\"color:#8c5737;font-size:25px;font-style:normal;font-weight:700;line-height:2\">\ud83c\udf3f Nossa mem\u00f3ria mora nos sentidos<\/h2>\n\n\n\n<p class=\"has-text-color has-link-color wp-elements-9 wp-block-paragraph\" style=\"color:#425261;font-size:18px;line-height:2\">Existe um motivo para isso.<\/p>\n\n\n\n<p class=\"has-text-color has-link-color wp-elements-10 wp-block-paragraph\" style=\"color:#425261;font-size:18px;line-height:2\">A psicoarquitetura mostra que nossa percep\u00e7\u00e3o dos ambientes \u00e9 multissensorial. O c\u00e9rebro cria v\u00ednculos emocionais atrav\u00e9s da luz, da temperatura, das texturas, dos sons e dos aromas antes mesmo de identificar cada objeto presente na decora\u00e7\u00e3o.<\/p>\n\n\n\n<p class=\"has-text-color has-link-color wp-elements-11 wp-block-paragraph\" style=\"color:#425261;font-size:18px;line-height:2\">\u00c9 por isso que o cheiro de caf\u00e9 rec\u00e9m-passado pode lembrar a casa dos av\u00f3s.<\/p>\n\n\n\n<p class=\"has-text-color has-link-color wp-elements-12 wp-block-paragraph\" style=\"color:#425261;font-size:18px;line-height:2\">Que um tecido de linho transmite calma.<\/p>\n\n\n\n<p class=\"has-text-color has-link-color wp-elements-13 wp-block-paragraph\" style=\"color:#425261;font-size:18px;line-height:2\">Que uma madeira natural aquece visualmente um ambiente.<\/p>\n\n\n\n<p class=\"has-text-color has-link-color wp-elements-14 wp-block-paragraph\" style=\"color:#425261;font-size:18px;line-height:2\">Ou que uma luz amarelada muda completamente a sensa\u00e7\u00e3o de conforto no fim da tarde.<\/p>\n\n\n\n<p class=\"has-text-color has-link-color wp-elements-15 wp-block-paragraph\" style=\"color:#425261;font-size:18px;line-height:2\">Quando compreendemos esse funcionamento, percebemos que criar identidade n\u00e3o significa adicionar mais elementos, mas escolher melhor aqueles que j\u00e1 fazem parte da casa.<\/p>\n\n\n\n<p class=\"has-text-color has-link-color wp-elements-16 wp-block-paragraph\" style=\"color:#425261;font-size:18px;line-height:2\">Se voc\u00ea deseja adaptar esses princ\u00edpios ao seu apartamento, a nossa <a href=\"https:\/\/projetos.bonsaiarquitetura.com.br\/consultoria-online\/\"><strong>consultoria online<\/strong><\/a> ajuda a transformar essas escolhas em um projeto pensado para sua rotina:<\/p>\n\n\n\n<div style=\"height:50px\" aria-hidden=\"true\" class=\"wp-block-spacer is-style-dots\"><\/div>\n\n\n\n<h2 class=\"wp-block-heading has-text-color has-link-color wp-elements-17\" style=\"color:#8c5737;font-size:25px;font-style:normal;font-weight:700;line-height:2\">\ud83c\udf3f Como aplicar essas ideias na pr\u00e1tica<\/h2>\n\n\n\n<h3 class=\"wp-block-heading has-text-color has-link-color wp-elements-18\" style=\"color:#425261;font-size:18px\"><strong>Escolha uma paleta que desperte acolhimento<\/strong><\/h3>\n\n\n\n<p class=\"has-text-color has-link-color wp-elements-19 wp-block-paragraph\" style=\"color:#425261;font-size:18px;line-height:2\">As cores influenciam diretamente a forma como percebemos um ambiente.<\/p>\n\n\n\n<p class=\"has-text-color has-link-color wp-elements-20 wp-block-paragraph\" style=\"color:#425261;font-size:18px;line-height:2\">Tons terrosos, areia, terracota, verde oliva e azul suave criam uma atmosfera tranquila sem reduzir a sensa\u00e7\u00e3o de amplitude.<\/p>\n\n\n\n<p class=\"has-text-color has-link-color wp-elements-21 wp-block-paragraph\" style=\"color:#425261;font-size:18px;line-height:2\">Em apartamentos pequenos, n\u00e3o \u00e9 necess\u00e1rio pintar todas as paredes. Por exemplo, almofadas, mantas, quadros e objetos cer\u00e2micos j\u00e1 introduzem essas tonalidades de maneira equilibrada.<\/p>\n\n\n\n<h3 class=\"wp-block-heading has-text-color has-link-color wp-elements-22\" style=\"color:#425261;font-size:18px\"><strong>Aposte nas texturas antes dos objetos<\/strong><\/h3>\n\n\n\n<p class=\"has-text-color has-link-color wp-elements-23 wp-block-paragraph\" style=\"color:#425261;font-size:18px;line-height:2\">A textura comunica conforto de forma silenciosa.<\/p>\n\n\n\n<p class=\"has-text-color has-link-color wp-elements-24 wp-block-paragraph\" style=\"color:#425261;font-size:18px;line-height:2\">Madeira natural, linho, algod\u00e3o, fibras de palha, rattan e cer\u00e2mica artesanal acrescentam profundidade ao ambiente sem aumentar a quantidade de informa\u00e7\u00e3o visual.<\/p>\n\n\n\n<p class=\"has-text-color has-link-color wp-elements-25 wp-block-paragraph\" style=\"color:#425261;font-size:18px;line-height:2\">Em vez de comprar diversos enfeites, experimente substituir materiais frios por superf\u00edcies mais naturais. Assim, o efeito costuma ser muito maior.<\/p>\n\n\n\n<h3 class=\"wp-block-heading has-text-color has-link-color wp-elements-26\" style=\"color:#425261;font-size:18px\"><strong>Use aromas para construir mem\u00f3rias<\/strong><\/h3>\n\n\n\n<p class=\"has-text-color has-link-color wp-elements-27 wp-block-paragraph\" style=\"color:#425261;font-size:18px;line-height:2\">Poucos elementos despertam lembran\u00e7as t\u00e3o rapidamente quanto um cheiro.<\/p>\n\n\n\n<p class=\"has-text-color has-link-color wp-elements-28 wp-block-paragraph\" style=\"color:#425261;font-size:18px;line-height:2\">Caf\u00e9, capim-lim\u00e3o, alecrim, lavanda e laranja criam experi\u00eancias sensoriais diferentes e podem fazer parte da rotina atrav\u00e9s de velas arom\u00e1ticas, difusores ou plantas.<\/p>\n\n\n\n<p class=\"has-text-color has-link-color wp-elements-29 wp-block-paragraph\" style=\"color:#425261;font-size:18px;line-height:2\">O importante \u00e9 escolher fragr\u00e2ncias que fa\u00e7am sentido para a sua hist\u00f3ria, e n\u00e3o apenas seguir tend\u00eancias.<\/p>\n\n\n\n<h3 class=\"wp-block-heading has-text-color has-link-color wp-elements-30\" style=\"color:#425261;font-size:18px\"><strong>Valorize a ilumina\u00e7\u00e3o<\/strong><\/h3>\n\n\n\n<p class=\"has-text-color has-link-color wp-elements-31 wp-block-paragraph\" style=\"color:#425261;font-size:18px;line-height:2\">A ilumina\u00e7\u00e3o \u00e9 uma das ferramentas mais importantes da arquitetura.<\/p>\n\n\n\n<p class=\"has-text-color has-link-color wp-elements-32 wp-block-paragraph\" style=\"color:#425261;font-size:18px;line-height:2\">Uma luz quente no per\u00edodo da noite transmite aconchego e reduz a sensa\u00e7\u00e3o de rigidez que muitas lumin\u00e1rias frias provocam.<\/p>\n\n\n\n<p class=\"has-text-color has-link-color wp-elements-33 wp-block-paragraph\" style=\"color:#425261;font-size:18px;line-height:2\">Por isso, quando combinada com materiais naturais, ela refor\u00e7a a atmosfera acolhedora sem ocupar espa\u00e7o adicional.<\/p>\n\n\n\n<div style=\"height:50px\" aria-hidden=\"true\" class=\"wp-block-spacer is-style-dots\"><\/div>\n\n\n\n<h2 class=\"wp-block-heading has-text-color has-link-color wp-elements-34\" style=\"color:#8c5737;font-size:25px;font-style:normal;font-weight:700;line-height:2\">\ud83c\udf3f A atmosfera final: quando a casa acolhe antes mesmo de ser observada<\/h2>\n\n\n\n<p class=\"has-text-color has-link-color wp-elements-35 wp-block-paragraph\" style=\"color:#425261;font-size:18px;line-height:2\">Existe uma diferen\u00e7a entre entrar em um apartamento bonito e entrar em um apartamento que faz voc\u00ea diminuir o ritmo.<\/p>\n\n\n\n<p class=\"has-text-color has-link-color wp-elements-36 wp-block-paragraph\" style=\"color:#425261;font-size:18px;line-height:2\">Na segunda situa\u00e7\u00e3o, nem sempre conseguimos explicar o motivo.<\/p>\n\n\n\n<p class=\"has-text-color has-link-color wp-elements-37 wp-block-paragraph\" style=\"color:#425261;font-size:18px;line-height:2\">Talvez seja a textura da madeira<\/p>\n\n\n\n<p class=\"has-text-color has-link-color wp-elements-38 wp-block-paragraph\" style=\"color:#425261;font-size:18px;line-height:2\">A luz no fim da tarde.<\/p>\n\n\n\n<p class=\"has-text-color has-link-color wp-elements-39 wp-block-paragraph\" style=\"color:#425261;font-size:18px;line-height:2\">O aroma que lembra um caf\u00e9 em fam\u00edlia.<\/p>\n\n\n\n<p class=\"has-text-color has-link-color wp-elements-40 wp-block-paragraph\" style=\"color:#425261;font-size:18px;line-height:2\">A manta sobre o sof\u00e1.<\/p>\n\n\n\n<p class=\"has-text-color has-link-color wp-elements-41 wp-block-paragraph\" style=\"color:#425261;font-size:18px;line-height:2\">Ou simplesmente a sensa\u00e7\u00e3o de que tudo foi escolhido com inten\u00e7\u00e3o.<\/p>\n\n\n\n<p class=\"has-text-color has-link-color wp-elements-42 wp-block-paragraph\" style=\"color:#425261;font-size:18px;line-height:2\">Essa \u00e9 uma das maiores contribui\u00e7\u00f5es da arquitetura.<\/p>\n\n\n\n<p class=\"has-text-color has-link-color wp-elements-43 wp-block-paragraph\" style=\"color:#425261;font-size:18px;line-height:2\">Ou seja, ela cria experi\u00eancias antes mesmo de chamar aten\u00e7\u00e3o para os objetos.<\/p>\n\n\n\n<p class=\"has-text-color has-link-color wp-elements-44 wp-block-paragraph\" style=\"color:#425261;font-size:18px;line-height:2\">Em apartamentos compactos, essa abordagem permite construir uma casa cheia de identidade sem abrir m\u00e3o da leveza e da funcionalidade.<\/p>\n\n\n\n<div style=\"height:50px\" aria-hidden=\"true\" class=\"wp-block-spacer is-style-dots\"><\/div>\n\n\n\n<h2 class=\"wp-block-heading has-text-color has-link-color wp-elements-45\" style=\"color:#8c5737;font-size:25px;font-style:normal;font-weight:700;line-height:2\">\ud83c\udf3f Monte esse clima na sua casa<\/h2>\n\n\n\n<p class=\"has-text-color has-link-color wp-elements-46 wp-block-paragraph\" style=\"color:#425261;font-size:18px;font-style:normal;font-weight:400;line-height:2\">Os produtos abaixo seguem os princ\u00edpios apresentados neste artigo e podem ajudar voc\u00ea a criar esse ambiente na sua casa. Desse modo, a sele\u00e7\u00e3o foi feita com o mesmo olhar que utilizamos em nossos projetos de arquitetura, priorizando conforto, funcionalidade e identidade.<\/p>\n\n\n\n<p class=\"has-text-color has-link-color wp-elements-47 wp-block-paragraph\" style=\"color:#425261;font-size:18px;font-style:normal;font-weight:400;line-height:2\"><a href=\"https:\/\/link.amazon\/B0fpFqQaW\"><strong>Rack em Madeira Freij\u00f3 e Rattan<\/strong><\/a>: A madeira e o rattan criam uma base acolhedora para a sala e refor\u00e7am a conex\u00e3o com materiais naturais.<\/p>\n\n\n\n<p class=\"has-text-color has-link-color wp-elements-48 wp-block-paragraph\" style=\"color:#425261;font-size:18px;font-style:normal;font-weight:400;line-height:2\"><strong><a href=\"https:\/\/link.amazon\/B07bQ3Pwr\">Cestas de Algas Marinhas<\/a><\/strong>: Organizam o ambiente enquanto acrescentam textura e leveza visual.<\/p>\n\n\n\n<p class=\"has-text-color has-link-color wp-elements-49 wp-block-paragraph\" style=\"color:#425261;font-size:18px;font-style:normal;font-weight:400;line-height:2\"><strong><a href=\"https:\/\/link.amazon\/B02DD6ntj\">Banqueta em Madeira e Rattan<\/a><\/strong>: Ideal para cozinhas integradas, combina materiais naturais com desenho leve, favorecendo apartamentos compactos.<\/p>\n\n\n\n<figure class=\"wp-block-gallery has-nested-images columns-default is-cropped wp-block-gallery-1 is-layout-flex wp-block-gallery-is-layout-flex\">\n<figure class=\"wp-block-image size-full has-custom-border\"><a href=\"https:\/\/link.amazon\/B0fpFqQaW\"><img fetchpriority=\"high\" decoding=\"async\" width=\"700\" height=\"700\" data-id=\"2704\" src=\"https:\/\/bonsaiarquitetura.com.br\/wp-content\/uploads\/2026\/07\/amazon-rack-com-gavetas-e-madeira-rattan-freijo-bonsai-arquitetura.webp\" alt=\"\" class=\"wp-image-2704\" style=\"border-top-left-radius:10px;border-top-right-radius:10px;border-bottom-left-radius:10px;border-bottom-right-radius:10px\" srcset=\"https:\/\/bonsaiarquitetura.com.br\/wp-content\/uploads\/2026\/07\/amazon-rack-com-gavetas-e-madeira-rattan-freijo-bonsai-arquitetura.webp 700w, https:\/\/bonsaiarquitetura.com.br\/wp-content\/uploads\/2026\/07\/amazon-rack-com-gavetas-e-madeira-rattan-freijo-bonsai-arquitetura-300x300.webp 300w, https:\/\/bonsaiarquitetura.com.br\/wp-content\/uploads\/2026\/07\/amazon-rack-com-gavetas-e-madeira-rattan-freijo-bonsai-arquitetura-150x150.webp 150w, https:\/\/bonsaiarquitetura.com.br\/wp-content\/uploads\/2026\/07\/amazon-rack-com-gavetas-e-madeira-rattan-freijo-bonsai-arquitetura-12x12.webp 12w\" sizes=\"(max-width: 700px) 100vw, 700px\" \/><\/a><figcaption class=\"wp-element-caption\"><a href=\"https:\/\/link.amazon\/B0fpFqQaW\"><mark style=\"background-color:rgba(0, 0, 0, 0);color:#425261\" class=\"has-inline-color\"><strong>Rack em Madeira Freij\u00f3<\/strong> <strong>e Rattan<\/strong><\/mark><\/a><\/figcaption><\/figure>\n\n\n\n<figure class=\"wp-block-image size-full has-custom-border\"><a href=\"https:\/\/link.amazon\/B07bQ3Pwr\"><img decoding=\"async\" width=\"700\" height=\"700\" data-id=\"2705\" src=\"https:\/\/bonsaiarquitetura.com.br\/wp-content\/uploads\/2026\/07\/amazon-cestas-de-armazenamento-algas-marinhas-bonsai-arquitetura.webp\" alt=\"\" class=\"wp-image-2705\" style=\"border-top-left-radius:10px;border-top-right-radius:10px;border-bottom-left-radius:10px;border-bottom-right-radius:10px\" srcset=\"https:\/\/bonsaiarquitetura.com.br\/wp-content\/uploads\/2026\/07\/amazon-cestas-de-armazenamento-algas-marinhas-bonsai-arquitetura.webp 700w, https:\/\/bonsaiarquitetura.com.br\/wp-content\/uploads\/2026\/07\/amazon-cestas-de-armazenamento-algas-marinhas-bonsai-arquitetura-300x300.webp 300w, https:\/\/bonsaiarquitetura.com.br\/wp-content\/uploads\/2026\/07\/amazon-cestas-de-armazenamento-algas-marinhas-bonsai-arquitetura-150x150.webp 150w, https:\/\/bonsaiarquitetura.com.br\/wp-content\/uploads\/2026\/07\/amazon-cestas-de-armazenamento-algas-marinhas-bonsai-arquitetura-12x12.webp 12w\" sizes=\"(max-width: 700px) 100vw, 700px\" \/><\/a><figcaption class=\"wp-element-caption\"><strong><a href=\"https:\/\/link.amazon\/B07bQ3Pwr\"><mark style=\"background-color:rgba(0, 0, 0, 0);color:#425261\" class=\"has-inline-color\">Cestas de Algas Marinhas<\/mark><\/a><\/strong><\/figcaption><\/figure>\n\n\n\n<figure class=\"wp-block-image size-full has-custom-border\"><a href=\"https:\/\/link.amazon\/B02DD6ntj\"><img decoding=\"async\" width=\"700\" height=\"700\" data-id=\"2706\" src=\"https:\/\/bonsaiarquitetura.com.br\/wp-content\/uploads\/2026\/07\/amazon-banqueta-alta-fiorella-madeira-rattan-bonsai-arquitetura.webp\" alt=\"\" class=\"wp-image-2706\" style=\"border-top-left-radius:10px;border-top-right-radius:10px;border-bottom-left-radius:10px;border-bottom-right-radius:10px\" srcset=\"https:\/\/bonsaiarquitetura.com.br\/wp-content\/uploads\/2026\/07\/amazon-banqueta-alta-fiorella-madeira-rattan-bonsai-arquitetura.webp 700w, https:\/\/bonsaiarquitetura.com.br\/wp-content\/uploads\/2026\/07\/amazon-banqueta-alta-fiorella-madeira-rattan-bonsai-arquitetura-300x300.webp 300w, https:\/\/bonsaiarquitetura.com.br\/wp-content\/uploads\/2026\/07\/amazon-banqueta-alta-fiorella-madeira-rattan-bonsai-arquitetura-150x150.webp 150w, https:\/\/bonsaiarquitetura.com.br\/wp-content\/uploads\/2026\/07\/amazon-banqueta-alta-fiorella-madeira-rattan-bonsai-arquitetura-12x12.webp 12w\" sizes=\"(max-width: 700px) 100vw, 700px\" \/><\/a><figcaption class=\"wp-element-caption\"><strong><a href=\"https:\/\/link.amazon\/B02DD6ntj\"><mark style=\"background-color:rgba(0, 0, 0, 0);color:#425261\" class=\"has-inline-color\">Banqueta em Madeira e Rattan<\/mark><\/a><\/strong><\/figcaption><\/figure>\n<\/figure>\n\n\n\n<div style=\"height:50px\" aria-hidden=\"true\" class=\"wp-block-spacer is-style-dots\"><\/div>\n\n\n\n<p class=\"has-text-color has-link-color wp-elements-50 wp-block-paragraph\" style=\"color:#425261;font-size:18px;font-style:normal;font-weight:400;line-height:2\"><strong><a href=\"https:\/\/link.amazon\/B0649x3t2\">Quadros Umbanda e Candombl\u00e9<\/a><\/strong>: Uma cole\u00e7\u00e3o que representa s\u00edmbolos e refer\u00eancias da cultura brasileira, ideal para quem deseja incorporar elementos culturais ao ambiente de forma consciente e afetiva.<\/p>\n\n\n\n<p class=\"has-text-color has-link-color wp-elements-51 wp-block-paragraph\" style=\"color:#425261;font-size:18px;font-style:normal;font-weight:400;line-height:2\"><strong><a href=\"https:\/\/link.amazon\/B01DRRtv3\">Cole\u00e7\u00e3o Quadros Orix\u00e1s Umbanda<\/a><\/strong>: Uma op\u00e7\u00e3o para criar uma parede com personalidade, valorizando manifesta\u00e7\u00f5es culturais brasileiras e transformando a arte em parte da narrativa da casa.<\/p>\n\n\n\n<p class=\"has-text-color has-link-color wp-elements-52 wp-block-paragraph\" style=\"color:#425261;font-size:18px;font-style:normal;font-weight:400;line-height:2\"><strong><a href=\"https:\/\/link.amazon\/B0aIHcML7\">Telas Orix\u00e1s Cultura Afro-Brasileira<\/a><\/strong>: Uma sele\u00e7\u00e3o para quem deseja valorizar refer\u00eancias culturais brasileiras por meio da arte, criando uma composi\u00e7\u00e3o com significado e identidade.<\/p>\n\n\n\n<figure class=\"wp-block-gallery has-nested-images columns-default is-cropped wp-block-gallery-2 is-layout-flex wp-block-gallery-is-layout-flex\">\n<figure class=\"wp-block-image size-large has-custom-border\"><img loading=\"lazy\" decoding=\"async\" width=\"700\" height=\"700\" data-id=\"2702\" src=\"https:\/\/bonsaiarquitetura.com.br\/wp-content\/uploads\/2026\/07\/amazon-colecao-quadros-umbanda-candomble-orixa-afro-brasileira-bonsai-arquitetura.webp\" alt=\"\" class=\"wp-image-2702\" style=\"border-top-left-radius:10px;border-top-right-radius:10px;border-bottom-left-radius:10px;border-bottom-right-radius:10px\" srcset=\"https:\/\/bonsaiarquitetura.com.br\/wp-content\/uploads\/2026\/07\/amazon-colecao-quadros-umbanda-candomble-orixa-afro-brasileira-bonsai-arquitetura.webp 700w, https:\/\/bonsaiarquitetura.com.br\/wp-content\/uploads\/2026\/07\/amazon-colecao-quadros-umbanda-candomble-orixa-afro-brasileira-bonsai-arquitetura-300x300.webp 300w, https:\/\/bonsaiarquitetura.com.br\/wp-content\/uploads\/2026\/07\/amazon-colecao-quadros-umbanda-candomble-orixa-afro-brasileira-bonsai-arquitetura-150x150.webp 150w, https:\/\/bonsaiarquitetura.com.br\/wp-content\/uploads\/2026\/07\/amazon-colecao-quadros-umbanda-candomble-orixa-afro-brasileira-bonsai-arquitetura-12x12.webp 12w\" sizes=\"(max-width: 700px) 100vw, 700px\" \/><figcaption class=\"wp-element-caption\"><strong><a href=\"https:\/\/link.amazon\/B0649x3t2\"><mark style=\"background-color:rgba(0, 0, 0, 0);color:#425261\" class=\"has-inline-color\">Quadros Umbanda e Candombl\u00e9<\/mark><\/a><\/strong><\/figcaption><\/figure>\n\n\n\n<figure class=\"wp-block-image size-large has-custom-border\"><a href=\"https:\/\/link.amazon\/B01DRRtv3\"><img loading=\"lazy\" decoding=\"async\" width=\"700\" height=\"700\" data-id=\"2703\" src=\"https:\/\/bonsaiarquitetura.com.br\/wp-content\/uploads\/2026\/07\/amazon-colecao-quadros-orixas-bonsai-arquitetura.webp\" alt=\"\" class=\"wp-image-2703\" style=\"border-top-left-radius:10px;border-top-right-radius:10px;border-bottom-left-radius:10px;border-bottom-right-radius:10px\" srcset=\"https:\/\/bonsaiarquitetura.com.br\/wp-content\/uploads\/2026\/07\/amazon-colecao-quadros-orixas-bonsai-arquitetura.webp 700w, https:\/\/bonsaiarquitetura.com.br\/wp-content\/uploads\/2026\/07\/amazon-colecao-quadros-orixas-bonsai-arquitetura-300x300.webp 300w, https:\/\/bonsaiarquitetura.com.br\/wp-content\/uploads\/2026\/07\/amazon-colecao-quadros-orixas-bonsai-arquitetura-150x150.webp 150w, https:\/\/bonsaiarquitetura.com.br\/wp-content\/uploads\/2026\/07\/amazon-colecao-quadros-orixas-bonsai-arquitetura-12x12.webp 12w\" sizes=\"(max-width: 700px) 100vw, 700px\" \/><\/a><figcaption class=\"wp-element-caption\"><strong><a href=\"https:\/\/link.amazon\/B01DRRtv3\"><mark style=\"background-color:rgba(0, 0, 0, 0);color:#425261\" class=\"has-inline-color\">Cole\u00e7\u00e3o Telas Orix\u00e1s Umbanda<\/mark><\/a><\/strong><\/figcaption><\/figure>\n\n\n\n<figure class=\"wp-block-image size-large has-custom-border\"><a href=\"https:\/\/link.amazon\/B0aIHcML7\"><img loading=\"lazy\" decoding=\"async\" width=\"700\" height=\"700\" data-id=\"2701\" src=\"https:\/\/bonsaiarquitetura.com.br\/wp-content\/uploads\/2026\/07\/amazon-kit-quadros-oriras-afro-brasileira-bonsai-arquitetura.webp\" alt=\"\" class=\"wp-image-2701\" style=\"border-top-left-radius:10px;border-top-right-radius:10px;border-bottom-left-radius:10px;border-bottom-right-radius:10px\" srcset=\"https:\/\/bonsaiarquitetura.com.br\/wp-content\/uploads\/2026\/07\/amazon-kit-quadros-oriras-afro-brasileira-bonsai-arquitetura.webp 700w, https:\/\/bonsaiarquitetura.com.br\/wp-content\/uploads\/2026\/07\/amazon-kit-quadros-oriras-afro-brasileira-bonsai-arquitetura-300x300.webp 300w, https:\/\/bonsaiarquitetura.com.br\/wp-content\/uploads\/2026\/07\/amazon-kit-quadros-oriras-afro-brasileira-bonsai-arquitetura-150x150.webp 150w, https:\/\/bonsaiarquitetura.com.br\/wp-content\/uploads\/2026\/07\/amazon-kit-quadros-oriras-afro-brasileira-bonsai-arquitetura-12x12.webp 12w\" sizes=\"(max-width: 700px) 100vw, 700px\" \/><\/a><figcaption class=\"wp-element-caption\"><a href=\"https:\/\/link.amazon\/B0aIHcML7\"><strong><mark style=\"background-color:rgba(0, 0, 0, 0);color:#425261\" class=\"has-inline-color\">Telas Orix\u00e1s Afro-Brasileira<\/mark><\/strong><\/a><\/figcaption><\/figure>\n<\/figure>\n\n\n\n<div style=\"height:50px\" aria-hidden=\"true\" class=\"wp-block-spacer is-style-dots\"><\/div>\n\n\n\n<h2 class=\"wp-block-heading has-text-color has-link-color wp-elements-53\" style=\"color:#8c5737;font-size:25px;font-style:normal;font-weight:700;line-height:2\">\ud83c\udf3f O que realmente ocupa espa\u00e7o \u00e9 aquilo que n\u00e3o faz sentido<\/h2>\n\n\n\n<p class=\"has-text-color has-link-color wp-elements-54 wp-block-paragraph\" style=\"color:#425261;font-size:18px;font-style:normal;font-weight:400;line-height:2\">Um dos erros mais frequentes \u00e9 <strong>come\u00e7ar a obra sem um projeto definido<\/strong>.<\/p>\n\n\n\n<p class=\"has-text-color has-link-color wp-elements-55 wp-block-paragraph\" style=\"color:#425261;font-size:18px;font-style:normal;font-weight:400;line-height:2\">Por isso, sem planejamento, surgem imprevistos, gastos extras e arrependimentos.<\/p>\n\n\n\n<p class=\"has-text-color has-link-color wp-elements-56 wp-block-paragraph\" style=\"color:#425261;font-size:18px;font-style:normal;font-weight:400;line-height:2\">No Bonsai, trabalhamos para que isso n\u00e3o aconte\u00e7a.<\/p>\n\n\n\n<p class=\"has-text-color has-link-color wp-elements-57 wp-block-paragraph\" style=\"color:#425261;font-size:18px;font-style:normal;font-weight:400;line-height:2\">Com um projeto bem estruturado, voc\u00ea ganha seguran\u00e7a para tomar decis\u00f5es, sabe exatamente onde investir e transforma seu sonho em algo concreto, sem desperd\u00edcio de tempo ou recursos.Uma casa acolhedora n\u00e3o nasce da quantidade de objetos.<\/p>\n\n\n\n<p class=\"has-text-color has-link-color wp-elements-58 wp-block-paragraph\" style=\"color:#425261;font-size:18px;font-style:normal;font-weight:400;line-height:2\">Ou seja, ela nasce da maneira como o ambiente desperta emo\u00e7\u00f5es.<\/p>\n\n\n\n<p class=\"has-text-color has-link-color wp-elements-59 wp-block-paragraph\" style=\"color:#425261;font-size:18px;font-style:normal;font-weight:400;line-height:2\">Por isso, quando cores, materiais, ilumina\u00e7\u00e3o e aromas trabalham juntos, o apartamento deixa de ser apenas um espa\u00e7o organizado e passa a participar da sua rotina de forma silenciosa.<\/p>\n\n\n\n<p class=\"has-text-color has-link-color wp-elements-60 wp-block-paragraph\" style=\"color:#425261;font-size:18px;font-style:normal;font-weight:400;line-height:2\">Finalmente, \u00e9 nesse momento que a arquitetura deixa de ser apenas visual e passa a ser sentida.<\/p>\n\n\n\n<div style=\"height:50px\" aria-hidden=\"true\" class=\"wp-block-spacer is-style-dots\"><\/div>\n\n\n\n<h2 class=\"wp-block-heading has-text-color has-link-color wp-elements-61\" style=\"color:#8c5737;font-size:25px\">\ud83c\udf3f <strong>Perguntas frequentes sobre casa acolhedora em apartamento pequeno<\/strong><\/h2>\n\n\n\n<p class=\"has-text-color has-link-color wp-elements-62 wp-block-paragraph\" style=\"color:#425261;font-size:18px;line-height:2\"><strong>Como deixar um apartamento pequeno mais acolhedor?<\/strong><\/p>\n\n\n\n<p class=\"has-text-color has-link-color wp-elements-63 wp-block-paragraph\" style=\"color:#425261;font-size:18px;line-height:2\">Primeiramente, priorize materiais naturais, ilumina\u00e7\u00e3o quente, texturas agrad\u00e1veis e uma paleta de cores equilibrada. Assim, essas escolhas criam conforto sem sobrecarregar o ambiente.<\/p>\n\n\n\n<p class=\"has-text-color has-link-color wp-elements-64 wp-block-paragraph\" style=\"color:#425261;font-size:18px;line-height:2\"><strong>Quais cores deixam um apartamento mais aconchegante?<\/strong><\/p>\n\n\n\n<p class=\"has-text-color has-link-color wp-elements-65 wp-block-paragraph\" style=\"color:#425261;font-size:18px;line-height:2\">Tons como terracota, areia, verde oliva e azul suave ajudam a transmitir calma e acolhimento, principalmente quando combinados com madeira e tecidos naturais.<\/p>\n\n\n\n<p class=\"has-text-color has-link-color wp-elements-66 wp-block-paragraph\" style=\"color:#425261;font-size:18px;line-height:2\"><strong>Aromas realmente influenciam a sensa\u00e7\u00e3o da casa?<\/strong><\/p>\n\n\n\n<p class=\"has-text-color has-link-color wp-elements-67 wp-block-paragraph\" style=\"color:#425261;font-size:18px;line-height:2\">Sim. Pois o olfato est\u00e1 diretamente ligado \u00e0 mem\u00f3ria emocional. Logo, fragr\u00e2ncias como caf\u00e9, lavanda, capim-lim\u00e3o e alecrim podem tornar a experi\u00eancia de morar mais agrad\u00e1vel e pessoal.<\/p>\n\n\n\n<div style=\"height:50px\" aria-hidden=\"true\" class=\"wp-block-spacer is-style-dots\"><\/div>\n\n\n\n<h2 class=\"wp-block-heading has-text-color has-link-color wp-elements-68\" style=\"color:#8c5737;font-size:25px\">\ud83c\udf3f <strong>O seu pr\u00f3ximo passo!<\/strong><\/h2>\n\n\n\n<p class=\"has-text-color has-link-color wp-elements-69 wp-block-paragraph\" style=\"color:#425261;font-size:18px;line-height:2\">Agora, o seu pr\u00f3ximo passo \u00e9 <a href=\"https:\/\/api.whatsapp.com\/send\/?phone=559899118046&amp;text&amp;type=phone_number&amp;app_absent=0\"><strong>entrar em contato conosco<\/strong><\/a>!&nbsp;<\/p>\n\n\n\n<p class=\"has-text-color has-link-color wp-elements-70 wp-block-paragraph\" style=\"color:#425261;font-size:18px;line-height:2\">Receba nosso direcionamento profissional para criar o projeto ideal para a sua casa.<\/p>\n\n\n\n<p class=\"has-text-color has-link-color wp-elements-71 wp-block-paragraph\" style=\"color:#425261;font-size:18px;line-height:2\">Se gostou deste artigo, veja tamb\u00e9m: <strong><a href=\"https:\/\/bonsaiarquitetura.com.br\/en\/decoracao-afetiva-apartamento-pequeno\/\">Como expor mem\u00f3rias do Brasil em um studio sem perder amplitude<\/a><\/strong>.<\/p>\n\n\n\n<p class=\"has-text-color has-link-color wp-elements-72 wp-block-paragraph\" style=\"color:#425261;font-size:18px;line-height:2\">E, por fim, siga-nos no <a href=\"https:\/\/www.instagram.com\/bonsaiarquitetura\/\"><strong>Instagram<\/strong><\/a> e <a href=\"https:\/\/br.pinterest.com\/bonsaiarquitetura\/\"><strong>Pinterest<\/strong><\/a> para continuar recebendo nossos conte\u00fados e inspira\u00e7\u00f5es.<\/p>\n\n\n\n<div style=\"height:50px\" aria-hidden=\"true\" class=\"wp-block-spacer is-style-dots\"><\/div>\n\n\n\n<hr class=\"wp-block-separator has-alpha-channel-opacity\"\/>\n\n\n\n<p class=\"has-text-color has-link-color wp-elements-73 wp-block-paragraph\" style=\"color:#425261\">\ud83e\udeb4 <em>Este artigo pode conter links de marcas parceiras que amamos. Ao adquirir produtos por meio deles, voc\u00ea apoia o Bonsai Arquitetura e Interiores a continuar criando conte\u00fados inspiradores, sem custo adicional para voc\u00ea.<\/em><\/p>\n\n\n\n<div style=\"height:50px\" aria-hidden=\"true\" class=\"wp-block-spacer is-style-dots\"><\/div>\n\n\n\n<p class=\"has-text-color has-link-color wp-elements-74 wp-block-paragraph\" style=\"color:#425261;font-size:18px;line-height:2\"><\/p>\n\n\n\n<p class=\"wp-block-paragraph\"><\/p>","protected":false},"excerpt":{"rendered":"<p>Voltar para casa depois de um dia de trabalho costuma despertar um desejo simples: sentir que aquele lugar realmente pertence a voc\u00ea. Para muitos brasileiros que vivem no exterior, esse sentimento nem sempre acontece. O apartamento \u00e9 bonito, organizado e funcional, mas parece faltar calor humano. A rea\u00e7\u00e3o mais comum \u00e9 comprar objetos que lembrem [&hellip;]<\/p>\n","protected":false},"author":1,"featured_media":2705,"comment_status":"open","ping_status":"closed","sticky":false,"template":"","format":"standard","meta":{"footnotes":""},"categories":[10],"tags":[13,35,26,55,12,34,19,20,33,24,54],"class_list":["post-2720","post","type-post","status-publish","format-standard","has-post-thumbnail","hentry","category-casa-e-mente","tag-amplitude-visual","tag-apartamento-compacto","tag-aproveitamento-do-espaco","tag-bem-estar-2","tag-conforto","tag-consultoria-de-interiores","tag-design-inteligente","tag-harmonia-no-espaco","tag-identidade-cultural","tag-luz-natural","tag-projetos-online-de-interiores"],"yoast_head":"<!-- This site is optimized with the Yoast SEO plugin v28.3 - https:\/\/yoast.com\/product\/yoast-seo-wordpress\/ -->\n<title>Casa acolhedora em apartamento pequeno: veja como - Bonsai Arquitetura e Interiores<\/title>\n<meta name=\"description\" content=\"Aprenda como criar uma casa acolhedora em apartamento pequeno usando cores, texturas e aromas para trazer conforto, identidade e bem-estar.\" \/>\n<meta name=\"robots\" content=\"index, follow, max-snippet:-1, max-image-preview:large, max-video-preview:-1\" \/>\n<link rel=\"canonical\" href=\"https:\/\/bonsaiarquitetura.com.br\/en\/casa-acolhedora-apartamento-pequeno\/\" \/>\n<meta property=\"og:locale\" content=\"en_US\" \/>\n<meta property=\"og:type\" content=\"article\" \/>\n<meta property=\"og:title\" content=\"Casa acolhedora em apartamento pequeno: veja como - Bonsai Arquitetura e Interiores\" \/>\n<meta property=\"og:description\" content=\"Aprenda como criar uma casa acolhedora em apartamento pequeno usando cores, texturas e aromas para trazer conforto, identidade e bem-estar.\" \/>\n<meta property=\"og:url\" content=\"https:\/\/bonsaiarquitetura.com.br\/en\/casa-acolhedora-apartamento-pequeno\/\" \/>\n<meta property=\"og:site_name\" content=\"Bonsai Arquitetura e Interiores\" \/>\n<meta property=\"article:published_time\" content=\"2026-08-17T08:30:00+00:00\" \/>\n<meta property=\"og:image\" content=\"https:\/\/bonsaiarquitetura.com.br\/wp-content\/uploads\/2026\/07\/amazon-cestas-de-armazenamento-algas-marinhas-bonsai-arquitetura.webp\" \/>\n\t<meta property=\"og:image:width\" content=\"700\" \/>\n\t<meta property=\"og:image:height\" content=\"700\" \/>\n\t<meta property=\"og:image:type\" content=\"image\/webp\" \/>\n<meta name=\"author\" content=\"Bonsai Arquitetura\" \/>\n<meta name=\"twitter:card\" content=\"summary_large_image\" \/>\n<meta name=\"twitter:label1\" content=\"Written by\" \/>\n\t<meta name=\"twitter:data1\" content=\"Bonsai Arquitetura\" \/>\n\t<meta name=\"twitter:label2\" content=\"Est. reading time\" \/>\n\t<meta name=\"twitter:data2\" content=\"9 minutes\" \/>\n<script type=\"application\/ld+json\" class=\"yoast-schema-graph\">{\"@context\":\"https:\\\/\\\/schema.org\",\"@graph\":[{\"@type\":\"Article\",\"@id\":\"https:\\\/\\\/bonsaiarquitetura.com.br\\\/casa-acolhedora-apartamento-pequeno\\\/#article\",\"isPartOf\":{\"@id\":\"https:\\\/\\\/bonsaiarquitetura.com.br\\\/casa-acolhedora-apartamento-pequeno\\\/\"},\"author\":{\"name\":\"Bonsai Arquitetura\",\"@id\":\"https:\\\/\\\/bonsaiarquitetura.com.br\\\/#\\\/schema\\\/person\\\/465bc7eea8e418533eb25b8c9d03318a\"},\"headline\":\"Como criar uma casa acolhedora em apartamento pequeno usando os sentidos\",\"datePublished\":\"2026-08-17T08:30:00+00:00\",\"mainEntityOfPage\":{\"@id\":\"https:\\\/\\\/bonsaiarquitetura.com.br\\\/casa-acolhedora-apartamento-pequeno\\\/\"},\"wordCount\":1339,\"commentCount\":0,\"image\":{\"@id\":\"https:\\\/\\\/bonsaiarquitetura.com.br\\\/casa-acolhedora-apartamento-pequeno\\\/#primaryimage\"},\"thumbnailUrl\":\"https:\\\/\\\/bonsaiarquitetura.com.br\\\/wp-content\\\/uploads\\\/2026\\\/07\\\/amazon-cestas-de-armazenamento-algas-marinhas-bonsai-arquitetura.webp\",\"keywords\":[\"amplitude visual\",\"apartamento compacto\",\"aproveitamento do espa\u00e7o\",\"bem estar\",\"conforto\",\"consultoria de interiores\",\"design inteligente\",\"harmonia no espa\u00e7o\",\"identidade cultural\",\"luz natural\",\"projetos online de interiores\"],\"articleSection\":[\"Casa e Mente\"],\"inLanguage\":\"en-US\",\"potentialAction\":[{\"@type\":\"CommentAction\",\"name\":\"Comment\",\"target\":[\"https:\\\/\\\/bonsaiarquitetura.com.br\\\/casa-acolhedora-apartamento-pequeno\\\/#respond\"]}]},{\"@type\":\"WebPage\",\"@id\":\"https:\\\/\\\/bonsaiarquitetura.com.br\\\/casa-acolhedora-apartamento-pequeno\\\/\",\"url\":\"https:\\\/\\\/bonsaiarquitetura.com.br\\\/casa-acolhedora-apartamento-pequeno\\\/\",\"name\":\"Casa acolhedora em apartamento pequeno: veja como - Bonsai Arquitetura e Interiores\",\"isPartOf\":{\"@id\":\"https:\\\/\\\/bonsaiarquitetura.com.br\\\/#website\"},\"primaryImageOfPage\":{\"@id\":\"https:\\\/\\\/bonsaiarquitetura.com.br\\\/casa-acolhedora-apartamento-pequeno\\\/#primaryimage\"},\"image\":{\"@id\":\"https:\\\/\\\/bonsaiarquitetura.com.br\\\/casa-acolhedora-apartamento-pequeno\\\/#primaryimage\"},\"thumbnailUrl\":\"https:\\\/\\\/bonsaiarquitetura.com.br\\\/wp-content\\\/uploads\\\/2026\\\/07\\\/amazon-cestas-de-armazenamento-algas-marinhas-bonsai-arquitetura.webp\",\"datePublished\":\"2026-08-17T08:30:00+00:00\",\"author\":{\"@id\":\"https:\\\/\\\/bonsaiarquitetura.com.br\\\/#\\\/schema\\\/person\\\/465bc7eea8e418533eb25b8c9d03318a\"},\"description\":\"Aprenda como criar uma casa acolhedora em apartamento pequeno usando cores, texturas e aromas para trazer conforto, identidade e bem-estar.\",\"breadcrumb\":{\"@id\":\"https:\\\/\\\/bonsaiarquitetura.com.br\\\/casa-acolhedora-apartamento-pequeno\\\/#breadcrumb\"},\"inLanguage\":\"en-US\",\"potentialAction\":[{\"@type\":\"ReadAction\",\"target\":[\"https:\\\/\\\/bonsaiarquitetura.com.br\\\/casa-acolhedora-apartamento-pequeno\\\/\"]}]},{\"@type\":\"ImageObject\",\"inLanguage\":\"en-US\",\"@id\":\"https:\\\/\\\/bonsaiarquitetura.com.br\\\/casa-acolhedora-apartamento-pequeno\\\/#primaryimage\",\"url\":\"https:\\\/\\\/bonsaiarquitetura.com.br\\\/wp-content\\\/uploads\\\/2026\\\/07\\\/amazon-cestas-de-armazenamento-algas-marinhas-bonsai-arquitetura.webp\",\"contentUrl\":\"https:\\\/\\\/bonsaiarquitetura.com.br\\\/wp-content\\\/uploads\\\/2026\\\/07\\\/amazon-cestas-de-armazenamento-algas-marinhas-bonsai-arquitetura.webp\",\"width\":700,\"height\":700},{\"@type\":\"BreadcrumbList\",\"@id\":\"https:\\\/\\\/bonsaiarquitetura.com.br\\\/casa-acolhedora-apartamento-pequeno\\\/#breadcrumb\",\"itemListElement\":[{\"@type\":\"ListItem\",\"position\":1,\"name\":\"In\u00edcio\",\"item\":\"https:\\\/\\\/bonsaiarquitetura.com.br\\\/\"},{\"@type\":\"ListItem\",\"position\":2,\"name\":\"Como criar uma casa acolhedora em apartamento pequeno usando os sentidos\"}]},{\"@type\":\"WebSite\",\"@id\":\"https:\\\/\\\/bonsaiarquitetura.com.br\\\/#website\",\"url\":\"https:\\\/\\\/bonsaiarquitetura.com.br\\\/\",\"name\":\"Bonsai Arquitetura e Interiores\",\"description\":\"Projeto e Consultoria Online para Espa\u00e7os Compactos\",\"potentialAction\":[{\"@type\":\"SearchAction\",\"target\":{\"@type\":\"EntryPoint\",\"urlTemplate\":\"https:\\\/\\\/bonsaiarquitetura.com.br\\\/?s={search_term_string}\"},\"query-input\":{\"@type\":\"PropertyValueSpecification\",\"valueRequired\":true,\"valueName\":\"search_term_string\"}}],\"inLanguage\":\"en-US\"},{\"@type\":\"Person\",\"@id\":\"https:\\\/\\\/bonsaiarquitetura.com.br\\\/#\\\/schema\\\/person\\\/465bc7eea8e418533eb25b8c9d03318a\",\"name\":\"Bonsai Arquitetura\",\"image\":{\"@type\":\"ImageObject\",\"inLanguage\":\"en-US\",\"@id\":\"https:\\\/\\\/secure.gravatar.com\\\/avatar\\\/1ddc926a66842c2b02b2afab2acc7220bb5730ce9cd0c9eb3e91f57f140ebdab?s=96&d=mm&r=g\",\"url\":\"https:\\\/\\\/secure.gravatar.com\\\/avatar\\\/1ddc926a66842c2b02b2afab2acc7220bb5730ce9cd0c9eb3e91f57f140ebdab?s=96&d=mm&r=g\",\"contentUrl\":\"https:\\\/\\\/secure.gravatar.com\\\/avatar\\\/1ddc926a66842c2b02b2afab2acc7220bb5730ce9cd0c9eb3e91f57f140ebdab?s=96&d=mm&r=g\",\"caption\":\"Bonsai Arquitetura\"},\"sameAs\":[\"https:\\\/\\\/bonsaiarquitetura.com.br\"],\"url\":\"https:\\\/\\\/bonsaiarquitetura.com.br\\\/en\\\/author\\\/bonsai\\\/\"}]}<\/script>\n<!-- \/ Yoast SEO plugin. -->","yoast_head_json":{"title":"Casa acolhedora em apartamento pequeno: veja como - Bonsai Arquitetura e Interiores","description":"Aprenda como criar uma casa acolhedora em apartamento pequeno usando cores, texturas e aromas para trazer conforto, identidade e bem-estar.","robots":{"index":"index","follow":"follow","max-snippet":"max-snippet:-1","max-image-preview":"max-image-preview:large","max-video-preview":"max-video-preview:-1"},"canonical":"https:\/\/bonsaiarquitetura.com.br\/en\/casa-acolhedora-apartamento-pequeno\/","og_locale":"en_US","og_type":"article","og_title":"Casa acolhedora em apartamento pequeno: veja como - Bonsai Arquitetura e Interiores","og_description":"Aprenda como criar uma casa acolhedora em apartamento pequeno usando cores, texturas e aromas para trazer conforto, identidade e bem-estar.","og_url":"https:\/\/bonsaiarquitetura.com.br\/en\/casa-acolhedora-apartamento-pequeno\/","og_site_name":"Bonsai Arquitetura e Interiores","article_published_time":"2026-08-17T08:30:00+00:00","og_image":[{"width":700,"height":700,"url":"https:\/\/bonsaiarquitetura.com.br\/wp-content\/uploads\/2026\/07\/amazon-cestas-de-armazenamento-algas-marinhas-bonsai-arquitetura.webp","type":"image\/webp"}],"author":"Bonsai Arquitetura","twitter_card":"summary_large_image","twitter_misc":{"Written by":"Bonsai Arquitetura","Est. reading time":"9 minutes"},"schema":{"@context":"https:\/\/schema.org","@graph":[{"@type":"Article","@id":"https:\/\/bonsaiarquitetura.com.br\/casa-acolhedora-apartamento-pequeno\/#article","isPartOf":{"@id":"https:\/\/bonsaiarquitetura.com.br\/casa-acolhedora-apartamento-pequeno\/"},"author":{"name":"Bonsai Arquitetura","@id":"https:\/\/bonsaiarquitetura.com.br\/#\/schema\/person\/465bc7eea8e418533eb25b8c9d03318a"},"headline":"Como criar uma casa acolhedora em apartamento pequeno usando os sentidos","datePublished":"2026-08-17T08:30:00+00:00","mainEntityOfPage":{"@id":"https:\/\/bonsaiarquitetura.com.br\/casa-acolhedora-apartamento-pequeno\/"},"wordCount":1339,"commentCount":0,"image":{"@id":"https:\/\/bonsaiarquitetura.com.br\/casa-acolhedora-apartamento-pequeno\/#primaryimage"},"thumbnailUrl":"https:\/\/bonsaiarquitetura.com.br\/wp-content\/uploads\/2026\/07\/amazon-cestas-de-armazenamento-algas-marinhas-bonsai-arquitetura.webp","keywords":["amplitude visual","apartamento compacto","aproveitamento do espa\u00e7o","bem estar","conforto","consultoria de interiores","design inteligente","harmonia no espa\u00e7o","identidade cultural","luz natural","projetos online de interiores"],"articleSection":["Casa e Mente"],"inLanguage":"en-US","potentialAction":[{"@type":"CommentAction","name":"Comment","target":["https:\/\/bonsaiarquitetura.com.br\/casa-acolhedora-apartamento-pequeno\/#respond"]}]},{"@type":"WebPage","@id":"https:\/\/bonsaiarquitetura.com.br\/casa-acolhedora-apartamento-pequeno\/","url":"https:\/\/bonsaiarquitetura.com.br\/casa-acolhedora-apartamento-pequeno\/","name":"Casa acolhedora em apartamento pequeno: veja como - Bonsai Arquitetura e Interiores","isPartOf":{"@id":"https:\/\/bonsaiarquitetura.com.br\/#website"},"primaryImageOfPage":{"@id":"https:\/\/bonsaiarquitetura.com.br\/casa-acolhedora-apartamento-pequeno\/#primaryimage"},"image":{"@id":"https:\/\/bonsaiarquitetura.com.br\/casa-acolhedora-apartamento-pequeno\/#primaryimage"},"thumbnailUrl":"https:\/\/bonsaiarquitetura.com.br\/wp-content\/uploads\/2026\/07\/amazon-cestas-de-armazenamento-algas-marinhas-bonsai-arquitetura.webp","datePublished":"2026-08-17T08:30:00+00:00","author":{"@id":"https:\/\/bonsaiarquitetura.com.br\/#\/schema\/person\/465bc7eea8e418533eb25b8c9d03318a"},"description":"Aprenda como criar uma casa acolhedora em apartamento pequeno usando cores, texturas e aromas para trazer conforto, identidade e bem-estar.","breadcrumb":{"@id":"https:\/\/bonsaiarquitetura.com.br\/casa-acolhedora-apartamento-pequeno\/#breadcrumb"},"inLanguage":"en-US","potentialAction":[{"@type":"ReadAction","target":["https:\/\/bonsaiarquitetura.com.br\/casa-acolhedora-apartamento-pequeno\/"]}]},{"@type":"ImageObject","inLanguage":"en-US","@id":"https:\/\/bonsaiarquitetura.com.br\/casa-acolhedora-apartamento-pequeno\/#primaryimage","url":"https:\/\/bonsaiarquitetura.com.br\/wp-content\/uploads\/2026\/07\/amazon-cestas-de-armazenamento-algas-marinhas-bonsai-arquitetura.webp","contentUrl":"https:\/\/bonsaiarquitetura.com.br\/wp-content\/uploads\/2026\/07\/amazon-cestas-de-armazenamento-algas-marinhas-bonsai-arquitetura.webp","width":700,"height":700},{"@type":"BreadcrumbList","@id":"https:\/\/bonsaiarquitetura.com.br\/casa-acolhedora-apartamento-pequeno\/#breadcrumb","itemListElement":[{"@type":"ListItem","position":1,"name":"In\u00edcio","item":"https:\/\/bonsaiarquitetura.com.br\/"},{"@type":"ListItem","position":2,"name":"Como criar uma casa acolhedora em apartamento pequeno usando os sentidos"}]},{"@type":"WebSite","@id":"https:\/\/bonsaiarquitetura.com.br\/#website","url":"https:\/\/bonsaiarquitetura.com.br\/","name":"Bonsai Architecture and Interiors","description":"Projeto e Consultoria Online para Espa\u00e7os Compactos","potentialAction":[{"@type":"SearchAction","target":{"@type":"EntryPoint","urlTemplate":"https:\/\/bonsaiarquitetura.com.br\/?s={search_term_string}"},"query-input":{"@type":"PropertyValueSpecification","valueRequired":true,"valueName":"search_term_string"}}],"inLanguage":"en-US"},{"@type":"Person","@id":"https:\/\/bonsaiarquitetura.com.br\/#\/schema\/person\/465bc7eea8e418533eb25b8c9d03318a","name":"Bonsai Architecture","image":{"@type":"ImageObject","inLanguage":"en-US","@id":"https:\/\/secure.gravatar.com\/avatar\/1ddc926a66842c2b02b2afab2acc7220bb5730ce9cd0c9eb3e91f57f140ebdab?s=96&d=mm&r=g","url":"https:\/\/secure.gravatar.com\/avatar\/1ddc926a66842c2b02b2afab2acc7220bb5730ce9cd0c9eb3e91f57f140ebdab?s=96&d=mm&r=g","contentUrl":"https:\/\/secure.gravatar.com\/avatar\/1ddc926a66842c2b02b2afab2acc7220bb5730ce9cd0c9eb3e91f57f140ebdab?s=96&d=mm&r=g","caption":"Bonsai Arquitetura"},"sameAs":["https:\/\/bonsaiarquitetura.com.br"],"url":"https:\/\/bonsaiarquitetura.com.br\/en\/author\/bonsai\/"}]}},"_links":{"self":[{"href":"https:\/\/bonsaiarquitetura.com.br\/en\/wp-json\/wp\/v2\/posts\/2720","targetHints":{"allow":["GET"]}}],"collection":[{"href":"https:\/\/bonsaiarquitetura.com.br\/en\/wp-json\/wp\/v2\/posts"}],"about":[{"href":"https:\/\/bonsaiarquitetura.com.br\/en\/wp-json\/wp\/v2\/types\/post"}],"author":[{"embeddable":true,"href":"https:\/\/bonsaiarquitetura.com.br\/en\/wp-json\/wp\/v2\/users\/1"}],"replies":[{"embeddable":true,"href":"https:\/\/bonsaiarquitetura.com.br\/en\/wp-json\/wp\/v2\/comments?post=2720"}],"version-history":[{"count":2,"href":"https:\/\/bonsaiarquitetura.com.br\/en\/wp-json\/wp\/v2\/posts\/2720\/revisions"}],"predecessor-version":[{"id":2722,"href":"https:\/\/bonsaiarquitetura.com.br\/en\/wp-json\/wp\/v2\/posts\/2720\/revisions\/2722"}],"wp:featuredmedia":[{"embeddable":true,"href":"https:\/\/bonsaiarquitetura.com.br\/en\/wp-json\/wp\/v2\/media\/2705"}],"wp:attachment":[{"href":"https:\/\/bonsaiarquitetura.com.br\/en\/wp-json\/wp\/v2\/media?parent=2720"}],"wp:term":[{"taxonomy":"category","embeddable":true,"href":"https:\/\/bonsaiarquitetura.com.br\/en\/wp-json\/wp\/v2\/categories?post=2720"},{"taxonomy":"post_tag","embeddable":true,"href":"https:\/\/bonsaiarquitetura.com.br\/en\/wp-json\/wp\/v2\/tags?post=2720"}],"curies":[{"name":"wp","href":"https:\/\/api.w.org\/{rel}","templated":true}]}}