{"id":2723,"date":"2026-08-24T08:30:00","date_gmt":"2026-08-24T08:30:00","guid":{"rendered":"https:\/\/bonsaiarquitetura.com.br\/?p=2723"},"modified":"2026-07-24T00:17:41","modified_gmt":"2026-07-24T00:17:41","slug":"casa-com-identidade","status":"publish","type":"post","link":"https:\/\/bonsaiarquitetura.com.br\/en\/casa-com-identidade\/","title":{"rendered":"Como criar uma casa com identidade usando a psicoarquitetura"},"content":{"rendered":"<div style=\"height:100px\" aria-hidden=\"true\" class=\"wp-block-spacer is-style-dots\"><\/div>\n\n\n\n<p class=\"has-text-color has-link-color wp-elements-1 wp-block-paragraph\" style=\"color:#425261;font-size:18px;line-height:2\">Depois de alguns meses vivendo em outro pa\u00eds, uma sensa\u00e7\u00e3o come\u00e7a a aparecer: o apartamento est\u00e1 organizado, os m\u00f3veis foram escolhidos, tudo parece funcionar, mas ainda falta algo. \u00c9 como se aquele espa\u00e7o pertencesse a qualquer pessoa, menos a voc\u00ea.<\/p>\n\n\n\n<p class=\"has-text-color has-link-color wp-elements-2 wp-block-paragraph\" style=\"color:#425261;font-size:18px;line-height:2\">Essa experi\u00eancia \u00e9 muito comum entre brasileiros expatriados. Pois quando tudo ao redor muda, desde o idioma at\u00e9 a rotina e a paisagem da janela, a casa se torna uma das poucas refer\u00eancias capazes de trazer estabilidade. Por isso, criar uma <strong>casa com identidade<\/strong> n\u00e3o depende de preencher todos os cantos com objetos, mas de escolher elementos que representem quem voc\u00ea \u00e9 e criem uma conex\u00e3o emocional verdadeira.<\/p>\n\n\n\n<div style=\"height:50px\" aria-hidden=\"true\" class=\"wp-block-spacer is-style-dots\"><\/div>\n\n\n\n<p class=\"has-text-color has-link-color wp-elements-3 wp-block-paragraph\" style=\"color:#8c5737;font-size:25px;font-style:normal;font-weight:700;line-height:2\">\ud83c\udf3fQuando a casa parece bonita, mas n\u00e3o parece sua?<\/p>\n\n\n\n<p class=\"has-text-color has-link-color wp-elements-4 wp-block-paragraph\" style=\"color:#425261;font-size:18px;line-height:2\">Muitas pessoas chegam ao exterior e montam a casa seguindo uma l\u00f3gica pr\u00e1tica.<\/p>\n\n\n\n<p class=\"has-text-color has-link-color wp-elements-5 wp-block-paragraph\" style=\"color:#425261;font-size:18px;line-height:2\">Escolhem m\u00f3veis neutros, aproveitam o que j\u00e1 existe no apartamento e compram pe\u00e7as que combinam entre si.<\/p>\n\n\n\n<p class=\"has-text-color has-link-color wp-elements-6 wp-block-paragraph\" style=\"color:#425261;font-size:18px;line-height:2\">O resultado costuma ser organizado e agrad\u00e1vel.<\/p>\n\n\n\n<p class=\"has-text-color has-link-color wp-elements-7 wp-block-paragraph\" style=\"color:#425261;font-size:18px;line-height:2\">Mas, depois de um tempo, surge uma sensa\u00e7\u00e3o dif\u00edcil de explicar: aquele espa\u00e7o ainda parece tempor\u00e1rio.<\/p>\n\n\n\n<p class=\"has-text-color has-link-color wp-elements-8 wp-block-paragraph\" style=\"color:#425261;font-size:18px;line-height:2\">Isso acontece porque uma casa n\u00e3o \u00e9 constru\u00edda apenas por funcionalidade.<\/p>\n\n\n\n<p class=\"has-text-color has-link-color wp-elements-9 wp-block-paragraph\" style=\"color:#425261;font-size:18px;line-height:2\">Ela tamb\u00e9m precisa contar uma hist\u00f3ria.<\/p>\n\n\n\n<p class=\"has-text-color has-link-color wp-elements-10 wp-block-paragraph\" style=\"color:#425261;font-size:18px;line-height:2\">Quando todos os elementos s\u00e3o escolhidos apenas pela est\u00e9tica, o ambiente pode ficar visualmente correto, mas emocionalmente distante.<\/p>\n\n\n\n<p class=\"has-text-color has-link-color wp-elements-11 wp-block-paragraph\" style=\"color:#425261;font-size:18px;line-height:2\">Em apartamentos compactos, essa quest\u00e3o fica ainda mais evidente. Como existe menos espa\u00e7o, cada escolha ganha mais import\u00e2ncia. Assim, um \u00fanico elemento significativo pode ter mais impacto do que dezenas de objetos espalhados.<\/p>\n\n\n\n<div style=\"height:50px\" aria-hidden=\"true\" class=\"wp-block-spacer is-style-dots\"><\/div>\n\n\n\n<h2 class=\"wp-block-heading has-text-color has-link-color wp-elements-12\" style=\"color:#8c5737;font-size:25px;font-style:normal;font-weight:700;line-height:2\">\ud83c\udf3f Nosso c\u00e9rebro precisa de refer\u00eancias para criar pertencimento<\/h2>\n\n\n\n<p class=\"has-text-color has-link-color wp-elements-13 wp-block-paragraph\" style=\"color:#425261;font-size:18px;line-height:2\">A psicoarquitetura explica que os ambientes influenciam diretamente nossa percep\u00e7\u00e3o de seguran\u00e7a e conforto.<\/p>\n\n\n\n<p class=\"has-text-color has-link-color wp-elements-14 wp-block-paragraph\" style=\"color:#425261;font-size:18px;line-height:2\">Quando mudamos de pa\u00eds, nosso c\u00e9rebro passa por uma grande adapta\u00e7\u00e3o.<\/p>\n\n\n\n<p class=\"has-text-color has-link-color wp-elements-15 wp-block-paragraph\" style=\"color:#425261;font-size:18px;line-height:2\">Novos sons, novos cheiros, novos caminhos, novos h\u00e1bitos.<\/p>\n\n\n\n<p class=\"has-text-color has-link-color wp-elements-16 wp-block-paragraph\" style=\"color:#425261;font-size:18px;line-height:2\">Tudo exige aten\u00e7\u00e3o.<\/p>\n\n\n\n<p class=\"has-text-color has-link-color wp-elements-17 wp-block-paragraph\" style=\"color:#425261;font-size:18px;line-height:2\">Nesse processo, ter refer\u00eancias familiares dentro de casa ajuda a criar uma sensa\u00e7\u00e3o de continuidade.<\/p>\n\n\n\n<p class=\"has-text-color has-link-color wp-elements-18 wp-block-paragraph\" style=\"color:#425261;font-size:18px;line-height:2\">Um quadro que lembra uma hist\u00f3ria da fam\u00edlia.<\/p>\n\n\n\n<p class=\"has-text-color has-link-color wp-elements-19 wp-block-paragraph\" style=\"color:#425261;font-size:18px;line-height:2\">Uma poltrona herdada.<\/p>\n\n\n\n<p class=\"has-text-color has-link-color wp-elements-20 wp-block-paragraph\" style=\"color:#425261;font-size:18px;line-height:2\">Uma pe\u00e7a artesanal trazida de uma viagem.<\/p>\n\n\n\n<p class=\"has-text-color has-link-color wp-elements-21 wp-block-paragraph\" style=\"color:#425261;font-size:18px;line-height:2\">Uma estante com livros importantes.<\/p>\n\n\n\n<p class=\"has-text-color has-link-color wp-elements-22 wp-block-paragraph\" style=\"color:#425261;font-size:18px;line-height:2\">Esses elementos funcionam como pontos de ancoragem emocional.<\/p>\n\n\n\n<p class=\"has-text-color has-link-color wp-elements-23 wp-block-paragraph\" style=\"color:#425261;font-size:18px;line-height:2\">Eles ajudam o c\u00e9rebro a reconhecer aquele espa\u00e7o como familiar, mesmo quando todo o restante ao redor ainda \u00e9 novo.<\/p>\n\n\n\n<p class=\"has-text-color has-link-color wp-elements-24 wp-block-paragraph\" style=\"color:#425261;font-size:18px;line-height:2\">Por isso, antes de pensar em decorar todos os ambientes, vale perguntar: qual elemento representa a minha hist\u00f3ria?<\/p>\n\n\n\n<p class=\"has-text-color has-link-color wp-elements-25 wp-block-paragraph\" style=\"color:#425261;font-size:18px;line-height:2\">A partir dessa resposta, a arquitetura pode organizar todo o restante.<\/p>\n\n\n\n<p class=\"has-text-color has-link-color wp-elements-26 wp-block-paragraph\" style=\"color:#425261;font-size:18px;line-height:2\">Se voc\u00ea deseja criar uma casa mais conectada com sua identidade, a nossa <a href=\"https:\/\/projetos.bonsaiarquitetura.com.br\/consultoria-online\/\"><strong>consultoria online<\/strong><\/a> ajuda a transformar essas refer\u00eancias pessoais em um projeto funcional e coerente:<\/p>\n\n\n\n<div style=\"height:50px\" aria-hidden=\"true\" class=\"wp-block-spacer is-style-dots\"><\/div>\n\n\n\n<h3 class=\"wp-block-heading has-text-color has-link-color wp-elements-27\" style=\"color:#8c5737;font-size:25px;font-style:normal;font-weight:700;line-height:2\">\ud83c\udf3f Como aplicar essas ideias na pr\u00e1tica<\/h3>\n\n\n\n<p class=\"has-text-color has-link-color wp-elements-28 wp-block-paragraph\" style=\"color:#425261;font-size:18px;line-height:2\">Escolha um ponto de ancoragem emocional<\/p>\n\n\n\n<p class=\"has-text-color has-link-color wp-elements-29 wp-block-paragraph\" style=\"color:#425261;font-size:18px;line-height:2\">O primeiro passo \u00e9 encontrar um elemento que tenha significado para voc\u00ea.<\/p>\n\n\n\n<p class=\"has-text-color has-link-color wp-elements-30 wp-block-paragraph\" style=\"color:#425261;font-size:18px;line-height:2\">Ele n\u00e3o precisa ser grande.<\/p>\n\n\n\n<p class=\"has-text-color has-link-color wp-elements-31 wp-block-paragraph\" style=\"color:#425261;font-size:18px;line-height:2\">Pode ser uma obra de arte, uma pe\u00e7a artesanal, um m\u00f3vel antigo, uma cole\u00e7\u00e3o de livros ou at\u00e9 um canto espec\u00edfico da casa.<\/p>\n\n\n\n<p class=\"has-text-color has-link-color wp-elements-32 wp-block-paragraph\" style=\"color:#425261;font-size:18px;line-height:2\">Esse elemento ser\u00e1 o ponto de partida da narrativa do ambiente.<\/p>\n\n\n\n<p class=\"has-text-color has-link-color wp-elements-33 wp-block-paragraph\" style=\"color:#425261;font-size:18px;line-height:2\">Ou seja, em vez de comprar objetos aleat\u00f3rios para preencher espa\u00e7os vazios, voc\u00ea come\u00e7a a construir uma composi\u00e7\u00e3o ao redor de algo que j\u00e1 possui valor emocional.<\/p>\n\n\n\n<h3 class=\"wp-block-heading has-text-color has-link-color wp-elements-34\" style=\"color:#425261;font-size:18px\"><strong>Use a decora\u00e7\u00e3o para apoiar uma hist\u00f3ria<\/strong><\/h3>\n\n\n\n<p class=\"has-text-color has-link-color wp-elements-35 wp-block-paragraph\" style=\"color:#425261;font-size:18px;line-height:2\">Imagine uma poltrona que pertenceu aos seus av\u00f3s.<\/p>\n\n\n\n<p class=\"has-text-color has-link-color wp-elements-36 wp-block-paragraph\" style=\"color:#425261;font-size:18px;line-height:2\">Ela pode ganhar uma nova leitura em outro pa\u00eds quando combinada com uma lumin\u00e1ria adequada, uma manta confort\u00e1vel e uma pequena mesa lateral.<\/p>\n\n\n\n<p class=\"has-text-color has-link-color wp-elements-37 wp-block-paragraph\" style=\"color:#425261;font-size:18px;line-height:2\">O objeto continua sendo o protagonista, mas o restante da composi\u00e7\u00e3o ajuda a integr\u00e1-lo ao novo contexto.<\/p>\n\n\n\n<p class=\"has-text-color has-link-color wp-elements-38 wp-block-paragraph\" style=\"color:#425261;font-size:18px;line-height:2\">Essa \u00e9 uma das principais diferen\u00e7as entre decorar e projetar.<\/p>\n\n\n\n<p class=\"has-text-color has-link-color wp-elements-39 wp-block-paragraph\" style=\"color:#425261;font-size:18px;line-height:2\">A decora\u00e7\u00e3o adiciona elementos.<\/p>\n\n\n\n<p class=\"has-text-color has-link-color wp-elements-40 wp-block-paragraph\" style=\"color:#425261;font-size:18px;line-height:2\">Pois a arquitetura cria rela\u00e7\u00f5es entre eles.<\/p>\n\n\n\n<h3 class=\"wp-block-heading has-text-color has-link-color wp-elements-41\" style=\"color:#425261;font-size:18px\"><strong>Crie um ponto de identidade em apartamentos pequenos<\/strong><\/h3>\n\n\n\n<p class=\"has-text-color has-link-color wp-elements-42 wp-block-paragraph\" style=\"color:#425261;font-size:18px;line-height:2\">Por isso, tudios e apartamentos compactos, existe uma vantagem interessante: um \u00fanico ponto bem planejado pode transformar a percep\u00e7\u00e3o de todo o espa\u00e7o.<\/p>\n\n\n\n<p class=\"has-text-color has-link-color wp-elements-43 wp-block-paragraph\" style=\"color:#425261;font-size:18px;line-height:2\">Pode ser:<\/p>\n\n\n\n<ul class=\"wp-block-list\">\n<li class=\"has-text-color has-link-color wp-elements-44\" style=\"color:#425261;font-size:18px;line-height:2\">uma parede com obras brasileiras;<\/li>\n\n\n\n<li class=\"has-text-color has-link-color wp-elements-45\" style=\"color:#425261;font-size:18px;line-height:2\">uma estante com livros e objetos afetivos;<\/li>\n\n\n\n<li class=\"has-text-color has-link-color wp-elements-46\" style=\"color:#425261;font-size:18px;line-height:2\">um canto de leitura;<\/li>\n\n\n\n<li class=\"has-text-color has-link-color wp-elements-47\" style=\"color:#425261;font-size:18px;line-height:2\">uma mesa com pe\u00e7as artesanais;<\/li>\n\n\n\n<li class=\"has-text-color has-link-color wp-elements-48\" style=\"color:#425261;font-size:18px;line-height:2\">uma composi\u00e7\u00e3o de quadros na sala.<\/li>\n<\/ul>\n\n\n\n<p class=\"has-text-color has-link-color wp-elements-49 wp-block-paragraph\" style=\"color:#425261;font-size:18px;line-height:2\">Assim, o segredo est\u00e1 em escolher uma narrativa e deixar que o restante do ambiente converse com ela.<\/p>\n\n\n\n<div style=\"height:50px\" aria-hidden=\"true\" class=\"wp-block-spacer is-style-dots\"><\/div>\n\n\n\n<h3 class=\"wp-block-heading has-text-color has-link-color wp-elements-50\" style=\"color:#8c5737;font-size:25px;font-style:normal;font-weight:700;line-height:2\">\ud83c\udf3f A atmosfera final: quando o apartamento deixa de ser apenas um lugar<\/h3>\n\n\n\n<p class=\"has-text-color has-link-color wp-elements-51 wp-block-paragraph\" style=\"color:#425261;font-size:18px;line-height:2\">Primeiramente existe uma diferen\u00e7a entre morar em um espa\u00e7o e sentir que aquele espa\u00e7o pertence a voc\u00ea.<\/p>\n\n\n\n<p class=\"has-text-color has-link-color wp-elements-52 wp-block-paragraph\" style=\"color:#425261;font-size:18px;line-height:2\">Pois a segunda sensa\u00e7\u00e3o aparece quando encontramos pequenas refer\u00eancias que nos representam.<\/p>\n\n\n\n<p class=\"has-text-color has-link-color wp-elements-53 wp-block-paragraph\" style=\"color:#425261;font-size:18px;line-height:2\">O caf\u00e9 preparado naquela bandeja especial.<\/p>\n\n\n\n<p class=\"has-text-color has-link-color wp-elements-54 wp-block-paragraph\" style=\"color:#425261;font-size:18px;line-height:2\">A luz pr\u00f3xima da poltrona favorita.<\/p>\n\n\n\n<p class=\"has-text-color has-link-color wp-elements-55 wp-block-paragraph\" style=\"color:#425261;font-size:18px;line-height:2\">O quadro que lembra uma paisagem conhecida.<\/p>\n\n\n\n<p class=\"has-text-color has-link-color wp-elements-56 wp-block-paragraph\" style=\"color:#425261;font-size:18px;line-height:2\">A textura de uma madeira que traz sensa\u00e7\u00e3o de aconchego.<\/p>\n\n\n\n<p class=\"has-text-color has-link-color wp-elements-57 wp-block-paragraph\" style=\"color:#425261;font-size:18px;line-height:2\">Esses s\u00e3o exemplos de detalhes que criam uma continuidade entre passado e presente.<\/p>\n\n\n\n<p class=\"has-text-color has-link-color wp-elements-58 wp-block-paragraph\" style=\"color:#425261;font-size:18px;line-height:2\">Logo, a casa deixa de ser apenas o lugar onde voc\u00ea dorme depois de um dia fora.<\/p>\n\n\n\n<p class=\"has-text-color has-link-color wp-elements-59 wp-block-paragraph\" style=\"color:#425261;font-size:18px;line-height:2\">Assim ela passa a participar da sua hist\u00f3ria.<\/p>\n\n\n\n<p class=\"has-text-color has-link-color wp-elements-60 wp-block-paragraph\" style=\"color:#425261;font-size:18px;line-height:2\">Por fim, isso \u00e9 especialmente importante para quem vive longe das suas refer\u00eancias originais.<\/p>\n\n\n\n<div style=\"height:50px\" aria-hidden=\"true\" class=\"wp-block-spacer is-style-dots\"><\/div>\n\n\n\n<h3 class=\"wp-block-heading has-text-color has-link-color wp-elements-61\" style=\"color:#8c5737;font-size:25px;font-style:normal;font-weight:700;line-height:2\">\ud83c\udf3f Monte esse clima na sua casa<\/h3>\n\n\n\n<p class=\"has-text-color has-link-color wp-elements-62 wp-block-paragraph\" style=\"color:#425261;font-size:18px;font-style:normal;font-weight:400;line-height:2\">Os produtos abaixo seguem os princ\u00edpios apresentados neste artigo e podem ajudar voc\u00ea a criar esse ambiente na sua casa. Dessa forma, a sele\u00e7\u00e3o foi feita com o mesmo olhar que utilizamos em nossos projetos de arquitetura, priorizando conforto, funcionalidade e identidade.<\/p>\n\n\n\n<p class=\"has-text-color has-link-color wp-elements-63 wp-block-paragraph\" style=\"color:#425261;font-size:18px;font-style:normal;font-weight:400;line-height:2\"><strong><a href=\"https:\/\/link.amazon\/B00bhQ8hY\">Quadros Artesanais com Frutas<\/a><\/strong>: Uma composi\u00e7\u00e3o artesanal que adiciona personalidade e refer\u00eancias naturais ao ambiente, criando um ponto visual com identidade.<\/p>\n\n\n\n<p class=\"has-text-color has-link-color wp-elements-64 wp-block-paragraph\" style=\"color:#425261;font-size:18px;font-style:normal;font-weight:400;line-height:2\"><strong><a href=\"https:\/\/link.amazon\/B01qxUsSa\">Quadro em Madeira Artesanal Caf\u00e9<\/a><\/strong>: O caf\u00e9 faz parte da mem\u00f3ria afetiva de muitos brasileiros. Uma pe\u00e7a como essa ajuda a trazer uma refer\u00eancia cultural de forma sutil.<\/p>\n\n\n\n<p class=\"has-text-color has-link-color wp-elements-65 wp-block-paragraph\" style=\"color:#425261;font-size:18px;font-style:normal;font-weight:400;line-height:2\"><strong><a href=\"https:\/\/link.amazon\/B0efhPXd1\">Kit 3 Quadros Artesanal Frutas<\/a><\/strong>: Uma alternativa para criar uma composi\u00e7\u00e3o com elementos brasileiros sem transformar o ambiente em uma decora\u00e7\u00e3o tem\u00e1tica.<\/p>\n\n\n\n<figure class=\"wp-block-gallery has-nested-images columns-default is-cropped wp-block-gallery-1 is-layout-flex wp-block-gallery-is-layout-flex\">\n<figure class=\"wp-block-image size-large has-custom-border\"><a href=\"https:\/\/link.amazon\/B00bhQ8hY\"><img fetchpriority=\"high\" decoding=\"async\" width=\"700\" height=\"700\" data-id=\"2707\" src=\"https:\/\/bonsaiarquitetura.com.br\/wp-content\/uploads\/2026\/07\/amazon-kit-quadros-madeira-artesala-fruta-bonsai-arquitetura.webp\" alt=\"\" class=\"wp-image-2707\" style=\"border-top-left-radius:10px;border-top-right-radius:10px;border-bottom-left-radius:10px;border-bottom-right-radius:10px\" srcset=\"https:\/\/bonsaiarquitetura.com.br\/wp-content\/uploads\/2026\/07\/amazon-kit-quadros-madeira-artesala-fruta-bonsai-arquitetura.webp 700w, https:\/\/bonsaiarquitetura.com.br\/wp-content\/uploads\/2026\/07\/amazon-kit-quadros-madeira-artesala-fruta-bonsai-arquitetura-300x300.webp 300w, https:\/\/bonsaiarquitetura.com.br\/wp-content\/uploads\/2026\/07\/amazon-kit-quadros-madeira-artesala-fruta-bonsai-arquitetura-150x150.webp 150w, https:\/\/bonsaiarquitetura.com.br\/wp-content\/uploads\/2026\/07\/amazon-kit-quadros-madeira-artesala-fruta-bonsai-arquitetura-12x12.webp 12w\" sizes=\"(max-width: 700px) 100vw, 700px\" \/><\/a><figcaption class=\"wp-element-caption\"><strong><a href=\"https:\/\/link.amazon\/B00bhQ8hY\"><mark style=\"background-color:rgba(0, 0, 0, 0);color:#425261\" class=\"has-inline-color\">Quadros Artesanais com Frutas<\/mark><\/a><\/strong><\/figcaption><\/figure>\n\n\n\n<figure class=\"wp-block-image size-large has-custom-border\"><a href=\"https:\/\/link.amazon\/B01qxUsSa\"><img decoding=\"async\" width=\"700\" height=\"700\" data-id=\"2708\" src=\"https:\/\/bonsaiarquitetura.com.br\/wp-content\/uploads\/2026\/07\/amazon-quadro-grande-madeira-artesanal-cafe-bonsai-arquitetura.webp\" alt=\"\" class=\"wp-image-2708\" style=\"border-top-left-radius:10px;border-top-right-radius:10px;border-bottom-left-radius:10px;border-bottom-right-radius:10px\" srcset=\"https:\/\/bonsaiarquitetura.com.br\/wp-content\/uploads\/2026\/07\/amazon-quadro-grande-madeira-artesanal-cafe-bonsai-arquitetura.webp 700w, https:\/\/bonsaiarquitetura.com.br\/wp-content\/uploads\/2026\/07\/amazon-quadro-grande-madeira-artesanal-cafe-bonsai-arquitetura-300x300.webp 300w, https:\/\/bonsaiarquitetura.com.br\/wp-content\/uploads\/2026\/07\/amazon-quadro-grande-madeira-artesanal-cafe-bonsai-arquitetura-150x150.webp 150w, https:\/\/bonsaiarquitetura.com.br\/wp-content\/uploads\/2026\/07\/amazon-quadro-grande-madeira-artesanal-cafe-bonsai-arquitetura-12x12.webp 12w\" sizes=\"(max-width: 700px) 100vw, 700px\" \/><\/a><figcaption class=\"wp-element-caption\"><a href=\"https:\/\/link.amazon\/B01qxUsSa\"><mark style=\"background-color:rgba(0, 0, 0, 0);color:#425261\" class=\"has-inline-color\"><strong>Quadro<\/strong> <strong>Artesanal Caf\u00e9<\/strong><\/mark><\/a><\/figcaption><\/figure>\n\n\n\n<figure class=\"wp-block-image size-large has-custom-border\"><a href=\"https:\/\/link.amazon\/B0efhPXd1\"><img decoding=\"async\" width=\"700\" height=\"700\" data-id=\"2709\" src=\"https:\/\/bonsaiarquitetura.com.br\/wp-content\/uploads\/2026\/07\/amazon-online-kit-quadros-madeira-artesanal-frutas-bonsai-arquitetura.webp\" alt=\"\" class=\"wp-image-2709\" style=\"border-top-left-radius:10px;border-top-right-radius:10px;border-bottom-left-radius:10px;border-bottom-right-radius:10px\" srcset=\"https:\/\/bonsaiarquitetura.com.br\/wp-content\/uploads\/2026\/07\/amazon-online-kit-quadros-madeira-artesanal-frutas-bonsai-arquitetura.webp 700w, https:\/\/bonsaiarquitetura.com.br\/wp-content\/uploads\/2026\/07\/amazon-online-kit-quadros-madeira-artesanal-frutas-bonsai-arquitetura-300x300.webp 300w, https:\/\/bonsaiarquitetura.com.br\/wp-content\/uploads\/2026\/07\/amazon-online-kit-quadros-madeira-artesanal-frutas-bonsai-arquitetura-150x150.webp 150w, https:\/\/bonsaiarquitetura.com.br\/wp-content\/uploads\/2026\/07\/amazon-online-kit-quadros-madeira-artesanal-frutas-bonsai-arquitetura-12x12.webp 12w\" sizes=\"(max-width: 700px) 100vw, 700px\" \/><\/a><figcaption class=\"wp-element-caption\"><strong><a href=\"https:\/\/link.amazon\/B0efhPXd1\"><mark style=\"background-color:rgba(0, 0, 0, 0);color:#425261\" class=\"has-inline-color\">Kit 3 Quadros Artesanal Frutas<\/mark><\/a><\/strong><\/figcaption><\/figure>\n<\/figure>\n\n\n\n<div style=\"height:50px\" aria-hidden=\"true\" class=\"wp-block-spacer is-style-dots\"><\/div>\n\n\n\n<p class=\"has-text-color has-link-color wp-elements-66 wp-block-paragraph\" style=\"color:#425261;font-size:18px;font-style:normal;font-weight:400;line-height:2\"><strong><a href=\"https:\/\/link.amazon\/B04wa8hc8\">Capas de Almofadas Rattan Cru<\/a><\/strong>: As fibras naturais adicionam textura e conforto visual, ajudando a criar uma atmosfera acolhedora ao redor do ponto de identidade escolhido.<\/p>\n\n\n\n<p class=\"has-text-color has-link-color wp-elements-67 wp-block-paragraph\" style=\"color:#425261;font-size:18px;font-style:normal;font-weight:400;line-height:2\"><strong><a href=\"https:\/\/link.amazon\/B05RpKDyN\">Bandeja em Madeira Rattan Palhinha<\/a><\/strong>: Uma pe\u00e7a funcional que ajuda a organizar pequenos objetos afetivos, criando uma composi\u00e7\u00e3o intencional.<\/p>\n\n\n\n<p class=\"has-text-color has-link-color wp-elements-68 wp-block-paragraph\" style=\"color:#425261;font-size:18px;font-style:normal;font-weight:400;line-height:2\"><strong><a href=\"https:\/\/link.amazon\/B0eyPaBJV\">Lumin\u00e1ria de Ch\u00e3o em Rattan<\/a><\/strong>: A ilumina\u00e7\u00e3o indireta valoriza objetos importantes e cria uma atmosfera mais confort\u00e1vel no per\u00edodo da noite.<\/p>\n\n\n\n<figure class=\"wp-block-gallery has-nested-images columns-default is-cropped wp-block-gallery-2 is-layout-flex wp-block-gallery-is-layout-flex\">\n<figure class=\"wp-block-image size-large has-custom-border\"><a href=\"https:\/\/link.amazon\/B04wa8hc8\"><img loading=\"lazy\" decoding=\"async\" width=\"700\" height=\"700\" data-id=\"2710\" src=\"https:\/\/bonsaiarquitetura.com.br\/wp-content\/uploads\/2026\/07\/amazon-kit-capas-de-almofadas-rattan-cru-bege-bonsai-arquitetura.webp\" alt=\"\" class=\"wp-image-2710\" style=\"border-top-left-radius:10px;border-top-right-radius:10px;border-bottom-left-radius:10px;border-bottom-right-radius:10px\" srcset=\"https:\/\/bonsaiarquitetura.com.br\/wp-content\/uploads\/2026\/07\/amazon-kit-capas-de-almofadas-rattan-cru-bege-bonsai-arquitetura.webp 700w, https:\/\/bonsaiarquitetura.com.br\/wp-content\/uploads\/2026\/07\/amazon-kit-capas-de-almofadas-rattan-cru-bege-bonsai-arquitetura-300x300.webp 300w, https:\/\/bonsaiarquitetura.com.br\/wp-content\/uploads\/2026\/07\/amazon-kit-capas-de-almofadas-rattan-cru-bege-bonsai-arquitetura-150x150.webp 150w, https:\/\/bonsaiarquitetura.com.br\/wp-content\/uploads\/2026\/07\/amazon-kit-capas-de-almofadas-rattan-cru-bege-bonsai-arquitetura-12x12.webp 12w\" sizes=\"(max-width: 700px) 100vw, 700px\" \/><\/a><figcaption class=\"wp-element-caption\"><strong><a href=\"https:\/\/link.amazon\/B04wa8hc8\"><mark style=\"background-color:rgba(0, 0, 0, 0);color:#425261\" class=\"has-inline-color\">Capas de Almofadas Rattan Cru<\/mark><\/a> <\/strong><\/figcaption><\/figure>\n\n\n\n<figure class=\"wp-block-image size-large has-custom-border\"><a href=\"https:\/\/link.amazon\/B05RpKDyN\"><img loading=\"lazy\" decoding=\"async\" width=\"700\" height=\"700\" data-id=\"2711\" src=\"https:\/\/bonsaiarquitetura.com.br\/wp-content\/uploads\/2026\/07\/amazon-bandeja-retangular-madeira-rattan-palhinha-bonsai-arquitetura.webp\" alt=\"\" class=\"wp-image-2711\" style=\"border-top-left-radius:10px;border-top-right-radius:10px;border-bottom-left-radius:10px;border-bottom-right-radius:10px\" srcset=\"https:\/\/bonsaiarquitetura.com.br\/wp-content\/uploads\/2026\/07\/amazon-bandeja-retangular-madeira-rattan-palhinha-bonsai-arquitetura.webp 700w, https:\/\/bonsaiarquitetura.com.br\/wp-content\/uploads\/2026\/07\/amazon-bandeja-retangular-madeira-rattan-palhinha-bonsai-arquitetura-300x300.webp 300w, https:\/\/bonsaiarquitetura.com.br\/wp-content\/uploads\/2026\/07\/amazon-bandeja-retangular-madeira-rattan-palhinha-bonsai-arquitetura-150x150.webp 150w, https:\/\/bonsaiarquitetura.com.br\/wp-content\/uploads\/2026\/07\/amazon-bandeja-retangular-madeira-rattan-palhinha-bonsai-arquitetura-12x12.webp 12w\" sizes=\"(max-width: 700px) 100vw, 700px\" \/><\/a><figcaption class=\"wp-element-caption\"><strong><a href=\"https:\/\/link.amazon\/B05RpKDyN\"><mark style=\"background-color:rgba(0, 0, 0, 0);color:#425261\" class=\"has-inline-color\">Bandeja em Rattan Palhinha<\/mark><\/a><\/strong><\/figcaption><\/figure>\n\n\n\n<figure class=\"wp-block-image size-large has-custom-border\"><a href=\"https:\/\/link.amazon\/B0eyPaBJV\"><img loading=\"lazy\" decoding=\"async\" width=\"700\" height=\"700\" data-id=\"2712\" src=\"https:\/\/bonsaiarquitetura.com.br\/wp-content\/uploads\/2026\/07\/amazon-luminaria-de-chao-rattan-bonsai-arquitetura.webp\" alt=\"\" class=\"wp-image-2712\" style=\"border-top-left-radius:10px;border-top-right-radius:10px;border-bottom-left-radius:10px;border-bottom-right-radius:10px\" srcset=\"https:\/\/bonsaiarquitetura.com.br\/wp-content\/uploads\/2026\/07\/amazon-luminaria-de-chao-rattan-bonsai-arquitetura.webp 700w, https:\/\/bonsaiarquitetura.com.br\/wp-content\/uploads\/2026\/07\/amazon-luminaria-de-chao-rattan-bonsai-arquitetura-300x300.webp 300w, https:\/\/bonsaiarquitetura.com.br\/wp-content\/uploads\/2026\/07\/amazon-luminaria-de-chao-rattan-bonsai-arquitetura-150x150.webp 150w, https:\/\/bonsaiarquitetura.com.br\/wp-content\/uploads\/2026\/07\/amazon-luminaria-de-chao-rattan-bonsai-arquitetura-12x12.webp 12w\" sizes=\"(max-width: 700px) 100vw, 700px\" \/><\/a><figcaption class=\"wp-element-caption\"><strong><a href=\"https:\/\/link.amazon\/B0eyPaBJV\"><mark style=\"background-color:rgba(0, 0, 0, 0);color:#425261\" class=\"has-inline-color\">Lumin\u00e1ria de Ch\u00e3o em Rattan<\/mark><\/a><\/strong><\/figcaption><\/figure>\n<\/figure>\n\n\n\n<div style=\"height:50px\" aria-hidden=\"true\" class=\"wp-block-spacer is-style-dots\"><\/div>\n\n\n\n<h2 class=\"wp-block-heading has-text-color has-link-color wp-elements-69\" style=\"color:#8c5737;font-size:25px;font-style:normal;font-weight:700;line-height:2\">\ud83c\udf3f A casa come\u00e7a com uma hist\u00f3ria, n\u00e3o com uma compra<\/h2>\n\n\n\n<p class=\"has-text-color has-link-color wp-elements-70 wp-block-paragraph\" style=\"color:#425261;font-size:18px;font-style:normal;font-weight:400;line-height:2\">Primeiramente, criar uma casa com identidade n\u00e3o significa encontrar todos os objetos perfeitos.<\/p>\n\n\n\n<p class=\"has-text-color has-link-color wp-elements-71 wp-block-paragraph\" style=\"color:#425261;font-size:18px;font-style:normal;font-weight:400;line-height:2\">Ou seja, isso significa reconhecer aquilo que j\u00e1 faz parte da sua hist\u00f3ria e permitir que esses elementos encontrem um novo lugar na sua vida.<\/p>\n\n\n\n<p class=\"has-text-color has-link-color wp-elements-72 wp-block-paragraph\" style=\"color:#425261;font-size:18px;font-style:normal;font-weight:400;line-height:2\">Pois quando uma casa tem uma narrativa, ela se torna mais do que uma composi\u00e7\u00e3o bonita.<\/p>\n\n\n\n<p class=\"has-text-color has-link-color wp-elements-73 wp-block-paragraph\" style=\"color:#425261;font-size:18px;font-style:normal;font-weight:400;line-height:2\">Logo ela se transforma em uma extens\u00e3o de quem mora ali.<\/p>\n\n\n\n<p class=\"has-text-color has-link-color wp-elements-74 wp-block-paragraph\" style=\"color:#425261;font-size:18px;font-style:normal;font-weight:400;line-height:2\">Mesmo longe do pa\u00eds onde tudo come\u00e7ou.<\/p>\n\n\n\n<div style=\"height:50px\" aria-hidden=\"true\" class=\"wp-block-spacer is-style-dots\"><\/div>\n\n\n\n<p class=\"has-text-color has-link-color wp-elements-75 wp-block-paragraph\" style=\"color:#8c5737;font-size:25px;line-height:2\">\ud83c\udf3f <strong>Perguntas frequentes sobre casa com identidade<\/strong><\/p>\n\n\n\n<p class=\"has-text-color has-link-color wp-elements-76 wp-block-paragraph\" style=\"color:#425261;font-size:18px;line-height:2\"><strong>O que significa ter uma casa com identidade?<\/strong><\/p>\n\n\n\n<p class=\"has-text-color has-link-color wp-elements-77 wp-block-paragraph\" style=\"color:#425261;font-size:18px;line-height:2\">Em resumo, uma casa com identidade \u00e9 aquela que reflete a personalidade, as mem\u00f3rias e a forma de viver dos moradores, em vez de seguir apenas tend\u00eancias de decora\u00e7\u00e3o.<\/p>\n\n\n\n<p class=\"has-text-color has-link-color wp-elements-78 wp-block-paragraph\" style=\"color:#425261;font-size:18px;line-height:2\"><strong>Como criar identidade em um apartamento pequeno?<\/strong><\/p>\n\n\n\n<p class=\"has-text-color has-link-color wp-elements-79 wp-block-paragraph\" style=\"color:#425261;font-size:18px;line-height:2\">Escolha um ponto de destaque com significado, como uma obra de arte, m\u00f3vel ou cole\u00e7\u00e3o pessoal, e organize o restante do ambiente ao redor desse elemento.<\/p>\n\n\n\n<p class=\"has-text-color has-link-color wp-elements-80 wp-block-paragraph\" style=\"color:#425261;font-size:18px;line-height:2\"><strong>A psicoarquitetura pode ajudar na decora\u00e7\u00e3o?<\/strong><\/p>\n\n\n\n<p class=\"has-text-color has-link-color wp-elements-81 wp-block-paragraph\" style=\"color:#425261;font-size:18px;line-height:2\">Sim. Pois, a psicoarquitetura estuda como os ambientes influenciam emo\u00e7\u00f5es, comportamento e sensa\u00e7\u00e3o de pertencimento, ajudando a criar espa\u00e7os mais confort\u00e1veis.<\/p>\n\n\n\n<div style=\"height:50px\" aria-hidden=\"true\" class=\"wp-block-spacer is-style-dots\"><\/div>\n\n\n\n<p class=\"has-text-color has-link-color wp-elements-82 wp-block-paragraph\" style=\"color:#8c5737;font-size:25px;line-height:2\">\ud83c\udf3f <strong>O seu pr\u00f3ximo passo!<\/strong><\/p>\n\n\n\n<p class=\"has-text-color has-link-color wp-elements-83 wp-block-paragraph\" style=\"color:#425261;font-size:18px;line-height:2\">Agora, o seu pr\u00f3ximo passo \u00e9 <a href=\"https:\/\/api.whatsapp.com\/send\/?phone=559899118046&amp;text&amp;type=phone_number&amp;app_absent=0\"><strong>entrar em contato conosco<\/strong><\/a>!&nbsp;<\/p>\n\n\n\n<p class=\"has-text-color has-link-color wp-elements-84 wp-block-paragraph\" style=\"color:#425261;font-size:18px;line-height:2\">Receba nosso direcionamento profissional para criar o projeto ideal para a sua casa.<\/p>\n\n\n\n<p class=\"has-text-color has-link-color wp-elements-85 wp-block-paragraph\" style=\"color:#425261;font-size:18px;line-height:2\">Se gostou deste artigo, veja tamb\u00e9m: <a href=\"https:\/\/bonsaiarquitetura.com.br\/en\/uma-ideia-para-sua-casa\/\"><strong>Uma ideia para sua casa: o poder do planejamento no seu projeto<\/strong><\/a>.<\/p>\n\n\n\n<p class=\"has-text-color has-link-color wp-elements-86 wp-block-paragraph\" style=\"color:#425261;font-size:18px;line-height:2\">E, por fim, siga-nos no <a href=\"https:\/\/www.instagram.com\/bonsaiarquitetura\/\"><strong>Instagram<\/strong><\/a> e <a href=\"https:\/\/br.pinterest.com\/bonsaiarquitetura\/\"><strong>Pinterest<\/strong><\/a> para continuar recebendo nossos conte\u00fados e inspira\u00e7\u00f5es.<\/p>\n\n\n\n<div style=\"height:50px\" aria-hidden=\"true\" class=\"wp-block-spacer is-style-dots\"><\/div>\n\n\n\n<hr class=\"wp-block-separator has-alpha-channel-opacity\"\/>\n\n\n\n<p class=\"has-text-color has-link-color wp-elements-87 wp-block-paragraph\" style=\"color:#425261\">\ud83e\udeb4 <em>Este artigo pode conter links de marcas parceiras que amamos. Ao adquirir produtos por meio deles, voc\u00ea apoia o Bonsai Arquitetura e Interiores a continuar criando conte\u00fados inspiradores, sem custo adicional para voc\u00ea.<\/em><\/p>\n\n\n\n<div style=\"height:50px\" aria-hidden=\"true\" class=\"wp-block-spacer is-style-dots\"><\/div>\n\n\n\n<p class=\"has-text-color has-link-color wp-elements-88 wp-block-paragraph\" style=\"color:#425261;font-size:18px;line-height:2\"><\/p>\n\n\n\n<p class=\"wp-block-paragraph\"><\/p>","protected":false},"excerpt":{"rendered":"<p>Depois de alguns meses vivendo em outro pa\u00eds, uma sensa\u00e7\u00e3o come\u00e7a a aparecer: o apartamento est\u00e1 organizado, os m\u00f3veis foram escolhidos, tudo parece funcionar, mas ainda falta algo. \u00c9 como se aquele espa\u00e7o pertencesse a qualquer pessoa, menos a voc\u00ea. Essa experi\u00eancia \u00e9 muito comum entre brasileiros expatriados. Pois quando tudo ao redor muda, desde [&hellip;]<\/p>\n","protected":false},"author":1,"featured_media":2710,"comment_status":"open","ping_status":"closed","sticky":false,"template":"","format":"standard","meta":{"footnotes":""},"categories":[10],"tags":[35,26,31,55,12,34,19,20,33,54],"class_list":["post-2723","post","type-post","status-publish","format-standard","has-post-thumbnail","hentry","category-casa-e-mente","tag-apartamento-compacto","tag-aproveitamento-do-espaco","tag-arquiteta-brasileira-na-europa","tag-bem-estar-2","tag-conforto","tag-consultoria-de-interiores","tag-design-inteligente","tag-harmonia-no-espaco","tag-identidade-cultural","tag-projetos-online-de-interiores"],"yoast_head":"<!-- This site is optimized with the Yoast SEO plugin v28.3 - https:\/\/yoast.com\/product\/yoast-seo-wordpress\/ -->\n<title>Casa com identidade: como criar conex\u00e3o ao morar - Bonsai Arquitetura e Interiores<\/title>\n<meta name=\"description\" content=\"Descubra como criar uma casa com identidade usando a psicoarquitetura para transformar seu apartamento em um espa\u00e7o de pertencimento.\" \/>\n<meta name=\"robots\" content=\"index, follow, max-snippet:-1, max-image-preview:large, max-video-preview:-1\" \/>\n<link rel=\"canonical\" href=\"https:\/\/bonsaiarquitetura.com.br\/en\/casa-com-identidade\/\" \/>\n<meta property=\"og:locale\" content=\"en_US\" \/>\n<meta property=\"og:type\" content=\"article\" \/>\n<meta property=\"og:title\" content=\"Casa com identidade: como criar conex\u00e3o ao morar - Bonsai Arquitetura e Interiores\" \/>\n<meta property=\"og:description\" content=\"Descubra como criar uma casa com identidade usando a psicoarquitetura para transformar seu apartamento em um espa\u00e7o de pertencimento.\" \/>\n<meta property=\"og:url\" content=\"https:\/\/bonsaiarquitetura.com.br\/en\/casa-com-identidade\/\" \/>\n<meta property=\"og:site_name\" content=\"Bonsai Arquitetura e Interiores\" \/>\n<meta property=\"article:published_time\" content=\"2026-08-24T08:30:00+00:00\" \/>\n<meta property=\"og:image\" content=\"https:\/\/bonsaiarquitetura.com.br\/wp-content\/uploads\/2026\/07\/amazon-kit-capas-de-almofadas-rattan-cru-bege-bonsai-arquitetura.webp\" \/>\n\t<meta property=\"og:image:width\" content=\"700\" \/>\n\t<meta property=\"og:image:height\" content=\"700\" \/>\n\t<meta property=\"og:image:type\" content=\"image\/webp\" \/>\n<meta name=\"author\" content=\"Bonsai Arquitetura\" \/>\n<meta name=\"twitter:card\" content=\"summary_large_image\" \/>\n<meta name=\"twitter:label1\" content=\"Written by\" \/>\n\t<meta name=\"twitter:data1\" content=\"Bonsai Arquitetura\" \/>\n\t<meta name=\"twitter:label2\" content=\"Est. reading time\" \/>\n\t<meta name=\"twitter:data2\" content=\"9 minutes\" \/>\n<script type=\"application\/ld+json\" class=\"yoast-schema-graph\">{\"@context\":\"https:\\\/\\\/schema.org\",\"@graph\":[{\"@type\":\"Article\",\"@id\":\"https:\\\/\\\/bonsaiarquitetura.com.br\\\/casa-com-identidade\\\/#article\",\"isPartOf\":{\"@id\":\"https:\\\/\\\/bonsaiarquitetura.com.br\\\/casa-com-identidade\\\/\"},\"author\":{\"name\":\"Bonsai Arquitetura\",\"@id\":\"https:\\\/\\\/bonsaiarquitetura.com.br\\\/#\\\/schema\\\/person\\\/465bc7eea8e418533eb25b8c9d03318a\"},\"headline\":\"Como criar uma casa com identidade usando a psicoarquitetura\",\"datePublished\":\"2026-08-24T08:30:00+00:00\",\"mainEntityOfPage\":{\"@id\":\"https:\\\/\\\/bonsaiarquitetura.com.br\\\/casa-com-identidade\\\/\"},\"wordCount\":1382,\"commentCount\":0,\"image\":{\"@id\":\"https:\\\/\\\/bonsaiarquitetura.com.br\\\/casa-com-identidade\\\/#primaryimage\"},\"thumbnailUrl\":\"https:\\\/\\\/bonsaiarquitetura.com.br\\\/wp-content\\\/uploads\\\/2026\\\/07\\\/amazon-kit-capas-de-almofadas-rattan-cru-bege-bonsai-arquitetura.webp\",\"keywords\":[\"apartamento compacto\",\"aproveitamento do espa\u00e7o\",\"arquiteta brasileira na europa\",\"bem estar\",\"conforto\",\"consultoria de interiores\",\"design inteligente\",\"harmonia no espa\u00e7o\",\"identidade cultural\",\"projetos online de interiores\"],\"articleSection\":[\"Casa e Mente\"],\"inLanguage\":\"en-US\",\"potentialAction\":[{\"@type\":\"CommentAction\",\"name\":\"Comment\",\"target\":[\"https:\\\/\\\/bonsaiarquitetura.com.br\\\/casa-com-identidade\\\/#respond\"]}]},{\"@type\":\"WebPage\",\"@id\":\"https:\\\/\\\/bonsaiarquitetura.com.br\\\/casa-com-identidade\\\/\",\"url\":\"https:\\\/\\\/bonsaiarquitetura.com.br\\\/casa-com-identidade\\\/\",\"name\":\"Casa com identidade: como criar conex\u00e3o ao morar - Bonsai Arquitetura e Interiores\",\"isPartOf\":{\"@id\":\"https:\\\/\\\/bonsaiarquitetura.com.br\\\/#website\"},\"primaryImageOfPage\":{\"@id\":\"https:\\\/\\\/bonsaiarquitetura.com.br\\\/casa-com-identidade\\\/#primaryimage\"},\"image\":{\"@id\":\"https:\\\/\\\/bonsaiarquitetura.com.br\\\/casa-com-identidade\\\/#primaryimage\"},\"thumbnailUrl\":\"https:\\\/\\\/bonsaiarquitetura.com.br\\\/wp-content\\\/uploads\\\/2026\\\/07\\\/amazon-kit-capas-de-almofadas-rattan-cru-bege-bonsai-arquitetura.webp\",\"datePublished\":\"2026-08-24T08:30:00+00:00\",\"author\":{\"@id\":\"https:\\\/\\\/bonsaiarquitetura.com.br\\\/#\\\/schema\\\/person\\\/465bc7eea8e418533eb25b8c9d03318a\"},\"description\":\"Descubra como criar uma casa com identidade usando a psicoarquitetura para transformar seu apartamento em um espa\u00e7o de pertencimento.\",\"breadcrumb\":{\"@id\":\"https:\\\/\\\/bonsaiarquitetura.com.br\\\/casa-com-identidade\\\/#breadcrumb\"},\"inLanguage\":\"en-US\",\"potentialAction\":[{\"@type\":\"ReadAction\",\"target\":[\"https:\\\/\\\/bonsaiarquitetura.com.br\\\/casa-com-identidade\\\/\"]}]},{\"@type\":\"ImageObject\",\"inLanguage\":\"en-US\",\"@id\":\"https:\\\/\\\/bonsaiarquitetura.com.br\\\/casa-com-identidade\\\/#primaryimage\",\"url\":\"https:\\\/\\\/bonsaiarquitetura.com.br\\\/wp-content\\\/uploads\\\/2026\\\/07\\\/amazon-kit-capas-de-almofadas-rattan-cru-bege-bonsai-arquitetura.webp\",\"contentUrl\":\"https:\\\/\\\/bonsaiarquitetura.com.br\\\/wp-content\\\/uploads\\\/2026\\\/07\\\/amazon-kit-capas-de-almofadas-rattan-cru-bege-bonsai-arquitetura.webp\",\"width\":700,\"height\":700},{\"@type\":\"BreadcrumbList\",\"@id\":\"https:\\\/\\\/bonsaiarquitetura.com.br\\\/casa-com-identidade\\\/#breadcrumb\",\"itemListElement\":[{\"@type\":\"ListItem\",\"position\":1,\"name\":\"In\u00edcio\",\"item\":\"https:\\\/\\\/bonsaiarquitetura.com.br\\\/\"},{\"@type\":\"ListItem\",\"position\":2,\"name\":\"Como criar uma casa com identidade usando a psicoarquitetura\"}]},{\"@type\":\"WebSite\",\"@id\":\"https:\\\/\\\/bonsaiarquitetura.com.br\\\/#website\",\"url\":\"https:\\\/\\\/bonsaiarquitetura.com.br\\\/\",\"name\":\"Bonsai Arquitetura e Interiores\",\"description\":\"Projeto e Consultoria Online para Espa\u00e7os Compactos\",\"potentialAction\":[{\"@type\":\"SearchAction\",\"target\":{\"@type\":\"EntryPoint\",\"urlTemplate\":\"https:\\\/\\\/bonsaiarquitetura.com.br\\\/?s={search_term_string}\"},\"query-input\":{\"@type\":\"PropertyValueSpecification\",\"valueRequired\":true,\"valueName\":\"search_term_string\"}}],\"inLanguage\":\"en-US\"},{\"@type\":\"Person\",\"@id\":\"https:\\\/\\\/bonsaiarquitetura.com.br\\\/#\\\/schema\\\/person\\\/465bc7eea8e418533eb25b8c9d03318a\",\"name\":\"Bonsai Arquitetura\",\"image\":{\"@type\":\"ImageObject\",\"inLanguage\":\"en-US\",\"@id\":\"https:\\\/\\\/secure.gravatar.com\\\/avatar\\\/1ddc926a66842c2b02b2afab2acc7220bb5730ce9cd0c9eb3e91f57f140ebdab?s=96&d=mm&r=g\",\"url\":\"https:\\\/\\\/secure.gravatar.com\\\/avatar\\\/1ddc926a66842c2b02b2afab2acc7220bb5730ce9cd0c9eb3e91f57f140ebdab?s=96&d=mm&r=g\",\"contentUrl\":\"https:\\\/\\\/secure.gravatar.com\\\/avatar\\\/1ddc926a66842c2b02b2afab2acc7220bb5730ce9cd0c9eb3e91f57f140ebdab?s=96&d=mm&r=g\",\"caption\":\"Bonsai Arquitetura\"},\"sameAs\":[\"https:\\\/\\\/bonsaiarquitetura.com.br\"],\"url\":\"https:\\\/\\\/bonsaiarquitetura.com.br\\\/en\\\/author\\\/bonsai\\\/\"}]}<\/script>\n<!-- \/ Yoast SEO plugin. -->","yoast_head_json":{"title":"Casa com identidade: como criar conex\u00e3o ao morar - Bonsai Arquitetura e Interiores","description":"Descubra como criar uma casa com identidade usando a psicoarquitetura para transformar seu apartamento em um espa\u00e7o de pertencimento.","robots":{"index":"index","follow":"follow","max-snippet":"max-snippet:-1","max-image-preview":"max-image-preview:large","max-video-preview":"max-video-preview:-1"},"canonical":"https:\/\/bonsaiarquitetura.com.br\/en\/casa-com-identidade\/","og_locale":"en_US","og_type":"article","og_title":"Casa com identidade: como criar conex\u00e3o ao morar - Bonsai Arquitetura e Interiores","og_description":"Descubra como criar uma casa com identidade usando a psicoarquitetura para transformar seu apartamento em um espa\u00e7o de pertencimento.","og_url":"https:\/\/bonsaiarquitetura.com.br\/en\/casa-com-identidade\/","og_site_name":"Bonsai Arquitetura e Interiores","article_published_time":"2026-08-24T08:30:00+00:00","og_image":[{"width":700,"height":700,"url":"https:\/\/bonsaiarquitetura.com.br\/wp-content\/uploads\/2026\/07\/amazon-kit-capas-de-almofadas-rattan-cru-bege-bonsai-arquitetura.webp","type":"image\/webp"}],"author":"Bonsai Arquitetura","twitter_card":"summary_large_image","twitter_misc":{"Written by":"Bonsai Arquitetura","Est. reading time":"9 minutes"},"schema":{"@context":"https:\/\/schema.org","@graph":[{"@type":"Article","@id":"https:\/\/bonsaiarquitetura.com.br\/casa-com-identidade\/#article","isPartOf":{"@id":"https:\/\/bonsaiarquitetura.com.br\/casa-com-identidade\/"},"author":{"name":"Bonsai Arquitetura","@id":"https:\/\/bonsaiarquitetura.com.br\/#\/schema\/person\/465bc7eea8e418533eb25b8c9d03318a"},"headline":"Como criar uma casa com identidade usando a psicoarquitetura","datePublished":"2026-08-24T08:30:00+00:00","mainEntityOfPage":{"@id":"https:\/\/bonsaiarquitetura.com.br\/casa-com-identidade\/"},"wordCount":1382,"commentCount":0,"image":{"@id":"https:\/\/bonsaiarquitetura.com.br\/casa-com-identidade\/#primaryimage"},"thumbnailUrl":"https:\/\/bonsaiarquitetura.com.br\/wp-content\/uploads\/2026\/07\/amazon-kit-capas-de-almofadas-rattan-cru-bege-bonsai-arquitetura.webp","keywords":["apartamento compacto","aproveitamento do espa\u00e7o","arquiteta brasileira na europa","bem estar","conforto","consultoria de interiores","design inteligente","harmonia no espa\u00e7o","identidade cultural","projetos online de interiores"],"articleSection":["Casa e Mente"],"inLanguage":"en-US","potentialAction":[{"@type":"CommentAction","name":"Comment","target":["https:\/\/bonsaiarquitetura.com.br\/casa-com-identidade\/#respond"]}]},{"@type":"WebPage","@id":"https:\/\/bonsaiarquitetura.com.br\/casa-com-identidade\/","url":"https:\/\/bonsaiarquitetura.com.br\/casa-com-identidade\/","name":"Casa com identidade: como criar conex\u00e3o ao morar - Bonsai Arquitetura e Interiores","isPartOf":{"@id":"https:\/\/bonsaiarquitetura.com.br\/#website"},"primaryImageOfPage":{"@id":"https:\/\/bonsaiarquitetura.com.br\/casa-com-identidade\/#primaryimage"},"image":{"@id":"https:\/\/bonsaiarquitetura.com.br\/casa-com-identidade\/#primaryimage"},"thumbnailUrl":"https:\/\/bonsaiarquitetura.com.br\/wp-content\/uploads\/2026\/07\/amazon-kit-capas-de-almofadas-rattan-cru-bege-bonsai-arquitetura.webp","datePublished":"2026-08-24T08:30:00+00:00","author":{"@id":"https:\/\/bonsaiarquitetura.com.br\/#\/schema\/person\/465bc7eea8e418533eb25b8c9d03318a"},"description":"Descubra como criar uma casa com identidade usando a psicoarquitetura para transformar seu apartamento em um espa\u00e7o de pertencimento.","breadcrumb":{"@id":"https:\/\/bonsaiarquitetura.com.br\/casa-com-identidade\/#breadcrumb"},"inLanguage":"en-US","potentialAction":[{"@type":"ReadAction","target":["https:\/\/bonsaiarquitetura.com.br\/casa-com-identidade\/"]}]},{"@type":"ImageObject","inLanguage":"en-US","@id":"https:\/\/bonsaiarquitetura.com.br\/casa-com-identidade\/#primaryimage","url":"https:\/\/bonsaiarquitetura.com.br\/wp-content\/uploads\/2026\/07\/amazon-kit-capas-de-almofadas-rattan-cru-bege-bonsai-arquitetura.webp","contentUrl":"https:\/\/bonsaiarquitetura.com.br\/wp-content\/uploads\/2026\/07\/amazon-kit-capas-de-almofadas-rattan-cru-bege-bonsai-arquitetura.webp","width":700,"height":700},{"@type":"BreadcrumbList","@id":"https:\/\/bonsaiarquitetura.com.br\/casa-com-identidade\/#breadcrumb","itemListElement":[{"@type":"ListItem","position":1,"name":"In\u00edcio","item":"https:\/\/bonsaiarquitetura.com.br\/"},{"@type":"ListItem","position":2,"name":"Como criar uma casa com identidade usando a psicoarquitetura"}]},{"@type":"WebSite","@id":"https:\/\/bonsaiarquitetura.com.br\/#website","url":"https:\/\/bonsaiarquitetura.com.br\/","name":"Bonsai Architecture and Interiors","description":"Projeto e Consultoria Online para Espa\u00e7os Compactos","potentialAction":[{"@type":"SearchAction","target":{"@type":"EntryPoint","urlTemplate":"https:\/\/bonsaiarquitetura.com.br\/?s={search_term_string}"},"query-input":{"@type":"PropertyValueSpecification","valueRequired":true,"valueName":"search_term_string"}}],"inLanguage":"en-US"},{"@type":"Person","@id":"https:\/\/bonsaiarquitetura.com.br\/#\/schema\/person\/465bc7eea8e418533eb25b8c9d03318a","name":"Bonsai Architecture","image":{"@type":"ImageObject","inLanguage":"en-US","@id":"https:\/\/secure.gravatar.com\/avatar\/1ddc926a66842c2b02b2afab2acc7220bb5730ce9cd0c9eb3e91f57f140ebdab?s=96&d=mm&r=g","url":"https:\/\/secure.gravatar.com\/avatar\/1ddc926a66842c2b02b2afab2acc7220bb5730ce9cd0c9eb3e91f57f140ebdab?s=96&d=mm&r=g","contentUrl":"https:\/\/secure.gravatar.com\/avatar\/1ddc926a66842c2b02b2afab2acc7220bb5730ce9cd0c9eb3e91f57f140ebdab?s=96&d=mm&r=g","caption":"Bonsai Arquitetura"},"sameAs":["https:\/\/bonsaiarquitetura.com.br"],"url":"https:\/\/bonsaiarquitetura.com.br\/en\/author\/bonsai\/"}]}},"_links":{"self":[{"href":"https:\/\/bonsaiarquitetura.com.br\/en\/wp-json\/wp\/v2\/posts\/2723","targetHints":{"allow":["GET"]}}],"collection":[{"href":"https:\/\/bonsaiarquitetura.com.br\/en\/wp-json\/wp\/v2\/posts"}],"about":[{"href":"https:\/\/bonsaiarquitetura.com.br\/en\/wp-json\/wp\/v2\/types\/post"}],"author":[{"embeddable":true,"href":"https:\/\/bonsaiarquitetura.com.br\/en\/wp-json\/wp\/v2\/users\/1"}],"replies":[{"embeddable":true,"href":"https:\/\/bonsaiarquitetura.com.br\/en\/wp-json\/wp\/v2\/comments?post=2723"}],"version-history":[{"count":1,"href":"https:\/\/bonsaiarquitetura.com.br\/en\/wp-json\/wp\/v2\/posts\/2723\/revisions"}],"predecessor-version":[{"id":2724,"href":"https:\/\/bonsaiarquitetura.com.br\/en\/wp-json\/wp\/v2\/posts\/2723\/revisions\/2724"}],"wp:featuredmedia":[{"embeddable":true,"href":"https:\/\/bonsaiarquitetura.com.br\/en\/wp-json\/wp\/v2\/media\/2710"}],"wp:attachment":[{"href":"https:\/\/bonsaiarquitetura.com.br\/en\/wp-json\/wp\/v2\/media?parent=2723"}],"wp:term":[{"taxonomy":"category","embeddable":true,"href":"https:\/\/bonsaiarquitetura.com.br\/en\/wp-json\/wp\/v2\/categories?post=2723"},{"taxonomy":"post_tag","embeddable":true,"href":"https:\/\/bonsaiarquitetura.com.br\/en\/wp-json\/wp\/v2\/tags?post=2723"}],"curies":[{"name":"wp","href":"https:\/\/api.w.org\/{rel}","templated":true}]}}