{"id":375,"date":"2025-11-05T22:55:05","date_gmt":"2025-11-05T22:55:05","guid":{"rendered":"https:\/\/bonsaiarquitetura.com.br\/?p=375"},"modified":"2025-11-13T23:35:10","modified_gmt":"2025-11-13T23:35:10","slug":"projeto-de-ambientes-integrados-como-criar-espacos-funcionais-e-acolhedores","status":"publish","type":"post","link":"https:\/\/bonsaiarquitetura.com.br\/en\/projeto-de-ambientes-integrados-como-criar-espacos-funcionais-e-acolhedores\/","title":{"rendered":"Apartamento com ambientes integrados: eleg\u00e2ncia e fluidez em cada detalhe"},"content":{"rendered":"<div style=\"height:100px\" aria-hidden=\"true\" class=\"wp-block-spacer is-style-dots\"><\/div>\n\n\n\n<p class=\"has-text-color has-link-color wp-elements-3a4c0399d0b584838e39ede041c1be26\" style=\"color:#425261;font-size:18px;line-height:2\">Viver em espa\u00e7os que <strong>conectam em vez de separar<\/strong> \u00e9 uma tend\u00eancia que veio para ficar. Mais do que uma solu\u00e7\u00e3o est\u00e9tica, os ambientes integrados representam uma forma de viver com <strong>leveza, praticidade e fluidez<\/strong>.<\/p>\n\n\n\n<p class=\"has-text-color has-link-color wp-elements-47a44f5f39c64534a05d97ffd73a54c0\" style=\"color:#425261;font-size:18px;line-height:2\">Neste projeto do <strong>Bonsai Architecture and Interiors<\/strong>, mostramos como \u00e9 poss\u00edvel unir <strong>funcionalidade e sofistica\u00e7\u00e3o<\/strong>, criamos um lar onde cada metro quadrado \u00e9 aproveitado com <strong>intelig\u00eancia e sensibilidade<\/strong>.<\/p>\n\n\n\n<figure class=\"wp-block-gallery has-nested-images columns-2 is-cropped wp-block-gallery-1 is-layout-flex wp-block-gallery-is-layout-flex\">\n<figure class=\"wp-block-image size-full\"><img decoding=\"async\" data-id=\"463\" src=\"https:\/\/bonsaiarquitetura.com.br\/wp-content\/uploads\/2025\/11\/apartamento-sao-paulo-ambientes-integrados-hall-consultoria-online-remoto-bonsai-arquitetura-interiores.webp\" alt=\"Projeto de ambientes integrados de um apartamento em S\u00e3o Paulo\" class=\"wp-image-463\"\/><\/figure>\n\n\n\n<figure class=\"wp-block-image size-full\"><img decoding=\"async\" data-id=\"468\" src=\"https:\/\/bonsaiarquitetura.com.br\/wp-content\/uploads\/2025\/11\/apartamento-sao-paulo-ambientes-integrados-mudroom-consultoria-online-remoto-bonsai-arquitetura-interiores.webp\" alt=\"Projeto de ambientes integrados de um apartamento em S\u00e3o Paulo\" class=\"wp-image-468\"\/><\/figure>\n<\/figure>\n\n\n\n<div style=\"height:50px\" aria-hidden=\"true\" class=\"wp-block-spacer is-style-dots\"><\/div>\n\n\n\n<p class=\"has-text-color has-link-color wp-elements-fcc9248f49a5024347b79971d882a07f\" style=\"color:#8c5737;font-size:25px;font-style:normal;font-weight:700;line-height:2\">\ud83c\udf3fDesafio: integrar cozinha, sala e hall em um s\u00f3 ambiente<\/p>\n\n\n\n<p class=\"has-text-color has-link-color wp-elements-c22dc797deba664824b99b7634760a4a\" style=\"color:#425261;font-size:18px;line-height:2\">Em cada projeto, existe um ponto de partida \u2014 e, neste caso, ele surgiu da cozinha.<br>A fam\u00edlia que nos procurou queria um espa\u00e7o que refletisse seu estilo de vida: <strong>pr\u00e1tico, acolhedor e perfeito para reunir as pessoas que amam cozinhar e compartilhar bons momentos<\/strong>.<\/p>\n\n\n\n<p class=\"has-text-color has-link-color wp-elements-c2edd76690709ef71cdab0d3cd990ffe\" style=\"color:#425261;font-size:18px;line-height:2\">O apartamento possu\u00eda uma planta flex\u00edvel, o que permitiu eliminar as varandas e <strong>unir cozinha, sala e hall de entrada em um \u00fanico ambiente<\/strong>. Assim, o desafio foi garantir que essa integra\u00e7\u00e3o mantivesse o equil\u00edbrio entre <strong>organiza\u00e7\u00e3o, conforto visual e fluidez<\/strong>.<\/p>\n\n\n\n<figure class=\"wp-block-gallery has-nested-images columns-2 is-cropped wp-block-gallery-2 is-layout-flex wp-block-gallery-is-layout-flex\">\n<figure class=\"wp-block-image size-full\"><img decoding=\"async\" data-id=\"477\" src=\"https:\/\/bonsaiarquitetura.com.br\/wp-content\/uploads\/2025\/11\/apartamento-sao-paulo-ambientes-integrados-vista-superior-consultoria-online-remoto-bonsai-arquitetura-interiores.webp\" alt=\"Projeto de ambientes integrados de um apartamento em S\u00e3o Paulo\" class=\"wp-image-477\"\/><\/figure>\n\n\n\n<figure class=\"wp-block-image size-full\"><img decoding=\"async\" data-id=\"478\" src=\"https:\/\/bonsaiarquitetura.com.br\/wp-content\/uploads\/2025\/11\/apartamento-sao-paulo-ambientes-integrados-vista-superior-iluminacao-consultoria-online-remoto-bonsai-arquitetura-interiores.webp\" alt=\"Projeto de ambientes integrados de um apartamento em S\u00e3o Paulo\" class=\"wp-image-478\"\/><\/figure>\n<\/figure>\n\n\n\n<p class=\"has-text-color has-link-color wp-elements-cc0af86f05a7224c247fe0a8dec89412\" style=\"color:#425261;font-size:18px;line-height:2\">A cozinha, localizada no centro da planta, tornou-se <strong>o cora\u00e7\u00e3o do lar<\/strong> \u2014 um ponto de converg\u00eancia para a fam\u00edlia e os convidados. Desenhamos o projeto de forma que o fluxo entre as \u00e1reas fosse natural, sem barreiras visuais, mas ainda com a sensa\u00e7\u00e3o de delimita\u00e7\u00e3o entre fun\u00e7\u00f5es.<\/p>\n\n\n\n<p class=\"has-text-color has-link-color wp-elements-9623a799199247d78140d27a9e9bff66\" style=\"color:#425261;font-size:18px;line-height:2\">Al\u00e9m disso, aproveitamos o hall de entrada para criar um <strong>mudroom<\/strong> \u2014 aquele espa\u00e7o vers\u00e1til que organiza o dia a dia e cria uma transi\u00e7\u00e3o suave entre o exterior e o interior. Uma solu\u00e7\u00e3o simples, mas poderosa, que <strong>melhora a funcionalidade<\/strong> e ajuda a manter o ambiente sempre em ordem.<\/p>\n\n\n\n<figure class=\"wp-block-gallery has-nested-images columns-2 is-cropped wp-block-gallery-3 is-layout-flex wp-block-gallery-is-layout-flex\">\n<figure class=\"wp-block-image size-full\"><img decoding=\"async\" data-id=\"459\" src=\"https:\/\/bonsaiarquitetura.com.br\/wp-content\/uploads\/2025\/11\/apartamento-sao-paulo-ambientes-integrados-cozinha-consultoria-online-remoto-bonsai-arquitetura-interiores.webp\" alt=\"Projeto de ambientes integrados de um apartamento em S\u00e3o Paulo\" class=\"wp-image-459\"\/><\/figure>\n\n\n\n<figure class=\"wp-block-image size-full\"><img decoding=\"async\" data-id=\"460\" src=\"https:\/\/bonsaiarquitetura.com.br\/wp-content\/uploads\/2025\/11\/apartamento-sao-paulo-ambientes-integrados-cozinha-iluminacao-consultoria-online-remoto-bonsai-arquitetura-interiores.webp\" alt=\"Projeto de ambientes integrados de um apartamento em S\u00e3o Paulo\" class=\"wp-image-460\"\/><\/figure>\n<\/figure>\n\n\n\n<div style=\"height:50px\" aria-hidden=\"true\" class=\"wp-block-spacer is-style-dots\"><\/div>\n\n\n\n<h2 class=\"wp-block-heading has-text-color has-link-color wp-elements-e0f10b4851aea98e95f2d9c1c7956e64\" style=\"color:#8c5737;font-size:25px;font-style:normal;font-weight:700;line-height:2\">\ud83c\udf3f Solu\u00e7\u00f5es inteligentes e o poder da luz natural<\/h2>\n\n\n\n<p class=\"has-text-color has-link-color wp-elements-945891922dfcdead310d396133c075f6\" style=\"color:#425261;font-size:18px;line-height:2\">Tudo neste projeto gira em torno da <strong>cozinha integrada<\/strong>. Por isso, a escolha dos materiais foi essencial para manter o equil\u00edbrio entre <strong>leveza e eleg\u00e2ncia<\/strong>: metais negros, MDFs em tons nude e amadeirado, portas de vidro canelado e pedras em quartzo branco.<\/p>\n\n\n\n<figure class=\"wp-block-image aligncenter size-large is-resized\"><img fetchpriority=\"high\" decoding=\"async\" width=\"1024\" height=\"1024\" src=\"https:\/\/bonsaiarquitetura.com.br\/wp-content\/uploads\/2025\/11\/apartamento-sao-paulo-ambientes-integrados-consultoria-online-remoto-bonsai-arquitetura-interiores-1024x1024.webp\" alt=\"Projeto de ambientes integrados de um apartamento em S\u00e3o Paulo\" class=\"wp-image-458\" style=\"width:400px\"\/><\/figure>\n\n\n\n<p class=\"has-text-color has-link-color wp-elements-f87549c928ba7700a276bbad39330c66\" style=\"color:#425261;font-size:18px;line-height:2\">Essas combina\u00e7\u00f5es criam <strong>contrastes suaves e sofisticados<\/strong>, refletindo a personalidade da fam\u00edlia. O revestimento tipo ladrilho hidr\u00e1ulico e o piso laminado, por exemplo, adicionam um toque artesanal e acolhedor, equilibrando a modernidade dos acabamentos com a sensa\u00e7\u00e3o de lar.<\/p>\n\n\n\n<p class=\"has-text-color has-link-color wp-elements-c864c27b45f5d9e6ddb9aaddad24d0c9\" style=\"color:#425261;font-size:18px;line-height:2\">Voc\u00ea pode encontrar grande parte desses revestimentos e acabamentos na <strong><a href=\"http:\/\/Revest Acabamentos\">Revest Acabamentos<\/a><\/strong> \u2014 uma marca parceira que une <strong>qualidade e design<\/strong> para quem busca renovar a casa com autenticidade.<\/p>\n\n\n\n<figure class=\"wp-block-gallery has-nested-images columns-2 is-cropped wp-block-gallery-4 is-layout-flex wp-block-gallery-is-layout-flex\">\n<figure class=\"wp-block-image size-full\"><img decoding=\"async\" data-id=\"464\" src=\"https:\/\/bonsaiarquitetura.com.br\/wp-content\/uploads\/2025\/11\/apartamento-sao-paulo-ambientes-integrados-ilha-consultoria-online-remoto-bonsai-arquitetura-interiores.webp\" alt=\"Projeto de ambientes integrados de um apartamento em S\u00e3o Paulo\" class=\"wp-image-464\"\/><\/figure>\n\n\n\n<figure class=\"wp-block-image size-full\"><img decoding=\"async\" data-id=\"465\" src=\"https:\/\/bonsaiarquitetura.com.br\/wp-content\/uploads\/2025\/11\/apartamento-sao-paulo-ambientes-integrados-ilha-iluminacao-consultoria-online-remoto-bonsai-arquitetura-interiores.webp\" alt=\"Projeto de ambientes integrados de um apartamento em S\u00e3o Paulo\" class=\"wp-image-465\"\/><\/figure>\n<\/figure>\n\n\n\n<p class=\"has-text-color has-link-color wp-elements-e1b49197426d0adb6f170d78c2ec0691\" style=\"color:#425261;font-size:18px;line-height:2\">A <strong>luz natural<\/strong> tamb\u00e9m tem papel essencial. A cortina de vidro que percorre toda a extens\u00e3o da \u00e1rea social banha o ambiente com luminosidade, refor\u00e7ando a <strong>sensa\u00e7\u00e3o de amplitude e bem-estar<\/strong>. Durante o dia, a claridade real\u00e7a as texturas e os tons neutros; ao entardecer, o espa\u00e7o se transforma, ganhando um clima mais \u00edntimo e sereno.<\/p>\n\n\n\n<figure class=\"wp-block-gallery has-nested-images columns-2 is-cropped wp-block-gallery-5 is-layout-flex wp-block-gallery-is-layout-flex\">\n<figure class=\"wp-block-image size-full\"><img decoding=\"async\" data-id=\"466\" src=\"https:\/\/bonsaiarquitetura.com.br\/wp-content\/uploads\/2025\/11\/apartamento-sao-paulo-ambientes-integrados-jantar-consultoria-online-remoto-bonsai-arquitetura-interiores.webp\" alt=\"Projeto de ambientes integrados de um apartamento em S\u00e3o Paulo\" class=\"wp-image-466\"\/><\/figure>\n\n\n\n<figure class=\"wp-block-image size-full\"><img decoding=\"async\" data-id=\"467\" src=\"https:\/\/bonsaiarquitetura.com.br\/wp-content\/uploads\/2025\/11\/apartamento-sao-paulo-ambientes-integrados-jantar-iluminacao-consultoria-online-remoto-bonsai-arquitetura-interiores.webp\" alt=\"Projeto de ambientes integrados de um apartamento em S\u00e3o Paulo\" class=\"wp-image-467\"\/><\/figure>\n<\/figure>\n\n\n\n<p class=\"has-text-color has-link-color wp-elements-74c238f81d10faf5246662ecac989245\" style=\"color:#425261;font-size:18px;line-height:2\">Pensamos o layout cuidadosamente para <strong>favorecer o conv\u00edvio<\/strong>. A ilha central da cozinha n\u00e3o \u00e9 apenas funcional \u2014 ela \u00e9 um ponto de encontro. Serve de apoio durante o preparo das refei\u00e7\u00f5es e, ao mesmo tempo, convida \u00e0 intera\u00e7\u00e3o.<\/p>\n\n\n\n<p class=\"has-text-color has-link-color wp-elements-cc74bfbe68c36a42d15944fcf019ffb7\" style=\"color:#425261;font-size:18px;line-height:2\">Al\u00e9m disso, organizamos os m\u00f3veis para <strong>preservar a circula\u00e7\u00e3o fluida<\/strong> e garantir que todas as \u00e1reas possam ser usadas simultaneamente, sem interfer\u00eancia.<\/p>\n\n\n\n<figure class=\"wp-block-gallery has-nested-images columns-2 is-cropped wp-block-gallery-6 is-layout-flex wp-block-gallery-is-layout-flex\">\n<figure class=\"wp-block-image size-full\"><img decoding=\"async\" data-id=\"472\" src=\"https:\/\/bonsaiarquitetura.com.br\/wp-content\/uploads\/2025\/11\/apartamento-sao-paulo-ambientes-integrados-sala-jantar-consultoria-online-remoto-bonsai-arquitetura-interiores.webp\" alt=\"Projeto de ambientes integrados de um apartamento em S\u00e3o Paulo\" class=\"wp-image-472\"\/><\/figure>\n\n\n\n<figure class=\"wp-block-image size-full\"><img decoding=\"async\" data-id=\"474\" src=\"https:\/\/bonsaiarquitetura.com.br\/wp-content\/uploads\/2025\/11\/apartamento-sao-paulo-ambientes-integrados-sala-jantar-ilumincacao-consultoria-online-remoto-bonsai-arquitetura-interiores.webp\" alt=\"Projeto de ambientes integrados de um apartamento em S\u00e3o Paulo\" class=\"wp-image-474\"\/><\/figure>\n<\/figure>\n\n\n\n<p class=\"has-text-color has-link-color wp-elements-4670e5c60ffc9714f957f51fe73c093e\" style=\"color:#425261;font-size:18px;line-height:2\">E, como a eleg\u00e2ncia est\u00e1 nos detalhes, o projeto recebeu uma <strong>lumin\u00e1ria pendente Khmara Halia<\/strong>, desenhada pela designer ucraniana <strong>Kateryna Sokolova<\/strong> \u2014 uma pe\u00e7a inspirada nas nuvens, muito usada em interiores de estilo <strong>Japandi e Wabi Sabi<\/strong>. \u00c9 um toque de arte e exclusividade que traduz o cuidado em cada escolha.<\/p>\n\n\n\n<figure class=\"wp-block-gallery has-nested-images columns-2 is-cropped wp-block-gallery-7 is-layout-flex wp-block-gallery-is-layout-flex\">\n<figure class=\"wp-block-image size-full\"><img decoding=\"async\" data-id=\"461\" src=\"https:\/\/bonsaiarquitetura.com.br\/wp-content\/uploads\/2025\/11\/apartamento-sao-paulo-ambientes-integrados-decoracao-consultoria-online-remoto-bonsai-arquitetura-interiores.webp\" alt=\"Projeto de ambientes integrados de um apartamento em S\u00e3o Paulo\" class=\"wp-image-461\"\/><\/figure>\n\n\n\n<figure class=\"wp-block-image size-full\"><img decoding=\"async\" data-id=\"462\" src=\"https:\/\/bonsaiarquitetura.com.br\/wp-content\/uploads\/2025\/11\/apartamento-sao-paulo-ambientes-integrados-decoracao-ilumincao-consultoria-online-remoto-bonsai-arquitetura-interiores-6.webp\" alt=\"Projeto de ambientes integrados de um apartamento em S\u00e3o Paulo\" class=\"wp-image-462\"\/><\/figure>\n<\/figure>\n\n\n\n<div style=\"height:50px\" aria-hidden=\"true\" class=\"wp-block-spacer is-style-dots\"><\/div>\n\n\n\n<h3 class=\"wp-block-heading has-text-color has-link-color wp-elements-3405ea1c0c923e22bd1bffa754018ba3\" style=\"color:#8c5737;font-size:25px;font-style:normal;font-weight:700;line-height:2\">\ud83c\udf3f Minimalismo e aconchego: a harmonia dos detalhes<\/h3>\n\n\n\n<p class=\"has-text-color has-link-color wp-elements-f4052bb21bedc26deba3d68cb10d8ce8\" style=\"color:#425261;font-size:18px;line-height:2\">A <strong>sofistica\u00e7\u00e3o deste projeto nasce da simplicidade<\/strong>. Escolhemos cada elemento com inten\u00e7\u00e3o, buscando o equil\u00edbrio perfeito entre est\u00e9tica e conforto.<\/p>\n\n\n\n<p class=\"has-text-color has-link-color wp-elements-cff2f344e8f42bb5d8dab8415ffbf400\" style=\"color:#425261;font-size:18px;line-height:2\">O minimalismo aqui n\u00e3o \u00e9 aus\u00eancia, mas <strong>presen\u00e7a do essencial<\/strong>. M\u00f3veis de linhas puras, superf\u00edcies leves e uma paleta neutra criam um pano de fundo sereno, onde o olhar pode descansar. Ao mesmo tempo, as <strong>texturas amadeiradas aquecem o ambiente<\/strong>, enquanto os metais negros acrescentam contraste e personalidade.<\/p>\n\n\n\n<figure class=\"wp-block-gallery has-nested-images columns-2 is-cropped wp-block-gallery-8 is-layout-flex wp-block-gallery-is-layout-flex\">\n<figure class=\"wp-block-image size-full\"><img decoding=\"async\" data-id=\"475\" src=\"https:\/\/bonsaiarquitetura.com.br\/wp-content\/uploads\/2025\/11\/apartamento-sao-paulo-ambientes-integrados-sofa-consultoria-online-remoto-bonsai-arquitetura-interiores.webp\" alt=\"Projeto de ambientes integrados de um apartamento em S\u00e3o Paulo\" class=\"wp-image-475\"\/><\/figure>\n\n\n\n<figure class=\"wp-block-image size-full\"><img decoding=\"async\" data-id=\"476\" src=\"https:\/\/bonsaiarquitetura.com.br\/wp-content\/uploads\/2025\/11\/apartamento-sao-paulo-ambientes-integrados-sofa-iluminacao-consultoria-online-remoto-bonsai-arquitetura-interiores.webp\" alt=\"Projeto de ambientes integrados de um apartamento em S\u00e3o Paulo\" class=\"wp-image-476\"\/><\/figure>\n<\/figure>\n\n\n\n<p class=\"has-text-color has-link-color wp-elements-9350a1df25fa8e9de0183c044ebd5bac\" style=\"color:#425261;font-size:18px;line-height:2\">A sala de estar e jantar se conectam visualmente, mas ainda preservam uma atmosfera pr\u00f3pria. O segredo est\u00e1 na <strong>mesa quadrada apoiada em um dos lados<\/strong>, que garante simetria e funcionalidade, al\u00e9m de liberar espa\u00e7o de circula\u00e7\u00e3o.<\/p>\n\n\n\n<p class=\"has-text-color has-link-color wp-elements-d25d7d2d8af77f9aac686ebb9d133409\" style=\"color:#425261;font-size:18px;line-height:2\">Mais do que um projeto bonito, este \u00e9 um espa\u00e7o que <strong>traduz a ess\u00eancia de seus moradores<\/strong> \u2014 pessoas pr\u00e1ticas, que valorizam o tempo em fam\u00edlia e os momentos compartilhados. Assim, a casa se torna palco de <strong>mem\u00f3rias, encontros e pausas<\/strong>.<\/p>\n\n\n\n<figure class=\"wp-block-gallery has-nested-images columns-2 is-cropped wp-block-gallery-9 is-layout-flex wp-block-gallery-is-layout-flex\">\n<figure class=\"wp-block-image size-full\"><img decoding=\"async\" data-id=\"471\" src=\"https:\/\/bonsaiarquitetura.com.br\/wp-content\/uploads\/2025\/11\/apartamento-sao-paulo-ambientes-integrados-sala-estar-consultoria-online-remoto-bonsai-arquitetura-interiores-9.webp\" alt=\"Projeto de ambientes integrados de um apartamento em S\u00e3o Paulo\" class=\"wp-image-471\"\/><\/figure>\n\n\n\n<figure class=\"wp-block-image size-full\"><img decoding=\"async\" data-id=\"473\" src=\"https:\/\/bonsaiarquitetura.com.br\/wp-content\/uploads\/2025\/11\/apartamento-sao-paulo-ambientes-integrados-sala-jantar-iluminacao-consultoria-online-remoto-bonsai-arquitetura-interiores.webp\" alt=\"Projeto de ambientes integrados de um apartamento em S\u00e3o Paulo\" class=\"wp-image-473\"\/><\/figure>\n<\/figure>\n\n\n\n<p class=\"has-text-color has-link-color wp-elements-a13efa8ca41a6b869f34842222c1eb77\" style=\"color:#425261;font-size:18px;line-height:2\">\u201cA verdadeira eleg\u00e2ncia est\u00e1 na simplicidade.\u201d \u2014 <em>Coco Chanel<\/em><\/p>\n\n\n\n<p class=\"has-text-color has-link-color wp-elements-c66665f5d7d243babe83c893abb0ff50\" style=\"color:#425261;font-size:18px;line-height:2\">E \u00e9 exatamente isso que este apartamento representa: <strong>eleg\u00e2ncia leve, funcionalidade e emo\u00e7\u00e3o<\/strong> em perfeita harmonia.<\/p>\n\n\n\n<div style=\"height:50px\" aria-hidden=\"true\" class=\"wp-block-spacer is-style-dots\"><\/div>\n\n\n\n<h3 class=\"wp-block-heading has-text-color has-link-color wp-elements-b444db7ee95d2d32914e069caaa2cb97\" style=\"color:#8c5737;font-size:25px;font-style:normal;font-weight:700;line-height:2\">\ud83c\udf3f Transforme seu espa\u00e7o em um ref\u00fagio de bem-estar<\/h3>\n\n\n\n<p class=\"has-text-color has-link-color wp-elements-0c9d0d14d2e03fddcba54bc00d617210\" style=\"color:#425261;font-size:18px;line-height:2\">Os <strong>ambientes integrados<\/strong> v\u00e3o muito al\u00e9m de um layout moderno \u2014 isto \u00e9, eles representam uma forma de viver com <strong>mais conex\u00e3o, praticidade e presen\u00e7a<\/strong>.<\/p>\n\n\n\n<p class=\"has-text-color has-link-color wp-elements-0a0c35a466000e99034eb810a4ee7f4b\" style=\"color:#425261;font-size:18px;line-height:2\">Assim, quando cada espa\u00e7o \u00e9 pensado com prop\u00f3sito, o lar se transforma em um <strong>organismo vivo<\/strong>, que se adapta, acolhe e inspira.<\/p>\n\n\n\n<figure class=\"wp-block-gallery has-nested-images columns-2 is-cropped wp-block-gallery-10 is-layout-flex wp-block-gallery-is-layout-flex\">\n<figure class=\"wp-block-image size-full\"><img decoding=\"async\" data-id=\"469\" src=\"https:\/\/bonsaiarquitetura.com.br\/wp-content\/uploads\/2025\/11\/apartamento-sao-paulo-ambientes-integrados-painel-tv-consultoria-online-remoto-bonsai-arquitetura-interiores.webp\" alt=\"Projeto de ambientes integrados de um apartamento em S\u00e3o Paulo\" class=\"wp-image-469\"\/><\/figure>\n\n\n\n<figure class=\"wp-block-image size-full\"><img decoding=\"async\" data-id=\"470\" src=\"https:\/\/bonsaiarquitetura.com.br\/wp-content\/uploads\/2025\/11\/apartamento-sao-paulo-ambientes-integrados-painel-tv-iluminacao-consultoria-online-remoto-bonsai-arquitetura-interiores.webp\" alt=\"Projeto de ambientes integrados de um apartamento em S\u00e3o Paulo\" class=\"wp-image-470\"\/><\/figure>\n<\/figure>\n\n\n\n<p class=\"has-text-color has-link-color wp-elements-a17bccb336b9011a233efdd1aa116bae\" style=\"color:#425261;font-size:18px;line-height:2\">Se voc\u00ea tamb\u00e9m deseja um projeto que una <strong>est\u00e9tica, conforto e bem-estar<\/strong>, n\u00f3s podemos te ajudar.<\/p>\n\n\n\n<p class=\"has-text-color has-link-color wp-elements-0b5c879d935dd7d1c1814ad1946c4760\" style=\"color:#425261;font-size:18px;line-height:2\">Agora, o seu pr\u00f3ximo passo \u00e9 <a href=\"https:\/\/api.whatsapp.com\/send\/?phone=559899118046&amp;text&amp;type=phone_number&amp;app_absent=0\"><strong>entrar em contato conosco<\/strong><\/a>!&nbsp;<\/p>\n\n\n\n<p class=\"has-text-color has-link-color wp-elements-671682c306cc089d7627b0d16ac2a254\" style=\"color:#425261;font-size:18px;line-height:2\">Receba nosso direcionamento profissional para criar o projeto ideal para a sua casa.<\/p>\n\n\n\n<p class=\"has-text-color has-link-color wp-elements-2e96e47dc8db1003b50f4e4a79feb651\" style=\"color:#425261;font-size:18px;line-height:2\">Se gostou deste projeto, veja tamb\u00e9m: <a href=\"https:\/\/bonsaiarquitetura.com.br\/en\/aproveitamento-do-espaco\/\"><strong>Aproveitamento do espa\u00e7o: um ambiente multifuncional cheio de possibilidades<\/strong><\/a><\/p>\n\n\n\n<p class=\"has-text-color has-link-color wp-elements-fa6999f8b4071660458aad96c01b68f8\" style=\"color:#425261;font-size:18px;line-height:2\">E, por fim, siga-nos no <a href=\"https:\/\/www.instagram.com\/bonsaiarquitetura\/\"><strong>Instagram<\/strong><\/a> e <a href=\"https:\/\/br.pinterest.com\/bonsaiarquitetura\/\"><strong>Pinterest<\/strong><\/a> para continuar recebendo nossos conte\u00fados e inspira\u00e7\u00f5es.<\/p>\n\n\n\n<div style=\"height:50px\" aria-hidden=\"true\" class=\"wp-block-spacer is-style-dots\"><\/div>\n\n\n\n<p class=\"has-text-color has-link-color wp-elements-9f1a5a2b9e3392659a3339541f1545b1\" style=\"color:#425261;font-size:18px;line-height:2\"><\/p>\n\n\n\n<hr class=\"wp-block-separator has-alpha-channel-opacity\"\/>\n\n\n\n<p class=\"has-text-color has-link-color wp-elements-dafb8e1aa83343e569368aaa0b0daf9c\" style=\"color:#425261\">\ud83e\udeb4 <em>Este artigo pode conter links de marcas parceiras que amamos. Ao adquirir produtos por meio deles, voc\u00ea apoia o Bonsai Arquitetura e Interiores a continuar criando conte\u00fados inspiradores \u2014 sem custo adicional para voc\u00ea.<\/em><\/p>\n\n\n\n<p><\/p>","protected":false},"excerpt":{"rendered":"<p>Viver em espa\u00e7os que conectam em vez de separar \u00e9 uma tend\u00eancia que veio para ficar. Mais do que uma solu\u00e7\u00e3o est\u00e9tica, os ambientes integrados representam uma forma de viver com leveza, praticidade e fluidez. Neste projeto do Bonsai Arquitetura e Interiores, mostramos como \u00e9 poss\u00edvel unir funcionalidade e sofistica\u00e7\u00e3o, criamos um lar onde cada [&hellip;]<\/p>\n","protected":false},"author":1,"featured_media":464,"comment_status":"closed","ping_status":"closed","sticky":false,"template":"","format":"standard","meta":{"footnotes":""},"categories":[23],"tags":[13,16,12,19,20,24,22,18,17],"class_list":["post-375","post","type-post","status-publish","format-standard","has-post-thumbnail","hentry","category-projetos-bonsai","tag-amplitude-visual","tag-bem-estar","tag-conforto","tag-design-inteligente","tag-harmonia-no-espaco","tag-luz-natural","tag-multifuncionalidade","tag-organizacao-da-casa","tag-rotina-leve"],"yoast_head":"<!-- This site is optimized with the Yoast SEO plugin v27.4 - https:\/\/yoast.com\/product\/yoast-seo-wordpress\/ -->\n<title>Projeto de ambientes integrados de um apartamento em S\u00e3o Paulo<\/title>\n<meta name=\"description\" content=\"Veja como projetamos esse os ambientes integrados e funcionais desse apartamento em S\u00e3o Paulo cheios de personalidade.\" \/>\n<meta name=\"robots\" content=\"index, follow, max-snippet:-1, max-image-preview:large, max-video-preview:-1\" \/>\n<link rel=\"canonical\" href=\"https:\/\/bonsaiarquitetura.com.br\/en\/projeto-de-ambientes-integrados-como-criar-espacos-funcionais-e-acolhedores\/\" \/>\n<meta property=\"og:locale\" content=\"en_US\" \/>\n<meta property=\"og:type\" content=\"article\" \/>\n<meta property=\"og:title\" content=\"Projeto de ambientes integrados de um apartamento em S\u00e3o Paulo\" \/>\n<meta property=\"og:description\" content=\"Veja como projetamos esse os ambientes integrados e funcionais desse apartamento em S\u00e3o Paulo cheios de personalidade.\" \/>\n<meta property=\"og:url\" content=\"https:\/\/bonsaiarquitetura.com.br\/en\/projeto-de-ambientes-integrados-como-criar-espacos-funcionais-e-acolhedores\/\" \/>\n<meta property=\"og:site_name\" content=\"Bonsai Arquitetura e Interiores\" \/>\n<meta property=\"article:published_time\" content=\"2025-11-05T22:55:05+00:00\" \/>\n<meta property=\"article:modified_time\" content=\"2025-11-13T23:35:10+00:00\" \/>\n<meta property=\"og:image\" content=\"https:\/\/bonsaiarquitetura.com.br\/wp-content\/uploads\/2025\/11\/apartamento-sao-paulo-ambientes-integrados-ilha-consultoria-online-remoto-bonsai-arquitetura-interiores-e1762465491923.webp\" \/>\n\t<meta property=\"og:image:width\" content=\"700\" \/>\n\t<meta property=\"og:image:height\" content=\"700\" \/>\n\t<meta property=\"og:image:type\" content=\"image\/webp\" \/>\n<meta name=\"author\" content=\"Bonsai Arquitetura\" \/>\n<meta name=\"twitter:card\" content=\"summary_large_image\" \/>\n<meta name=\"twitter:label1\" content=\"Written by\" \/>\n\t<meta name=\"twitter:data1\" content=\"Bonsai Arquitetura\" \/>\n\t<meta name=\"twitter:label2\" content=\"Est. reading time\" \/>\n\t<meta name=\"twitter:data2\" content=\"10 minutes\" \/>\n<script type=\"application\/ld+json\" class=\"yoast-schema-graph\">{\"@context\":\"https:\\\/\\\/schema.org\",\"@graph\":[{\"@type\":\"Article\",\"@id\":\"https:\\\/\\\/bonsaiarquitetura.com.br\\\/projeto-de-ambientes-integrados-como-criar-espacos-funcionais-e-acolhedores\\\/#article\",\"isPartOf\":{\"@id\":\"https:\\\/\\\/bonsaiarquitetura.com.br\\\/projeto-de-ambientes-integrados-como-criar-espacos-funcionais-e-acolhedores\\\/\"},\"author\":{\"name\":\"Bonsai Arquitetura\",\"@id\":\"https:\\\/\\\/bonsaiarquitetura.com.br\\\/#\\\/schema\\\/person\\\/465bc7eea8e418533eb25b8c9d03318a\"},\"headline\":\"Apartamento com ambientes integrados: eleg\u00e2ncia e fluidez em cada detalhe\",\"datePublished\":\"2025-11-05T22:55:05+00:00\",\"dateModified\":\"2025-11-13T23:35:10+00:00\",\"mainEntityOfPage\":{\"@id\":\"https:\\\/\\\/bonsaiarquitetura.com.br\\\/projeto-de-ambientes-integrados-como-criar-espacos-funcionais-e-acolhedores\\\/\"},\"wordCount\":956,\"image\":{\"@id\":\"https:\\\/\\\/bonsaiarquitetura.com.br\\\/projeto-de-ambientes-integrados-como-criar-espacos-funcionais-e-acolhedores\\\/#primaryimage\"},\"thumbnailUrl\":\"https:\\\/\\\/bonsaiarquitetura.com.br\\\/wp-content\\\/uploads\\\/2025\\\/11\\\/apartamento-sao-paulo-ambientes-integrados-ilha-consultoria-online-remoto-bonsai-arquitetura-interiores-e1762465491923.webp\",\"keywords\":[\"amplitude visual\",\"bem-estar\",\"conforto\",\"design inteligente\",\"harmonia no espa\u00e7o\",\"luz natural\",\"multifuncionalidade\",\"organiza\u00e7\u00e3o da casa\",\"rotina leve\"],\"articleSection\":[\"Projetos Bonsai\"],\"inLanguage\":\"en-US\"},{\"@type\":\"WebPage\",\"@id\":\"https:\\\/\\\/bonsaiarquitetura.com.br\\\/projeto-de-ambientes-integrados-como-criar-espacos-funcionais-e-acolhedores\\\/\",\"url\":\"https:\\\/\\\/bonsaiarquitetura.com.br\\\/projeto-de-ambientes-integrados-como-criar-espacos-funcionais-e-acolhedores\\\/\",\"name\":\"Projeto de ambientes integrados de um apartamento em S\u00e3o Paulo\",\"isPartOf\":{\"@id\":\"https:\\\/\\\/bonsaiarquitetura.com.br\\\/#website\"},\"primaryImageOfPage\":{\"@id\":\"https:\\\/\\\/bonsaiarquitetura.com.br\\\/projeto-de-ambientes-integrados-como-criar-espacos-funcionais-e-acolhedores\\\/#primaryimage\"},\"image\":{\"@id\":\"https:\\\/\\\/bonsaiarquitetura.com.br\\\/projeto-de-ambientes-integrados-como-criar-espacos-funcionais-e-acolhedores\\\/#primaryimage\"},\"thumbnailUrl\":\"https:\\\/\\\/bonsaiarquitetura.com.br\\\/wp-content\\\/uploads\\\/2025\\\/11\\\/apartamento-sao-paulo-ambientes-integrados-ilha-consultoria-online-remoto-bonsai-arquitetura-interiores-e1762465491923.webp\",\"datePublished\":\"2025-11-05T22:55:05+00:00\",\"dateModified\":\"2025-11-13T23:35:10+00:00\",\"author\":{\"@id\":\"https:\\\/\\\/bonsaiarquitetura.com.br\\\/#\\\/schema\\\/person\\\/465bc7eea8e418533eb25b8c9d03318a\"},\"description\":\"Veja como projetamos esse os ambientes integrados e funcionais desse apartamento em S\u00e3o Paulo cheios de personalidade.\",\"breadcrumb\":{\"@id\":\"https:\\\/\\\/bonsaiarquitetura.com.br\\\/projeto-de-ambientes-integrados-como-criar-espacos-funcionais-e-acolhedores\\\/#breadcrumb\"},\"inLanguage\":\"en-US\",\"potentialAction\":[{\"@type\":\"ReadAction\",\"target\":[\"https:\\\/\\\/bonsaiarquitetura.com.br\\\/projeto-de-ambientes-integrados-como-criar-espacos-funcionais-e-acolhedores\\\/\"]}]},{\"@type\":\"ImageObject\",\"inLanguage\":\"en-US\",\"@id\":\"https:\\\/\\\/bonsaiarquitetura.com.br\\\/projeto-de-ambientes-integrados-como-criar-espacos-funcionais-e-acolhedores\\\/#primaryimage\",\"url\":\"https:\\\/\\\/bonsaiarquitetura.com.br\\\/wp-content\\\/uploads\\\/2025\\\/11\\\/apartamento-sao-paulo-ambientes-integrados-ilha-consultoria-online-remoto-bonsai-arquitetura-interiores-e1762465491923.webp\",\"contentUrl\":\"https:\\\/\\\/bonsaiarquitetura.com.br\\\/wp-content\\\/uploads\\\/2025\\\/11\\\/apartamento-sao-paulo-ambientes-integrados-ilha-consultoria-online-remoto-bonsai-arquitetura-interiores-e1762465491923.webp\",\"width\":700,\"height\":700,\"caption\":\"Projeto de ambientes integrados de um apartamento em S\u00e3o Paulo\"},{\"@type\":\"BreadcrumbList\",\"@id\":\"https:\\\/\\\/bonsaiarquitetura.com.br\\\/projeto-de-ambientes-integrados-como-criar-espacos-funcionais-e-acolhedores\\\/#breadcrumb\",\"itemListElement\":[{\"@type\":\"ListItem\",\"position\":1,\"name\":\"In\u00edcio\",\"item\":\"https:\\\/\\\/bonsaiarquitetura.com.br\\\/\"},{\"@type\":\"ListItem\",\"position\":2,\"name\":\"Apartamento com ambientes integrados: eleg\u00e2ncia e fluidez em cada detalhe\"}]},{\"@type\":\"WebSite\",\"@id\":\"https:\\\/\\\/bonsaiarquitetura.com.br\\\/#website\",\"url\":\"https:\\\/\\\/bonsaiarquitetura.com.br\\\/\",\"name\":\"Bonsai Arquitetura e Interiores\",\"description\":\"Projeto e Consultoria Online para Espa\u00e7os Compactos\",\"potentialAction\":[{\"@type\":\"SearchAction\",\"target\":{\"@type\":\"EntryPoint\",\"urlTemplate\":\"https:\\\/\\\/bonsaiarquitetura.com.br\\\/?s={search_term_string}\"},\"query-input\":{\"@type\":\"PropertyValueSpecification\",\"valueRequired\":true,\"valueName\":\"search_term_string\"}}],\"inLanguage\":\"en-US\"},{\"@type\":\"Person\",\"@id\":\"https:\\\/\\\/bonsaiarquitetura.com.br\\\/#\\\/schema\\\/person\\\/465bc7eea8e418533eb25b8c9d03318a\",\"name\":\"Bonsai Arquitetura\",\"image\":{\"@type\":\"ImageObject\",\"inLanguage\":\"en-US\",\"@id\":\"https:\\\/\\\/secure.gravatar.com\\\/avatar\\\/1ddc926a66842c2b02b2afab2acc7220bb5730ce9cd0c9eb3e91f57f140ebdab?s=96&d=mm&r=g\",\"url\":\"https:\\\/\\\/secure.gravatar.com\\\/avatar\\\/1ddc926a66842c2b02b2afab2acc7220bb5730ce9cd0c9eb3e91f57f140ebdab?s=96&d=mm&r=g\",\"contentUrl\":\"https:\\\/\\\/secure.gravatar.com\\\/avatar\\\/1ddc926a66842c2b02b2afab2acc7220bb5730ce9cd0c9eb3e91f57f140ebdab?s=96&d=mm&r=g\",\"caption\":\"Bonsai Arquitetura\"},\"sameAs\":[\"https:\\\/\\\/bonsaiarquitetura.com.br\"],\"url\":\"https:\\\/\\\/bonsaiarquitetura.com.br\\\/en\\\/author\\\/bonsai\\\/\"}]}<\/script>\n<!-- \/ Yoast SEO plugin. -->","yoast_head_json":{"title":"Projeto de ambientes integrados de um apartamento em S\u00e3o Paulo","description":"Veja como projetamos esse os ambientes integrados e funcionais desse apartamento em S\u00e3o Paulo cheios de personalidade.","robots":{"index":"index","follow":"follow","max-snippet":"max-snippet:-1","max-image-preview":"max-image-preview:large","max-video-preview":"max-video-preview:-1"},"canonical":"https:\/\/bonsaiarquitetura.com.br\/en\/projeto-de-ambientes-integrados-como-criar-espacos-funcionais-e-acolhedores\/","og_locale":"en_US","og_type":"article","og_title":"Projeto de ambientes integrados de um apartamento em S\u00e3o Paulo","og_description":"Veja como projetamos esse os ambientes integrados e funcionais desse apartamento em S\u00e3o Paulo cheios de personalidade.","og_url":"https:\/\/bonsaiarquitetura.com.br\/en\/projeto-de-ambientes-integrados-como-criar-espacos-funcionais-e-acolhedores\/","og_site_name":"Bonsai Arquitetura e Interiores","article_published_time":"2025-11-05T22:55:05+00:00","article_modified_time":"2025-11-13T23:35:10+00:00","og_image":[{"width":700,"height":700,"url":"https:\/\/bonsaiarquitetura.com.br\/wp-content\/uploads\/2025\/11\/apartamento-sao-paulo-ambientes-integrados-ilha-consultoria-online-remoto-bonsai-arquitetura-interiores-e1762465491923.webp","type":"image\/webp"}],"author":"Bonsai Arquitetura","twitter_card":"summary_large_image","twitter_misc":{"Written by":"Bonsai Arquitetura","Est. reading time":"10 minutes"},"schema":{"@context":"https:\/\/schema.org","@graph":[{"@type":"Article","@id":"https:\/\/bonsaiarquitetura.com.br\/projeto-de-ambientes-integrados-como-criar-espacos-funcionais-e-acolhedores\/#article","isPartOf":{"@id":"https:\/\/bonsaiarquitetura.com.br\/projeto-de-ambientes-integrados-como-criar-espacos-funcionais-e-acolhedores\/"},"author":{"name":"Bonsai Arquitetura","@id":"https:\/\/bonsaiarquitetura.com.br\/#\/schema\/person\/465bc7eea8e418533eb25b8c9d03318a"},"headline":"Apartamento com ambientes integrados: eleg\u00e2ncia e fluidez em cada detalhe","datePublished":"2025-11-05T22:55:05+00:00","dateModified":"2025-11-13T23:35:10+00:00","mainEntityOfPage":{"@id":"https:\/\/bonsaiarquitetura.com.br\/projeto-de-ambientes-integrados-como-criar-espacos-funcionais-e-acolhedores\/"},"wordCount":956,"image":{"@id":"https:\/\/bonsaiarquitetura.com.br\/projeto-de-ambientes-integrados-como-criar-espacos-funcionais-e-acolhedores\/#primaryimage"},"thumbnailUrl":"https:\/\/bonsaiarquitetura.com.br\/wp-content\/uploads\/2025\/11\/apartamento-sao-paulo-ambientes-integrados-ilha-consultoria-online-remoto-bonsai-arquitetura-interiores-e1762465491923.webp","keywords":["amplitude visual","bem-estar","conforto","design inteligente","harmonia no espa\u00e7o","luz natural","multifuncionalidade","organiza\u00e7\u00e3o da casa","rotina leve"],"articleSection":["Projetos Bonsai"],"inLanguage":"en-US"},{"@type":"WebPage","@id":"https:\/\/bonsaiarquitetura.com.br\/projeto-de-ambientes-integrados-como-criar-espacos-funcionais-e-acolhedores\/","url":"https:\/\/bonsaiarquitetura.com.br\/projeto-de-ambientes-integrados-como-criar-espacos-funcionais-e-acolhedores\/","name":"Projeto de ambientes integrados de um apartamento em S\u00e3o Paulo","isPartOf":{"@id":"https:\/\/bonsaiarquitetura.com.br\/#website"},"primaryImageOfPage":{"@id":"https:\/\/bonsaiarquitetura.com.br\/projeto-de-ambientes-integrados-como-criar-espacos-funcionais-e-acolhedores\/#primaryimage"},"image":{"@id":"https:\/\/bonsaiarquitetura.com.br\/projeto-de-ambientes-integrados-como-criar-espacos-funcionais-e-acolhedores\/#primaryimage"},"thumbnailUrl":"https:\/\/bonsaiarquitetura.com.br\/wp-content\/uploads\/2025\/11\/apartamento-sao-paulo-ambientes-integrados-ilha-consultoria-online-remoto-bonsai-arquitetura-interiores-e1762465491923.webp","datePublished":"2025-11-05T22:55:05+00:00","dateModified":"2025-11-13T23:35:10+00:00","author":{"@id":"https:\/\/bonsaiarquitetura.com.br\/#\/schema\/person\/465bc7eea8e418533eb25b8c9d03318a"},"description":"Veja como projetamos esse os ambientes integrados e funcionais desse apartamento em S\u00e3o Paulo cheios de personalidade.","breadcrumb":{"@id":"https:\/\/bonsaiarquitetura.com.br\/projeto-de-ambientes-integrados-como-criar-espacos-funcionais-e-acolhedores\/#breadcrumb"},"inLanguage":"en-US","potentialAction":[{"@type":"ReadAction","target":["https:\/\/bonsaiarquitetura.com.br\/projeto-de-ambientes-integrados-como-criar-espacos-funcionais-e-acolhedores\/"]}]},{"@type":"ImageObject","inLanguage":"en-US","@id":"https:\/\/bonsaiarquitetura.com.br\/projeto-de-ambientes-integrados-como-criar-espacos-funcionais-e-acolhedores\/#primaryimage","url":"https:\/\/bonsaiarquitetura.com.br\/wp-content\/uploads\/2025\/11\/apartamento-sao-paulo-ambientes-integrados-ilha-consultoria-online-remoto-bonsai-arquitetura-interiores-e1762465491923.webp","contentUrl":"https:\/\/bonsaiarquitetura.com.br\/wp-content\/uploads\/2025\/11\/apartamento-sao-paulo-ambientes-integrados-ilha-consultoria-online-remoto-bonsai-arquitetura-interiores-e1762465491923.webp","width":700,"height":700,"caption":"Projeto de ambientes integrados de um apartamento em S\u00e3o Paulo"},{"@type":"BreadcrumbList","@id":"https:\/\/bonsaiarquitetura.com.br\/projeto-de-ambientes-integrados-como-criar-espacos-funcionais-e-acolhedores\/#breadcrumb","itemListElement":[{"@type":"ListItem","position":1,"name":"In\u00edcio","item":"https:\/\/bonsaiarquitetura.com.br\/"},{"@type":"ListItem","position":2,"name":"Apartamento com ambientes integrados: eleg\u00e2ncia e fluidez em cada detalhe"}]},{"@type":"WebSite","@id":"https:\/\/bonsaiarquitetura.com.br\/#website","url":"https:\/\/bonsaiarquitetura.com.br\/","name":"Bonsai Architecture and Interiors","description":"Projeto e Consultoria Online para Espa\u00e7os Compactos","potentialAction":[{"@type":"SearchAction","target":{"@type":"EntryPoint","urlTemplate":"https:\/\/bonsaiarquitetura.com.br\/?s={search_term_string}"},"query-input":{"@type":"PropertyValueSpecification","valueRequired":true,"valueName":"search_term_string"}}],"inLanguage":"en-US"},{"@type":"Person","@id":"https:\/\/bonsaiarquitetura.com.br\/#\/schema\/person\/465bc7eea8e418533eb25b8c9d03318a","name":"Bonsai Architecture","image":{"@type":"ImageObject","inLanguage":"en-US","@id":"https:\/\/secure.gravatar.com\/avatar\/1ddc926a66842c2b02b2afab2acc7220bb5730ce9cd0c9eb3e91f57f140ebdab?s=96&d=mm&r=g","url":"https:\/\/secure.gravatar.com\/avatar\/1ddc926a66842c2b02b2afab2acc7220bb5730ce9cd0c9eb3e91f57f140ebdab?s=96&d=mm&r=g","contentUrl":"https:\/\/secure.gravatar.com\/avatar\/1ddc926a66842c2b02b2afab2acc7220bb5730ce9cd0c9eb3e91f57f140ebdab?s=96&d=mm&r=g","caption":"Bonsai Arquitetura"},"sameAs":["https:\/\/bonsaiarquitetura.com.br"],"url":"https:\/\/bonsaiarquitetura.com.br\/en\/author\/bonsai\/"}]}},"_links":{"self":[{"href":"https:\/\/bonsaiarquitetura.com.br\/en\/wp-json\/wp\/v2\/posts\/375","targetHints":{"allow":["GET"]}}],"collection":[{"href":"https:\/\/bonsaiarquitetura.com.br\/en\/wp-json\/wp\/v2\/posts"}],"about":[{"href":"https:\/\/bonsaiarquitetura.com.br\/en\/wp-json\/wp\/v2\/types\/post"}],"author":[{"embeddable":true,"href":"https:\/\/bonsaiarquitetura.com.br\/en\/wp-json\/wp\/v2\/users\/1"}],"replies":[{"embeddable":true,"href":"https:\/\/bonsaiarquitetura.com.br\/en\/wp-json\/wp\/v2\/comments?post=375"}],"version-history":[{"count":9,"href":"https:\/\/bonsaiarquitetura.com.br\/en\/wp-json\/wp\/v2\/posts\/375\/revisions"}],"predecessor-version":[{"id":1110,"href":"https:\/\/bonsaiarquitetura.com.br\/en\/wp-json\/wp\/v2\/posts\/375\/revisions\/1110"}],"wp:featuredmedia":[{"embeddable":true,"href":"https:\/\/bonsaiarquitetura.com.br\/en\/wp-json\/wp\/v2\/media\/464"}],"wp:attachment":[{"href":"https:\/\/bonsaiarquitetura.com.br\/en\/wp-json\/wp\/v2\/media?parent=375"}],"wp:term":[{"taxonomy":"category","embeddable":true,"href":"https:\/\/bonsaiarquitetura.com.br\/en\/wp-json\/wp\/v2\/categories?post=375"},{"taxonomy":"post_tag","embeddable":true,"href":"https:\/\/bonsaiarquitetura.com.br\/en\/wp-json\/wp\/v2\/tags?post=375"}],"curies":[{"name":"wp","href":"https:\/\/api.w.org\/{rel}","templated":true}]}}